{"id":14901,"date":"2019-02-09T12:03:48","date_gmt":"2019-02-09T09:03:48","guid":{"rendered":"http:\/\/www.tvturk.com\/index.php\/cizreden-dunya-modasina-basarili-imza\/"},"modified":"2019-02-09T12:03:53","modified_gmt":"2019-02-09T09:03:53","slug":"cizreden-dunya-modasina-basarili-imza","status":"publish","type":"post","link":"http:\/\/www.tvturk.com\/index.php\/cizreden-dunya-modasina-basarili-imza\/","title":{"rendered":"Cizre\u2019den d\u00fcnya modas\u0131na ba\u015far\u0131l\u0131 imza"},"content":{"rendered":"<p>Cizreli gen\u00e7 modac\u0131 Mehmet Sait Dalm\u0131\u015f Anadolu motiflerini d\u00fcnya modas\u0131na ta\u015f\u0131yor.<\/p>\n<p>Cizreli gen\u00e7 modac\u0131 Mehmet Sait Dalm\u0131\u015f\u2019\u0131n hedefi Anadolu motiflerini d\u00fcnyaya moda yoluyla tan\u0131tmak. Anadolu\u2019nun zengin k\u00fclt\u00fcrel ve tarihi miras\u0131ndan esinlenen ve yetene\u011fiyle dikkat \u00e7eken Dalm\u0131\u015f, d\u00fcnyada tan\u0131nm\u0131\u015f bir\u00e7ok ismi giydiriyor. Daha \u00e7ocukken moda ve giyim sekt\u00f6r\u00fcyle tan\u0131\u015fan Dalm\u0131\u015f, moda tutkusunun babas\u0131n\u0131n d\u00f6rt y\u0131l u\u011fra\u015ft\u0131\u011f\u0131 tekstil ve giyim i\u015fiyle ba\u015flad\u0131\u011f\u0131n\u0131 anlatt\u0131. Ortaokul ve lise y\u0131llar\u0131ndan itibaren giyimine, k\u0131yafetlerindeki uyuma dikkat etti\u011fini s\u00f6yleyen Dalm\u0131\u015f o y\u0131llarda da renkli ve farkl\u0131 giyindi\u011fini, zira babas\u0131n\u0131n manifatura d\u00fckkan\u0131ndaki rengarenk kuma\u015flardan etkilendi\u011fini belirtti. Okul y\u0131llar\u0131nda k\u0131yafet tasar\u0131mlar\u0131n\u0131 okul kitaplar\u0131na \u00e7izdi\u011fini, oyuncaklarla \u00e7ok ilgilenmedi\u011fini ifade eden Dalm\u0131\u015f her an k\u0131yafetlerindeki renk uyumuna dikkat etti\u011fini a\u00e7\u0131klad\u0131. Dalm\u0131\u015f, 2017 y\u0131l\u0131nda Makedonya Avrupa \u00dcniversitesi Hukuk Fak\u00fcltesinden mezun oldu\u011funu ve ayr\u0131ca Kosova \u0130lliria Kraliyet \u00dcniversitesinde de ceza hukuku alan\u0131nda y\u00fcksek lisans yapt\u0131\u011f\u0131n\u0131 s\u00f6yledi. \u00dclkemizde yerli modac\u0131lar\u0131n artmas\u0131ndan gurur duydu\u011funu s\u00f6yleyen Dalm\u0131\u015f, &#8220;Mezopotamya motiflerini modernize edip k\u00fclt\u00fcr\u00fcm\u00fcz\u00fcn zenginli\u011finden faydalanarak moda tasar\u0131m\u0131nda hem k\u00f6kl\u00fc hem de yenilik\u00e7i bir ak\u0131m olu\u015fturmak istiyorum. Tasarlad\u0131\u011f\u0131m k\u0131yafetlerde esteti\u011fin yan\u0131 s\u0131ra \u2019kullan\u0131\u015fl\u0131l\u0131\u011fa\u2019 da \u00e7ok \u00f6nem veriyorum. T\u00fcrkiye\u2019nin, d\u00fcnyan\u0131n tekstil merkezi olmas\u0131n\u0131n yan\u0131nda d\u00fcnya moda merkezi olmas\u0131 i\u00e7in de \u00e7al\u0131\u015fmam\u0131z gerekti\u011fini d\u00fc\u015f\u00fcn\u00fcyorum. Haz\u0131r giyim sekt\u00f6r\u00fcn\u00fcn ekonomiye katk\u0131l\u0131 olabilmesi i\u00e7in moda tasar\u0131mc\u0131lar\u0131n\u0131n devlet destekli defileler, sergiler d\u00fczenlemesi gerek. B\u00fcy\u00fck organizasyonlar\u0131n yan\u0131 s\u0131ra yerel belediyelerin moda etkinlikleri d\u00fczenlemesi sekt\u00f6r\u00fcn geli\u015fimine b\u00fcy\u00fck katk\u0131lar sa\u011fl\u0131yor&#8221; dedi.<\/p>\n<p>Dalm\u0131\u015f, hedefinin T\u00fcrkiye\u2019de ve d\u00fcnyada haz\u0131r giyim ve moda end\u00fcstrilerinde tan\u0131nm\u0131\u015f bir marka haline gelmek oldu\u011funu ifade ederek, \u00f6zg\u00fcn moda tasar\u0131mlar\u0131n\u0131 herkesin eri\u015febilece\u011fi fiyatlarla sunmak ve modaya yenilik\u00e7i bir noktadan katk\u0131da bulunmak arzusunda oldu\u011funu s\u00f6yledi. Kariyerinde bir\u00e7ok \u00f6d\u00fcle lay\u0131k g\u00f6r\u00fclen Dalm\u0131\u015f, son iki y\u0131ld\u0131r \u00fcnl\u00fc oyuncular\u0131, \u0130ngiliz ve \u0130talyan modelleri giydirdi\u011fini dile getirdi. Dalm\u0131\u015f, ayr\u0131ca moda alan\u0131nda Kalite ve \u0130\u015f Prestiji Avrupa Alt\u0131n \u00d6d\u00fcl\u00fcn\u00fc de alarak markas\u0131n\u0131 d\u00fcnya genelinde bir kez daha tescilledi\u011fini kaydetti.<\/p>\n<p>Tasar\u0131mlar\u0131nda ger\u00e7ek\u00fcst\u00fc yakla\u015f\u0131mlar sergileyen Dalm\u0131\u015f, ki\u015fiye \u00f6zel k\u0131yafetler tasarlarken bedensel baz\u0131 kusurlar\u0131 dikkate alarak, etkileyici sonu\u00e7lara ula\u015ft\u0131\u011f\u0131n\u0131, b\u00f6ylece her bedenin g\u00fc\u00e7l\u00fc ve g\u00f6z al\u0131c\u0131 taraf\u0131n\u0131 \u00f6ne \u00e7\u0131karmay\u0131 ba\u015fard\u0131\u011f\u0131n\u0131 dile getirdi. Dalm\u0131\u015f, &#8220;T\u00fcrkiye tekstil ba\u015fkenti fakat moda ba\u015fkenti de\u011fildir. D\u00fcnyada tekstilde iki piyasa var. T\u00fcrkiye ve \u00c7in piyasas\u0131. T\u00fcrkiye\u2019yi moda ba\u015fkenti yapmak istiyorum. \u00dclkemize moda alan\u0131nda milli, yerli marka baz\u0131nda bir yer edindirmek \u00e7abas\u0131nda olup T\u00fcrk bayra\u011f\u0131n\u0131 \u00fcnl\u00fc markalar\u0131n aras\u0131nda dalgaland\u0131rmak istiyorum&#8221; diye konu\u015ftu.<div class=\"tiled-gallery type-rectangular tiled-gallery-unresized\" data-original-width=\"500\" data-carousel-extra='null' itemscope itemtype=\"http:\/\/schema.org\/ImageGallery\" > <div class=\"gallery-row\" style=\"width: 500px; height: 246px;\" data-original-width=\"500\" data-original-height=\"246\" > <div class=\"gallery-group images-1\" style=\"width: 329px; height: 246px;\" data-original-width=\"329\" data-original-height=\"246\" > <div class=\"tiled-gallery-item tiled-gallery-item-large\" itemprop=\"associatedMedia\" itemscope itemtype=\"http:\/\/schema.org\/ImageObject\"> <a href=\"http:\/\/www.tvturk.com\/index.php\/cizreden-dunya-modasina-basarili-imza\/cizreden-dunya-modasina-basarili-imza-3\/\" border=\"0\" itemprop=\"url\"> <meta itemprop=\"width\" content=\"325\"> <meta itemprop=\"height\" content=\"242\"> <img decoding=\"async\" class=\"\" data-attachment-id=\"14903\" data-orig-file=\"http:\/\/www.tvturk.com\/wp-content\/uploads\/2019\/02\/cizreden-dunya-modasina-basarili-imza_a3b884f.jpg\" data-orig-size=\"1000,744\" data-comments-opened=\"\" data-image-meta=\"{&quot;aperture&quot;:&quot;0&quot;,&quot;credit&quot;:&quot;IHA&quot;,&quot;camera&quot;:&quot;&quot;,&quot;caption&quot;:&quot;C\\u0130ZREL\\u0130 GEN\\u00c7 MODACI MEHMET SA\\u0130T DALMI\\u015e ANADOLU MOT\\u0130FLER\\u0130N\\u0130 D\\u00dcNYA MODASINA TA\\u015eIYOR. (AB\\u0130D\\u0130N YEL\\\/\\u015eIRNAK-\\u0130HA)&quot;,&quot;created_timestamp&quot;:&quot;0&quot;,&quot;copyright&quot;:&quot;\\u0130HLAS HABER AJANSI, www.iha.com.tr&quot;,&quot;focal_length&quot;:&quot;0&quot;,&quot;iso&quot;:&quot;0&quot;,&quot;shutter_speed&quot;:&quot;0&quot;,&quot;title&quot;:&quot;C\\u0130ZRE\\u2019DEN D\\u00dcNYA MODASINA BA\\u015eARILI \\u0130MZA&quot;,&quot;orientation&quot;:&quot;0&quot;}\" data-image-title=\"Cizre\u2019den d\u00fcnya modas\u0131na ba\u015far\u0131l\u0131 imza\" data-image-description=\"&lt;p&gt;Cizre\u2019den d\u00fcnya modas\u0131na ba\u015far\u0131l\u0131 imza&lt;\/p&gt; \" data-medium-file=\"https:\/\/i0.wp.com\/www.tvturk.com\/wp-content\/uploads\/2019\/02\/cizreden-dunya-modasina-basarili-imza_a3b884f.jpg?fit=300%2C223\" data-large-file=\"https:\/\/i0.wp.com\/www.tvturk.com\/wp-content\/uploads\/2019\/02\/cizreden-dunya-modasina-basarili-imza_a3b884f.jpg?fit=1000%2C744\" src=\"https:\/\/i0.wp.com\/www.tvturk.com\/wp-content\/uploads\/2019\/02\/cizreden-dunya-modasina-basarili-imza_a3b884f.jpg?w=325&#038;h=242\" srcset=\"https:\/\/i0.wp.com\/www.tvturk.com\/wp-content\/uploads\/2019\/02\/cizreden-dunya-modasina-basarili-imza_a3b884f.jpg?w=1000 1000w, https:\/\/i0.wp.com\/www.tvturk.com\/wp-content\/uploads\/2019\/02\/cizreden-dunya-modasina-basarili-imza_a3b884f.jpg?resize=150%2C112 150w, https:\/\/i0.wp.com\/www.tvturk.com\/wp-content\/uploads\/2019\/02\/cizreden-dunya-modasina-basarili-imza_a3b884f.jpg?resize=300%2C223 300w, https:\/\/i0.wp.com\/www.tvturk.com\/wp-content\/uploads\/2019\/02\/cizreden-dunya-modasina-basarili-imza_a3b884f.jpg?resize=768%2C571 768w\" width=\"325\" height=\"242\" loading=\"lazy\" data-original-width=\"325\" data-original-height=\"242\" itemprop=\"http:\/\/schema.org\/image\" title=\"Cizre\u2019den d\u00fcnya modas\u0131na ba\u015far\u0131l\u0131 imza\" alt=\"Cizre\u2019den d\u00fcnya modas\u0131na ba\u015far\u0131l\u0131 imza\" style=\"width: 325px; height: 242px;\" \/> <\/a> <\/div> <\/div> <!-- close group --> <div class=\"gallery-group images-2\" style=\"width: 171px; height: 246px;\" data-original-width=\"171\" data-original-height=\"246\" > <div class=\"tiled-gallery-item tiled-gallery-item-small\" itemprop=\"associatedMedia\" itemscope itemtype=\"http:\/\/schema.org\/ImageObject\"> <a href=\"http:\/\/www.tvturk.com\/index.php\/cizreden-dunya-modasina-basarili-imza\/cizreden-dunya-modasina-basarili-imza-4\/\" border=\"0\" itemprop=\"url\"> <meta itemprop=\"width\" content=\"167\"> <meta itemprop=\"height\" content=\"113\"> <img decoding=\"async\" class=\"\" data-attachment-id=\"14904\" data-orig-file=\"http:\/\/www.tvturk.com\/wp-content\/uploads\/2019\/02\/cizreden-dunya-modasina-basarili-imza_9677a59.jpg\" data-orig-size=\"1000,672\" data-comments-opened=\"\" data-image-meta=\"{&quot;aperture&quot;:&quot;0&quot;,&quot;credit&quot;:&quot;IHA&quot;,&quot;camera&quot;:&quot;&quot;,&quot;caption&quot;:&quot;C\\u0130ZREL\\u0130 GEN\\u00c7 MODACI MEHMET SA\\u0130T DALMI\\u015e ANADOLU MOT\\u0130FLER\\u0130N\\u0130 D\\u00dcNYA MODASINA TA\\u015eIYOR. (AB\\u0130D\\u0130N YEL\\\/\\u015eIRNAK-\\u0130HA)&quot;,&quot;created_timestamp&quot;:&quot;0&quot;,&quot;copyright&quot;:&quot;\\u0130HLAS HABER AJANSI, www.iha.com.tr&quot;,&quot;focal_length&quot;:&quot;0&quot;,&quot;iso&quot;:&quot;0&quot;,&quot;shutter_speed&quot;:&quot;0&quot;,&quot;title&quot;:&quot;C\\u0130ZRE\\u2019DEN D\\u00dcNYA MODASINA BA\\u015eARILI \\u0130MZA&quot;,&quot;orientation&quot;:&quot;0&quot;}\" data-image-title=\"Cizre\u2019den d\u00fcnya modas\u0131na ba\u015far\u0131l\u0131 imza\" data-image-description=\"&lt;p&gt;Cizre\u2019den d\u00fcnya modas\u0131na ba\u015far\u0131l\u0131 imza&lt;\/p&gt; \" data-medium-file=\"https:\/\/i0.wp.com\/www.tvturk.com\/wp-content\/uploads\/2019\/02\/cizreden-dunya-modasina-basarili-imza_9677a59.jpg?fit=300%2C202\" data-large-file=\"https:\/\/i0.wp.com\/www.tvturk.com\/wp-content\/uploads\/2019\/02\/cizreden-dunya-modasina-basarili-imza_9677a59.jpg?fit=1000%2C672\" src=\"https:\/\/i0.wp.com\/www.tvturk.com\/wp-content\/uploads\/2019\/02\/cizreden-dunya-modasina-basarili-imza_9677a59.jpg?w=167&#038;h=113\" srcset=\"https:\/\/i0.wp.com\/www.tvturk.com\/wp-content\/uploads\/2019\/02\/cizreden-dunya-modasina-basarili-imza_9677a59.jpg?w=1000 1000w, https:\/\/i0.wp.com\/www.tvturk.com\/wp-content\/uploads\/2019\/02\/cizreden-dunya-modasina-basarili-imza_9677a59.jpg?resize=150%2C101 150w, https:\/\/i0.wp.com\/www.tvturk.com\/wp-content\/uploads\/2019\/02\/cizreden-dunya-modasina-basarili-imza_9677a59.jpg?resize=300%2C202 300w, https:\/\/i0.wp.com\/www.tvturk.com\/wp-content\/uploads\/2019\/02\/cizreden-dunya-modasina-basarili-imza_9677a59.jpg?resize=768%2C516 768w, https:\/\/i0.wp.com\/www.tvturk.com\/wp-content\/uploads\/2019\/02\/cizreden-dunya-modasina-basarili-imza_9677a59.jpg?resize=120%2C80 120w, https:\/\/i0.wp.com\/www.tvturk.com\/wp-content\/uploads\/2019\/02\/cizreden-dunya-modasina-basarili-imza_9677a59.jpg?resize=80%2C55 80w\" width=\"167\" height=\"113\" loading=\"lazy\" data-original-width=\"167\" data-original-height=\"113\" itemprop=\"http:\/\/schema.org\/image\" title=\"Cizre\u2019den d\u00fcnya modas\u0131na ba\u015far\u0131l\u0131 imza\" alt=\"Cizre\u2019den d\u00fcnya modas\u0131na ba\u015far\u0131l\u0131 imza\" style=\"width: 167px; height: 113px;\" \/> <\/a> <\/div> <div class=\"tiled-gallery-item tiled-gallery-item-small\" itemprop=\"associatedMedia\" itemscope itemtype=\"http:\/\/schema.org\/ImageObject\"> <a href=\"http:\/\/www.tvturk.com\/index.php\/cizreden-dunya-modasina-basarili-imza\/cizreden-dunya-modasina-basarili-imza-5\/\" border=\"0\" itemprop=\"url\"> <meta itemprop=\"width\" content=\"167\"> <meta itemprop=\"height\" content=\"125\"> <img decoding=\"async\" class=\"\" data-attachment-id=\"14905\" data-orig-file=\"http:\/\/www.tvturk.com\/wp-content\/uploads\/2019\/02\/cizreden-dunya-modasina-basarili-imza_0cee5b0.jpg\" data-orig-size=\"1000,748\" data-comments-opened=\"\" data-image-meta=\"{&quot;aperture&quot;:&quot;0&quot;,&quot;credit&quot;:&quot;IHA&quot;,&quot;camera&quot;:&quot;&quot;,&quot;caption&quot;:&quot;C\\u0130ZREL\\u0130 GEN\\u00c7 MODACI MEHMET SA\\u0130T DALMI\\u015e ANADOLU MOT\\u0130FLER\\u0130N\\u0130 D\\u00dcNYA MODASINA TA\\u015eIYOR. (AB\\u0130D\\u0130N YEL\\\/\\u015eIRNAK-\\u0130HA)&quot;,&quot;created_timestamp&quot;:&quot;0&quot;,&quot;copyright&quot;:&quot;\\u0130HLAS HABER AJANSI, www.iha.com.tr&quot;,&quot;focal_length&quot;:&quot;0&quot;,&quot;iso&quot;:&quot;0&quot;,&quot;shutter_speed&quot;:&quot;0&quot;,&quot;title&quot;:&quot;C\\u0130ZRE\\u2019DEN D\\u00dcNYA MODASINA BA\\u015eARILI \\u0130MZA&quot;,&quot;orientation&quot;:&quot;0&quot;}\" data-image-title=\"Cizre\u2019den d\u00fcnya modas\u0131na ba\u015far\u0131l\u0131 imza\" data-image-description=\"&lt;p&gt;Cizre\u2019den d\u00fcnya modas\u0131na ba\u015far\u0131l\u0131 imza&lt;\/p&gt; \" data-medium-file=\"https:\/\/i0.wp.com\/www.tvturk.com\/wp-content\/uploads\/2019\/02\/cizreden-dunya-modasina-basarili-imza_0cee5b0.jpg?fit=300%2C224\" data-large-file=\"https:\/\/i0.wp.com\/www.tvturk.com\/wp-content\/uploads\/2019\/02\/cizreden-dunya-modasina-basarili-imza_0cee5b0.jpg?fit=1000%2C748\" src=\"https:\/\/i0.wp.com\/www.tvturk.com\/wp-content\/uploads\/2019\/02\/cizreden-dunya-modasina-basarili-imza_0cee5b0.jpg?w=167&#038;h=125\" srcset=\"https:\/\/i0.wp.com\/www.tvturk.com\/wp-content\/uploads\/2019\/02\/cizreden-dunya-modasina-basarili-imza_0cee5b0.jpg?w=1000 1000w, https:\/\/i0.wp.com\/www.tvturk.com\/wp-content\/uploads\/2019\/02\/cizreden-dunya-modasina-basarili-imza_0cee5b0.jpg?resize=150%2C112 150w, https:\/\/i0.wp.com\/www.tvturk.com\/wp-content\/uploads\/2019\/02\/cizreden-dunya-modasina-basarili-imza_0cee5b0.jpg?resize=300%2C224 300w, https:\/\/i0.wp.com\/www.tvturk.com\/wp-content\/uploads\/2019\/02\/cizreden-dunya-modasina-basarili-imza_0cee5b0.jpg?resize=768%2C574 768w\" width=\"167\" height=\"125\" loading=\"lazy\" data-original-width=\"167\" data-original-height=\"125\" itemprop=\"http:\/\/schema.org\/image\" title=\"Cizre\u2019den d\u00fcnya modas\u0131na ba\u015far\u0131l\u0131 imza\" alt=\"Cizre\u2019den d\u00fcnya modas\u0131na ba\u015far\u0131l\u0131 imza\" style=\"width: 167px; height: 125px;\" \/> <\/a> <\/div> <\/div> <!-- close group --> <\/div> <!-- close row --> <div class=\"gallery-row\" style=\"width: 500px; height: 293px;\" data-original-width=\"500\" data-original-height=\"293\" > <div class=\"gallery-group images-2\" style=\"width: 207px; height: 293px;\" data-original-width=\"207\" data-original-height=\"293\" > <div class=\"tiled-gallery-item tiled-gallery-item-small\" itemprop=\"associatedMedia\" itemscope itemtype=\"http:\/\/schema.org\/ImageObject\"> <a href=\"http:\/\/www.tvturk.com\/index.php\/cizreden-dunya-modasina-basarili-imza\/cizreden-dunya-modasina-basarili-imza-6\/\" border=\"0\" itemprop=\"url\"> <meta itemprop=\"width\" content=\"203\"> <meta itemprop=\"height\" content=\"140\"> <img decoding=\"async\" class=\"\" data-attachment-id=\"14906\" data-orig-file=\"http:\/\/www.tvturk.com\/wp-content\/uploads\/2019\/02\/cizreden-dunya-modasina-basarili-imza_655c3fc.jpg\" data-orig-size=\"1000,688\" data-comments-opened=\"\" data-image-meta=\"{&quot;aperture&quot;:&quot;0&quot;,&quot;credit&quot;:&quot;IHA&quot;,&quot;camera&quot;:&quot;&quot;,&quot;caption&quot;:&quot;C\\u0130ZREL\\u0130 GEN\\u00c7 MODACI MEHMET SA\\u0130T DALMI\\u015e ANADOLU MOT\\u0130FLER\\u0130N\\u0130 D\\u00dcNYA MODASINA TA\\u015eIYOR. (AB\\u0130D\\u0130N YEL\\\/\\u015eIRNAK-\\u0130HA)&quot;,&quot;created_timestamp&quot;:&quot;0&quot;,&quot;copyright&quot;:&quot;\\u0130HLAS HABER AJANSI, www.iha.com.tr&quot;,&quot;focal_length&quot;:&quot;0&quot;,&quot;iso&quot;:&quot;0&quot;,&quot;shutter_speed&quot;:&quot;0&quot;,&quot;title&quot;:&quot;C\\u0130ZRE\\u2019DEN D\\u00dcNYA MODASINA BA\\u015eARILI \\u0130MZA&quot;,&quot;orientation&quot;:&quot;0&quot;}\" data-image-title=\"Cizre\u2019den d\u00fcnya modas\u0131na ba\u015far\u0131l\u0131 imza\" data-image-description=\"&lt;p&gt;Cizre\u2019den d\u00fcnya modas\u0131na ba\u015far\u0131l\u0131 imza&lt;\/p&gt; \" data-medium-file=\"https:\/\/i0.wp.com\/www.tvturk.com\/wp-content\/uploads\/2019\/02\/cizreden-dunya-modasina-basarili-imza_655c3fc.jpg?fit=300%2C206\" data-large-file=\"https:\/\/i0.wp.com\/www.tvturk.com\/wp-content\/uploads\/2019\/02\/cizreden-dunya-modasina-basarili-imza_655c3fc.jpg?fit=1000%2C688\" src=\"https:\/\/i0.wp.com\/www.tvturk.com\/wp-content\/uploads\/2019\/02\/cizreden-dunya-modasina-basarili-imza_655c3fc.jpg?w=203&#038;h=140\" srcset=\"https:\/\/i0.wp.com\/www.tvturk.com\/wp-content\/uploads\/2019\/02\/cizreden-dunya-modasina-basarili-imza_655c3fc.jpg?w=1000 1000w, https:\/\/i0.wp.com\/www.tvturk.com\/wp-content\/uploads\/2019\/02\/cizreden-dunya-modasina-basarili-imza_655c3fc.jpg?resize=150%2C103 150w, https:\/\/i0.wp.com\/www.tvturk.com\/wp-content\/uploads\/2019\/02\/cizreden-dunya-modasina-basarili-imza_655c3fc.jpg?resize=300%2C206 300w, https:\/\/i0.wp.com\/www.tvturk.com\/wp-content\/uploads\/2019\/02\/cizreden-dunya-modasina-basarili-imza_655c3fc.jpg?resize=768%2C528 768w, https:\/\/i0.wp.com\/www.tvturk.com\/wp-content\/uploads\/2019\/02\/cizreden-dunya-modasina-basarili-imza_655c3fc.jpg?resize=80%2C55 80w\" width=\"203\" height=\"140\" loading=\"lazy\" data-original-width=\"203\" data-original-height=\"140\" itemprop=\"http:\/\/schema.org\/image\" title=\"Cizre\u2019den d\u00fcnya modas\u0131na ba\u015far\u0131l\u0131 imza\" alt=\"Cizre\u2019den d\u00fcnya modas\u0131na ba\u015far\u0131l\u0131 imza\" style=\"width: 203px; height: 140px;\" \/> <\/a> <\/div> <div class=\"tiled-gallery-item tiled-gallery-item-small\" itemprop=\"associatedMedia\" itemscope itemtype=\"http:\/\/schema.org\/ImageObject\"> <a href=\"http:\/\/www.tvturk.com\/index.php\/cizreden-dunya-modasina-basarili-imza\/cizreden-dunya-modasina-basarili-imza-7\/\" border=\"0\" itemprop=\"url\"> <meta itemprop=\"width\" content=\"203\"> <meta itemprop=\"height\" content=\"145\"> <img decoding=\"async\" class=\"\" data-attachment-id=\"14907\" data-orig-file=\"http:\/\/www.tvturk.com\/wp-content\/uploads\/2019\/02\/cizreden-dunya-modasina-basarili-imza_928ae11.jpg\" data-orig-size=\"1000,712\" data-comments-opened=\"\" data-image-meta=\"{&quot;aperture&quot;:&quot;0&quot;,&quot;credit&quot;:&quot;IHA&quot;,&quot;camera&quot;:&quot;&quot;,&quot;caption&quot;:&quot;C\\u0130ZREL\\u0130 GEN\\u00c7 MODACI MEHMET SA\\u0130T DALMI\\u015e ANADOLU MOT\\u0130FLER\\u0130N\\u0130 D\\u00dcNYA MODASINA TA\\u015eIYOR. (AB\\u0130D\\u0130N YEL\\\/\\u015eIRNAK-\\u0130HA)&quot;,&quot;created_timestamp&quot;:&quot;0&quot;,&quot;copyright&quot;:&quot;\\u0130HLAS HABER AJANSI, www.iha.com.tr&quot;,&quot;focal_length&quot;:&quot;0&quot;,&quot;iso&quot;:&quot;0&quot;,&quot;shutter_speed&quot;:&quot;0&quot;,&quot;title&quot;:&quot;C\\u0130ZRE\\u2019DEN D\\u00dcNYA MODASINA BA\\u015eARILI \\u0130MZA&quot;,&quot;orientation&quot;:&quot;0&quot;}\" data-image-title=\"Cizre\u2019den d\u00fcnya modas\u0131na ba\u015far\u0131l\u0131 imza\" data-image-description=\"&lt;p&gt;Cizre\u2019den d\u00fcnya modas\u0131na ba\u015far\u0131l\u0131 imza&lt;\/p&gt; \" data-medium-file=\"https:\/\/i0.wp.com\/www.tvturk.com\/wp-content\/uploads\/2019\/02\/cizreden-dunya-modasina-basarili-imza_928ae11.jpg?fit=300%2C214\" data-large-file=\"https:\/\/i0.wp.com\/www.tvturk.com\/wp-content\/uploads\/2019\/02\/cizreden-dunya-modasina-basarili-imza_928ae11.jpg?fit=1000%2C712\" src=\"https:\/\/i0.wp.com\/www.tvturk.com\/wp-content\/uploads\/2019\/02\/cizreden-dunya-modasina-basarili-imza_928ae11.jpg?w=203&#038;h=145\" srcset=\"https:\/\/i0.wp.com\/www.tvturk.com\/wp-content\/uploads\/2019\/02\/cizreden-dunya-modasina-basarili-imza_928ae11.jpg?w=1000 1000w, https:\/\/i0.wp.com\/www.tvturk.com\/wp-content\/uploads\/2019\/02\/cizreden-dunya-modasina-basarili-imza_928ae11.jpg?resize=150%2C107 150w, https:\/\/i0.wp.com\/www.tvturk.com\/wp-content\/uploads\/2019\/02\/cizreden-dunya-modasina-basarili-imza_928ae11.jpg?resize=300%2C214 300w, https:\/\/i0.wp.com\/www.tvturk.com\/wp-content\/uploads\/2019\/02\/cizreden-dunya-modasina-basarili-imza_928ae11.jpg?resize=768%2C547 768w\" width=\"203\" height=\"145\" loading=\"lazy\" data-original-width=\"203\" data-original-height=\"145\" itemprop=\"http:\/\/schema.org\/image\" title=\"Cizre\u2019den d\u00fcnya modas\u0131na ba\u015far\u0131l\u0131 imza\" alt=\"Cizre\u2019den d\u00fcnya modas\u0131na ba\u015far\u0131l\u0131 imza\" style=\"width: 203px; height: 145px;\" \/> <\/a> <\/div> <\/div> <!-- close group --> <div class=\"gallery-group images-1\" style=\"width: 293px; height: 293px;\" data-original-width=\"293\" data-original-height=\"293\" > <div class=\"tiled-gallery-item tiled-gallery-item-large\" itemprop=\"associatedMedia\" itemscope itemtype=\"http:\/\/schema.org\/ImageObject\"> <a href=\"http:\/\/www.tvturk.com\/index.php\/cizreden-dunya-modasina-basarili-imza\/cizreden-dunya-modasina-basarili-imza-8\/\" border=\"0\" itemprop=\"url\"> <meta itemprop=\"width\" content=\"289\"> <meta itemprop=\"height\" content=\"289\"> <img decoding=\"async\" class=\"\" data-attachment-id=\"14908\" data-orig-file=\"http:\/\/www.tvturk.com\/wp-content\/uploads\/2019\/02\/cizreden-dunya-modasina-basarili-imza_4d67858.jpg\" data-orig-size=\"1000,1000\" data-comments-opened=\"\" data-image-meta=\"{&quot;aperture&quot;:&quot;0&quot;,&quot;credit&quot;:&quot;IHA&quot;,&quot;camera&quot;:&quot;&quot;,&quot;caption&quot;:&quot;C\\u0130ZREL\\u0130 GEN\\u00c7 MODACI MEHMET SA\\u0130T DALMI\\u015e ANADOLU MOT\\u0130FLER\\u0130N\\u0130 D\\u00dcNYA MODASINA TA\\u015eIYOR. (AB\\u0130D\\u0130N YEL\\\/\\u015eIRNAK-\\u0130HA)&quot;,&quot;created_timestamp&quot;:&quot;0&quot;,&quot;copyright&quot;:&quot;\\u0130HLAS HABER AJANSI, www.iha.com.tr&quot;,&quot;focal_length&quot;:&quot;0&quot;,&quot;iso&quot;:&quot;0&quot;,&quot;shutter_speed&quot;:&quot;0&quot;,&quot;title&quot;:&quot;C\\u0130ZRE\\u2019DEN D\\u00dcNYA MODASINA BA\\u015eARILI \\u0130MZA&quot;,&quot;orientation&quot;:&quot;0&quot;}\" data-image-title=\"Cizre\u2019den d\u00fcnya modas\u0131na ba\u015far\u0131l\u0131 imza\" data-image-description=\"&lt;p&gt;Cizre\u2019den d\u00fcnya modas\u0131na ba\u015far\u0131l\u0131 imza&lt;\/p&gt; \" data-medium-file=\"https:\/\/i0.wp.com\/www.tvturk.com\/wp-content\/uploads\/2019\/02\/cizreden-dunya-modasina-basarili-imza_4d67858.jpg?fit=300%2C300\" data-large-file=\"https:\/\/i0.wp.com\/www.tvturk.com\/wp-content\/uploads\/2019\/02\/cizreden-dunya-modasina-basarili-imza_4d67858.jpg?fit=1000%2C1000\" src=\"https:\/\/i0.wp.com\/www.tvturk.com\/wp-content\/uploads\/2019\/02\/cizreden-dunya-modasina-basarili-imza_4d67858.jpg?w=289&#038;h=289&#038;crop=1\" srcset=\"https:\/\/i0.wp.com\/www.tvturk.com\/wp-content\/uploads\/2019\/02\/cizreden-dunya-modasina-basarili-imza_4d67858.jpg?w=1000 1000w, https:\/\/i0.wp.com\/www.tvturk.com\/wp-content\/uploads\/2019\/02\/cizreden-dunya-modasina-basarili-imza_4d67858.jpg?resize=150%2C150 150w, https:\/\/i0.wp.com\/www.tvturk.com\/wp-content\/uploads\/2019\/02\/cizreden-dunya-modasina-basarili-imza_4d67858.jpg?resize=300%2C300 300w, https:\/\/i0.wp.com\/www.tvturk.com\/wp-content\/uploads\/2019\/02\/cizreden-dunya-modasina-basarili-imza_4d67858.jpg?resize=768%2C768 768w\" width=\"289\" height=\"289\" loading=\"lazy\" data-original-width=\"289\" data-original-height=\"289\" itemprop=\"http:\/\/schema.org\/image\" title=\"Cizre\u2019den d\u00fcnya modas\u0131na ba\u015far\u0131l\u0131 imza\" alt=\"Cizre\u2019den d\u00fcnya modas\u0131na ba\u015far\u0131l\u0131 imza\" style=\"width: 289px; height: 289px;\" \/> <\/a> <\/div> <\/div> <!-- close group --> <\/div> <!-- close row --> <\/div><\/p>\n","protected":false},"excerpt":{"rendered":"<p>C\u0130ZREL\u0130 GEN\u00c7 MODACI MEHMET SA\u0130T DALMI\u015e ANADOLU MOT\u0130FLER\u0130N\u0130 D\u00dcNYA MODASINA TA\u015eIYOR.<\/p>\n","protected":false},"author":1,"featured_media":14902,"comment_status":"closed","ping_status":"open","sticky":false,"template":"","format":"standard","meta":{"jetpack_post_was_ever_published":false,"_jetpack_newsletter_access":"","_jetpack_dont_email_post_to_subs":false,"_jetpack_newsletter_tier_id":0,"_jetpack_memberships_contains_paywalled_content":false,"_jetpack_memberships_contains_paid_content":false,"footnotes":"","jetpack_publicize_message":"","jetpack_publicize_feature_enabled":true,"jetpack_social_post_already_shared":false,"jetpack_social_options":{"image_generator_settings":{"template":"highway","default_image_id":0,"font":"","enabled":false},"version":2}},"categories":[655],"tags":[349,3742,7296,4434,7297],"class_list":["post-14901","post","type-post","status-publish","format-standard","has-post-thumbnail","hentry","category-son-dakika","tag-dunya","tag-basarili","tag-cizreden","tag-imza","tag-modasina"],"jetpack_publicize_connections":[],"jetpack_featured_media_url":"https:\/\/i0.wp.com\/www.tvturk.com\/wp-content\/uploads\/2019\/02\/cizreden-dunya-modasina-basarili-imza_621254f.jpg?fit=1000%2C704","jetpack_sharing_enabled":true,"jetpack_shortlink":"https:\/\/wp.me\/paKIfm-3Sl","_links":{"self":[{"href":"http:\/\/www.tvturk.com\/index.php\/wp-json\/wp\/v2\/posts\/14901","targetHints":{"allow":["GET"]}}],"collection":[{"href":"http:\/\/www.tvturk.com\/index.php\/wp-json\/wp\/v2\/posts"}],"about":[{"href":"http:\/\/www.tvturk.com\/index.php\/wp-json\/wp\/v2\/types\/post"}],"author":[{"embeddable":true,"href":"http:\/\/www.tvturk.com\/index.php\/wp-json\/wp\/v2\/users\/1"}],"replies":[{"embeddable":true,"href":"http:\/\/www.tvturk.com\/index.php\/wp-json\/wp\/v2\/comments?post=14901"}],"version-history":[{"count":1,"href":"http:\/\/www.tvturk.com\/index.php\/wp-json\/wp\/v2\/posts\/14901\/revisions"}],"predecessor-version":[{"id":14909,"href":"http:\/\/www.tvturk.com\/index.php\/wp-json\/wp\/v2\/posts\/14901\/revisions\/14909"}],"wp:featuredmedia":[{"embeddable":true,"href":"http:\/\/www.tvturk.com\/index.php\/wp-json\/wp\/v2\/media\/14902"}],"wp:attachment":[{"href":"http:\/\/www.tvturk.com\/index.php\/wp-json\/wp\/v2\/media?parent=14901"}],"wp:term":[{"taxonomy":"category","embeddable":true,"href":"http:\/\/www.tvturk.com\/index.php\/wp-json\/wp\/v2\/categories?post=14901"},{"taxonomy":"post_tag","embeddable":true,"href":"http:\/\/www.tvturk.com\/index.php\/wp-json\/wp\/v2\/tags?post=14901"}],"curies":[{"name":"wp","href":"https:\/\/api.w.org\/{rel}","templated":true}]}}