{"id":149100,"date":"2019-04-26T13:52:29","date_gmt":"2019-04-26T10:52:29","guid":{"rendered":"http:\/\/www.tvturk.com\/index.php\/turbo-tartismasina-rize-de-eklendi\/"},"modified":"2019-04-26T13:52:29","modified_gmt":"2019-04-26T10:52:29","slug":"turbo-tartismasina-rize-de-eklendi","status":"publish","type":"post","link":"http:\/\/www.tvturk.com\/index.php\/turbo-tartismasina-rize-de-eklendi\/","title":{"rendered":"\u2019Turbo\u2019 tart\u0131\u015fmas\u0131na Rize de eklendi"},"content":{"rendered":"<p>Erzurumlu iki esnaf\u0131n s\u00fctla\u00e7 \u00fczerine kaday\u0131f konularak f\u0131nd\u0131kl\u0131 olarak servis edilen &#8220;Turbo&#8221; adl\u0131 tatl\u0131 nedeniyle mahkemelik olmas\u0131 tart\u0131\u015fmalar\u0131na Rizeliler de kat\u0131ld\u0131. Rizeli \u2019Turbo\u2019 sevenler ve lokanta i\u015fletmecileri bu tatl\u0131n\u0131n 50-60 y\u0131ld\u0131r Rize\u2019de lokantalarda servis edilerek m\u00fc\u015fterilerin be\u011fenisine sunuldu\u011funu belirttiler.<\/p>\n<p>Erzurum Paland\u00f6ken\u2019de 1963 y\u0131l\u0131ndan beri tatl\u0131c\u0131l\u0131k yapan Ziya Bayraktar ve o\u011fullar\u0131, s\u00fctla\u00e7la pekmezli kaday\u0131f\u0131 birle\u015ftirdi. M\u00fc\u015fterilerine bu tatl\u0131y\u0131 ikram etmeye ba\u015flayan Bayraktar, 5 A\u011fustos 2015\u2019te T\u00fcrkiye Patent Enstit\u00fcs\u00fc\u2019ne ba\u015fvurdu. Ziya Bayraktar\u2019\u0131n ba\u015fvurusu \u00fczerine tatl\u0131ya marka tescili verildi. Ziya Bayraktar ve o\u011flu Ahmet Bayraktar\u2019\u0131n hem marka hem de end\u00fcstriyel tasar\u0131m tescili ald\u0131\u011f\u0131 s\u00fctla\u00e7 \u00fczerine pekmezli kaday\u0131f\u0131, yan kom\u015fusu da kendi i\u015f yerinde sunmaya ba\u015flay\u0131nca mahkemelik oldu. Konunun medyada yer almas\u0131n\u0131n ard\u0131ndan haberleri g\u00f6ren Rizeliler duruma isyan etti.<\/p>\n<p>&#8220;Turbo i\u00e7in mahkemelik olmaya de\u011fmez&#8221;<\/p>\n<p>T\u00fcrkiye\u2019nin ve Rize\u2019nin en \u00fcnl\u00fc esnaf lokantalar\u0131ndan biri olan Liman Lokantas\u0131\u2019n\u0131 babadan o\u011fula i\u015fleten \u0130smail Reyhano\u011flu, Erzurum\u2019da 2 esnaf\u0131n \u2019Turbo\u2019 y\u00fcz\u00fcnden mahkemelik olmas\u0131na &#8220;De\u011fmez&#8221; yorumunda bulundu. Reyhano\u011flu &#8220;Bizim lokantam\u0131z 55 y\u0131ll\u0131k bir lokantad\u0131r. 55 y\u0131ld\u0131r lokantam\u0131zda s\u00fctla\u00e7ta yap\u0131l\u0131yor, kaday\u0131fta yap\u0131l\u0131yor. Onun kar\u0131\u015f\u0131m\u0131 da turbo oluyor. Og\u00fcn bug\u00fcnd\u00fcr var burada. Valla Turbo s\u00fctla\u00e7 i\u00e7in mahkemelik olmaya gerek yok. Kim daha iyi yap\u0131yorsa m\u00fc\u015fteri ona gidecek yani. Kim s\u00fctlac\u0131 ve Rize kaday\u0131f\u0131n\u0131 g\u00fczel yap\u0131yorsa m\u00fc\u015fteri ona gidecek. Turbo i\u00e7in b\u00fcy\u00fck\u015fehirlerden, yurt d\u0131\u015f\u0131ndan Rize\u2019ye gelenler var. Rize ayn\u0131 zamanda bir turizm \u015fehri. Rize\u2019ye gelen turboyu duyuyor ve yemeye geliyor\u201d \u015feklinde konu\u015ftu.<\/p>\n<p>&#8220;Turbo ile 53 y\u0131l \u00f6nce Rize\u2019de tan\u0131\u015ft\u0131m&#8221;<\/p>\n<p>Emekli K\u00fclt\u00fcr ve Turizm M\u00fcd\u00fcr\u00fc Atilla Karahasano\u011flu ise 53 y\u0131l \u00f6nce geldi\u011fi Rize\u2019de turbo ile tan\u0131\u015ft\u0131\u011f\u0131n\u0131 ve o g\u00fcnden sonra s\u00fcrekli t\u00fcketti\u011fini dile getirerek turbo s\u00fctlac\u0131n Rize ve Trabzon\u2019a \u00f6zg\u00fc bir \u00fcr\u00fcn oldu\u011funu s\u00f6yledi.<\/p>\n<p>Karahasano\u011flu \u201c50 y\u0131ld\u0131r var. Benim bildi\u011fim 50 y\u0131ld\u0131r var. \u00c7\u00fcnk\u00fc ben Rize\u2019ye geleli 53 y\u0131l oldu, geldi\u011fimde tan\u0131\u015ft\u0131k, hala daha devam ediyor tan\u0131\u015f\u0131kl\u0131\u011f\u0131m\u0131z. Burada Erzurum\u2019dan \u00e7ok daha eskidir. Buras\u0131 derken Trabzon ve Rize\u2019yi kastediyorum. S\u00fctla\u00e7 bu iki ilin \u00fcr\u00fcn\u00fcd\u00fcr. Yaylac\u0131l\u0131\u011f\u0131n g\u00fczel yap\u0131ld\u0131\u011f\u0131 yerler buralar. Yaylac\u0131l\u0131k iyi yap\u0131lan yerde s\u00fctla\u00e7ta iyi olur. Belki ben 1 y\u0131l daha yiyebilece\u011fim, ya\u015f ge\u00e7tik\u00e7e Turbo\u2019yu yeme \u015fans\u0131m\u0131z azal\u0131yor\u201d ifadelerini kulland\u0131.<\/p>\n<p>&#8220;S\u00fctla\u00e7 ne zaman Erzurum\u2019a gitmi\u015f ki, Rize Kaday\u0131f\u0131 ile birle\u015fip Turbo olmu\u015f&#8221;<\/p>\n<p>Dedelerinden duydu\u011fu Turbo s\u00fctla\u00e7tan \u015fimdi vazge\u00e7emedi\u011fini dile getiren Rizeli \u00d6mer Kaya ise \u201cTurbo \u00e7ok lezzetli bir \u00fcr\u00fcn. Ben babamdan dedemden bilirim turboyu. Erzurum da bir bahsi ge\u00e7mi\u015f herhalde. Mahkemelik olmu\u015flar yani ama sonu\u00e7ta oraya s\u00fctla\u00e7 ne zaman gitmi\u015f ki Rize kaday\u0131f\u0131 da pe\u015finden gidip s\u00fctla\u00e7 olmu\u015f anlayamad\u0131m oray\u0131. \u00c7ok lezzetli, yemekten b\u00fcy\u00fck bir zevk al\u0131yoruz. Hatta benim bir a\u011fabeyim var. Kendisi aslen Ayd\u0131nl\u0131\u2019d\u0131r. Trabzon\u2019da \u00e7al\u0131\u015f\u0131yor, Trabzon\u2019dan buraya haftada 2 kez gelir s\u0131rf turbo s\u00fctla\u00e7 yemek i\u00e7in. Turbo tak\u0131nt\u0131s\u0131 olanlar var. Biz de be\u011fenerek yiyoruz\u201d ifadelerini kulland\u0131.<\/p>\n","protected":false},"excerpt":{"rendered":"<p>ERZURUM\u2019DA \u0130K\u0130 ESNAFIN MAHKEMEL\u0130K OLMASINA SEBEP OLAN TURBO S\u00dcTLA\u00c7 TARTI\u015eMALARINA R\u0130ZE\u2019DE EKLEND\u0130<\/p>\n","protected":false},"author":1,"featured_media":149101,"comment_status":"closed","ping_status":"open","sticky":false,"template":"","format":"standard","meta":{"jetpack_post_was_ever_published":false,"_jetpack_newsletter_access":"","_jetpack_dont_email_post_to_subs":false,"_jetpack_newsletter_tier_id":0,"_jetpack_memberships_contains_paywalled_content":false,"_jetpack_memberships_contains_paid_content":false,"footnotes":"","jetpack_publicize_message":"","jetpack_publicize_feature_enabled":true,"jetpack_social_post_already_shared":true,"jetpack_social_options":{"image_generator_settings":{"template":"highway","default_image_id":0,"font":"","enabled":false},"version":2}},"categories":[656],"tags":[19950,638,33363,13929],"class_list":["post-149100","post","type-post","status-publish","format-standard","has-post-thumbnail","hentry","category-kultur-sanat","tag-eklendi","tag-rize","tag-tartismasina","tag-turbo"],"jetpack_publicize_connections":[],"jetpack_featured_media_url":"https:\/\/i0.wp.com\/www.tvturk.com\/wp-content\/uploads\/2019\/04\/turbo-tartismasina-rize-de-eklendi_ed9fc22.jpg?fit=1000%2C666","jetpack_sharing_enabled":true,"jetpack_shortlink":"https:\/\/wp.me\/paKIfm-CMQ","_links":{"self":[{"href":"http:\/\/www.tvturk.com\/index.php\/wp-json\/wp\/v2\/posts\/149100","targetHints":{"allow":["GET"]}}],"collection":[{"href":"http:\/\/www.tvturk.com\/index.php\/wp-json\/wp\/v2\/posts"}],"about":[{"href":"http:\/\/www.tvturk.com\/index.php\/wp-json\/wp\/v2\/types\/post"}],"author":[{"embeddable":true,"href":"http:\/\/www.tvturk.com\/index.php\/wp-json\/wp\/v2\/users\/1"}],"replies":[{"embeddable":true,"href":"http:\/\/www.tvturk.com\/index.php\/wp-json\/wp\/v2\/comments?post=149100"}],"version-history":[{"count":0,"href":"http:\/\/www.tvturk.com\/index.php\/wp-json\/wp\/v2\/posts\/149100\/revisions"}],"wp:featuredmedia":[{"embeddable":true,"href":"http:\/\/www.tvturk.com\/index.php\/wp-json\/wp\/v2\/media\/149101"}],"wp:attachment":[{"href":"http:\/\/www.tvturk.com\/index.php\/wp-json\/wp\/v2\/media?parent=149100"}],"wp:term":[{"taxonomy":"category","embeddable":true,"href":"http:\/\/www.tvturk.com\/index.php\/wp-json\/wp\/v2\/categories?post=149100"},{"taxonomy":"post_tag","embeddable":true,"href":"http:\/\/www.tvturk.com\/index.php\/wp-json\/wp\/v2\/tags?post=149100"}],"curies":[{"name":"wp","href":"https:\/\/api.w.org\/{rel}","templated":true}]}}