{"id":149122,"date":"2019-04-26T14:18:09","date_gmt":"2019-04-26T11:18:09","guid":{"rendered":"http:\/\/www.tvturk.com\/index.php\/ucurtma-senliginde-minikler-gonullerince-eglendi\/"},"modified":"2019-04-26T14:18:09","modified_gmt":"2019-04-26T11:18:09","slug":"ucurtma-senliginde-minikler-gonullerince-eglendi","status":"publish","type":"post","link":"http:\/\/www.tvturk.com\/index.php\/ucurtma-senliginde-minikler-gonullerince-eglendi\/","title":{"rendered":"U\u00e7urtma \u015fenli\u011finde minikler g\u00f6n\u00fcllerince e\u011flendi"},"content":{"rendered":"<p>Sakarya\u2019da, sosyal sorumluluk projesi kapsam\u0131nda d\u00fczenlenen u\u00e7urtma \u015fenli\u011finde, minikler teknolojiden uzak bir g\u00fcn ge\u00e7irerek g\u00f6n\u00fcllerince e\u011flendi.<\/p>\n<p>Sakarya Ticaret ve Sanayi Odas\u0131 (SATSO) Turizm Komisyonu \u00f6nc\u00fcl\u00fc\u011f\u00fcnde Sakarya \u00dcniversitesi (SA\u00dc) Beden E\u011fitimi ve Spor Y\u00fcksekokulu\u2019nun futbol sahas\u0131nda sosyal sorumluluk projesi kapsam\u0131nda u\u00e7urtma \u015fenli\u011fi d\u00fczenlendi. Yo\u011fun kat\u0131l\u0131mla ger\u00e7ekle\u015fen \u015fenli\u011fe Sevgi Evlerinde kalan \u00e7ocuklar ve k\u0131rsal okullardan gelen \u00e7ocuklar kat\u0131ld\u0131. \u00c7ocuklar\u0131n teknolojiden uzak bir \u015fekilde b\u00fcy\u00fcmeleri i\u00e7in d\u00fczenlenen u\u00e7urtma \u015fenli\u011finde \u00e7ocuklar u\u00e7urtmalar\u0131n\u0131 kendileri yapt\u0131. G\u00fcn boyu g\u00f6n\u00fcllerince e\u011flenen miniklerin mutlulu\u011fu g\u00f6zlerinden okundu. Etkinli\u011fe kat\u0131lan \u00f6\u011frenciler, \u015fenlikte arkada\u015flar\u0131yla doyas\u0131ya e\u011flendiklerini dile getirerek \u00e7ok g\u00fczel bir g\u00fcn ge\u00e7irdiklerini ve etkinli\u011fi ger\u00e7ekle\u015ftirenlere te\u015fekk\u00fcr ettiklerini belirtti.<\/p>\n<p>&#8220;Bizler buna vesile oldu\u011fumuz i\u00e7in \u00e7ok mutluyuz&#8221;<\/p>\n<p>\u015eenlikte a\u00e7\u0131klama yapan SATSO Turizm Komisyonu Ba\u015fkan\u0131 Taner Belge, \u201cBizler turizm komisyonuyuz fakat sosyal proje olarak, 23 Nisan \u00e7ocuk bayram\u0131 haftas\u0131 dolay\u0131s\u0131yla yakla\u015f\u0131k 200 \u00e7ocu\u011fumuzun bulundu\u011fu bir u\u00e7urtma \u015fenli\u011fi d\u00fczenledik. Bunu da komisyonumuzun sosyal sorumluluk projesi olarak ger\u00e7ekle\u015ftirdik. Bu etkinli\u011fimizi planlarken amac\u0131m\u0131z \u00e7ocuk bayram\u0131 nedeniyle \u00e7ocuklar\u0131m\u0131z\u0131 e\u011flendirmekti. Ve burada \u00f6zellikle sevgi evlerimiz ile k\u0131rsal b\u00f6lgelerde bulunan okullardaki \u00e7ocuklar\u0131m\u0131za \u00f6ncelik verdik. \u00c7ocuklar\u0131m\u0131z sadece u\u00e7urtma u\u00e7urmak ile de\u011fil, g\u00fclerek, ko\u015farak, e\u011fleniyor. Bizlerde buna vesile oldu\u011fumuz i\u00e7in \u00e7ok mutluyuz\u201d dedi.<\/p>\n<p>&#8220;Teknolojiden uzak bir g\u00fcn ge\u00e7irdiler&#8221;<\/p>\n<p>U\u00e7urtma \u015fenli\u011fine \u00f6\u011frencileriyle birlikte gelen Beden E\u011fitim \u00d6\u011fretmeni Mine Bekta\u015f, \u201cBu etkinli\u011fe \u00f6\u011frencilerimle beraber geldim. 23 Nisan \u00e7ocuk bayram\u0131 haftas\u0131 oldu\u011fu i\u00e7in \u00e7ocuklar\u0131n e\u011flenebilmesi ve daha fazla mutlu olabilmesi i\u00e7in b\u00f6yle bir organizasyon d\u00fczenlendi. Bizde bug\u00fcn burada bu \u015fenli\u011fe kat\u0131ld\u0131k. \u00c7ocuklar\u0131m\u0131z \u00e7ok mutlu oldular. Teknolojiden uzak, bir \u00e7ocu\u011fun \u00e7ocuklu\u011funu ya\u015fayabilmesi i\u00e7in bu organizasyonun ger\u00e7ekle\u015ftirilmesinden gurur duyuyoruz. 23 Nisan \u00e7ocuklar\u0131m\u0131z\u0131n bayram\u0131 ve b\u00fct\u00fcn \u00e7ocuklar mutlu olsun\u201d diye konu\u015ftu.<\/p>\n","protected":false},"excerpt":{"rendered":"<p>SAKARYA\u2019DA, SOSYAL SORUMLULUK PROJES\u0130 KAPSAMINDA D\u00dcZENLENEN U\u00c7URTMA \u015eENL\u0130\u011e\u0130NDE, M\u0130N\u0130KLER TEKNOLOJ\u0130DEN UZAK B\u0130R G\u00dcN GE\u00c7\u0130REREK G\u00d6N\u00dcLLER\u0130NCE E\u011eLEND\u0130.<\/p>\n","protected":false},"author":1,"featured_media":149123,"comment_status":"closed","ping_status":"open","sticky":false,"template":"","format":"standard","meta":{"jetpack_post_was_ever_published":false,"_jetpack_newsletter_access":"","_jetpack_dont_email_post_to_subs":false,"_jetpack_newsletter_tier_id":0,"_jetpack_memberships_contains_paywalled_content":false,"_jetpack_memberships_contains_paid_content":false,"footnotes":"","jetpack_publicize_message":"","jetpack_publicize_feature_enabled":true,"jetpack_social_post_already_shared":true,"jetpack_social_options":{"image_generator_settings":{"template":"highway","default_image_id":0,"font":"","enabled":false},"version":2}},"categories":[1],"tags":[7845,32747,2786,33369,32946],"class_list":["post-149122","post","type-post","status-publish","format-standard","has-post-thumbnail","hentry","category-genel","tag-eglendi","tag-gonullerince","tag-minikler","tag-senliginde","tag-ucurtma"],"jetpack_publicize_connections":[],"jetpack_featured_media_url":"https:\/\/i0.wp.com\/www.tvturk.com\/wp-content\/uploads\/2019\/04\/ucurtma-senliginde-minikler-gonullerince-eglendi_208495d.jpg?fit=1000%2C666","jetpack_sharing_enabled":true,"jetpack_shortlink":"https:\/\/wp.me\/paKIfm-CNc","_links":{"self":[{"href":"http:\/\/www.tvturk.com\/index.php\/wp-json\/wp\/v2\/posts\/149122","targetHints":{"allow":["GET"]}}],"collection":[{"href":"http:\/\/www.tvturk.com\/index.php\/wp-json\/wp\/v2\/posts"}],"about":[{"href":"http:\/\/www.tvturk.com\/index.php\/wp-json\/wp\/v2\/types\/post"}],"author":[{"embeddable":true,"href":"http:\/\/www.tvturk.com\/index.php\/wp-json\/wp\/v2\/users\/1"}],"replies":[{"embeddable":true,"href":"http:\/\/www.tvturk.com\/index.php\/wp-json\/wp\/v2\/comments?post=149122"}],"version-history":[{"count":0,"href":"http:\/\/www.tvturk.com\/index.php\/wp-json\/wp\/v2\/posts\/149122\/revisions"}],"wp:featuredmedia":[{"embeddable":true,"href":"http:\/\/www.tvturk.com\/index.php\/wp-json\/wp\/v2\/media\/149123"}],"wp:attachment":[{"href":"http:\/\/www.tvturk.com\/index.php\/wp-json\/wp\/v2\/media?parent=149122"}],"wp:term":[{"taxonomy":"category","embeddable":true,"href":"http:\/\/www.tvturk.com\/index.php\/wp-json\/wp\/v2\/categories?post=149122"},{"taxonomy":"post_tag","embeddable":true,"href":"http:\/\/www.tvturk.com\/index.php\/wp-json\/wp\/v2\/tags?post=149122"}],"curies":[{"name":"wp","href":"https:\/\/api.w.org\/{rel}","templated":true}]}}