{"id":149173,"date":"2019-04-26T15:26:15","date_gmt":"2019-04-26T12:26:15","guid":{"rendered":"http:\/\/www.tvturk.com\/index.php\/turk-tarih-kurumu-tanitim-tiri-giresunda\/"},"modified":"2019-04-26T15:26:15","modified_gmt":"2019-04-26T12:26:15","slug":"turk-tarih-kurumu-tanitim-tiri-giresunda","status":"publish","type":"post","link":"http:\/\/www.tvturk.com\/index.php\/turk-tarih-kurumu-tanitim-tiri-giresunda\/","title":{"rendered":"T\u00fcrk Tarih Kurumu Tan\u0131t\u0131m T\u0131r\u0131 Giresun\u2019da"},"content":{"rendered":"<p>Milli M\u00fccadele\u2019nin 100. y\u0131l\u0131nda Karadeniz\u2019de ger\u00e7ekle\u015fen i\u015fgal ve m\u00fccadeleyi anlatmak amac\u0131yla yola \u00e7\u0131kan T\u00fcrk Tarih Kurumu tan\u0131t\u0131m t\u0131r\u0131n\u0131n ikinci dura\u011f\u0131 Giresun oldu. Tan\u0131t\u0131m t\u0131r\u0131 26 Nisan\u2019da Giresun \u00dcniversitesi \u00f6\u011frencileriyle bulu\u015ftu.<\/p>\n<p>Atat\u00fcrk K\u00fclt\u00fcr, Dil ve Tarih Y\u00fcksek Kurumu b\u00fcnyesindeki T\u00fcrk Tarih Kurumu taraf\u0131ndan haz\u0131rlanan \u201cKaradeniz\u2019de Patrikhane ve Ek\u00fcmeniklik Propagandalar\u0131\u201d ve \u201cKaradeniz\u2019de Mill\u00ee M\u00fccadele\u201d belgesellerinin g\u00f6sterildi\u011fi tan\u0131t\u0131m t\u0131r\u0131nda \u00fccretsiz olarak da\u011f\u0131t\u0131lan bro\u015f\u00fcr ve CD\u2019lerle yak\u0131n d\u00f6nemde b\u00f6lgede ya\u015fanan geli\u015fmelere dikkat \u00e7ekiliyor. Mondros Ate\u015fkes Antla\u015fmas\u0131\u2019n\u0131n ard\u0131ndan Karadeniz\u2019in i\u015fgali ve Pontus\u00e7u \u00e7etelerin faaliyetlerinin anlat\u0131ld\u0131\u011f\u0131 yay\u0131nlarda, Karadeniz\u2019de Mill\u00ee M\u00fccadele\u2019nin \u00f6rg\u00fctleni\u015f s\u00fcreci de detayl\u0131 olarak g\u00f6steriliyor.<\/p>\n<p>29 Nisan\u2019da Rize\u2019de, 30 Nisan\u2019da Artvin\u2019de ve 2-3 May\u0131s tarihlerinde Samsun\u2019da olacak tan\u0131t\u0131m t\u0131r\u0131nda Kurum taraf\u0131ndan yay\u0131mlanan di\u011fer eserlere ula\u015fmak da m\u00fcmk\u00fcn olacak.<\/p>\n","protected":false},"excerpt":{"rendered":"<p>M\u0130LL\u0130 M\u00dcCADELE\u2019N\u0130N 100. YILINDA KARADEN\u0130Z\u2019DE GER\u00c7EKLE\u015eEN \u0130\u015eGAL VE M\u00dcCADELEY\u0130 ANLATMAK AMACIYLA YOLA \u00c7IKAN T\u00dcRK TAR\u0130H KURUMU TANITIM TIRININ \u0130K\u0130NC\u0130 DURA\u011eI G\u0130RESUN OLDU. TANITIM TIRI 26 N\u0130SAN\u2019DA G\u0130RESUN \u00dcN\u0130VERS\u0130TES\u0130 \u00d6\u011eRENC\u0130LER\u0130YLE BULU\u015eTU.<\/p>\n","protected":false},"author":1,"featured_media":149174,"comment_status":"closed","ping_status":"open","sticky":false,"template":"","format":"standard","meta":{"jetpack_post_was_ever_published":false,"_jetpack_newsletter_access":"","_jetpack_dont_email_post_to_subs":false,"_jetpack_newsletter_tier_id":0,"_jetpack_memberships_contains_paywalled_content":false,"_jetpack_memberships_contains_paid_content":false,"footnotes":"","jetpack_publicize_message":"","jetpack_publicize_feature_enabled":true,"jetpack_social_post_already_shared":true,"jetpack_social_options":{"image_generator_settings":{"template":"highway","default_image_id":0,"font":"","enabled":false},"version":2}},"categories":[1],"tags":[850,4855,2221,1330,5961,957],"class_list":["post-149173","post","type-post","status-publish","format-standard","has-post-thumbnail","hentry","category-genel","tag-giresunda","tag-kurumu","tag-tanitim","tag-tarih","tag-tiri","tag-turk"],"jetpack_publicize_connections":[],"jetpack_featured_media_url":"https:\/\/i0.wp.com\/www.tvturk.com\/wp-content\/uploads\/2019\/04\/turk-tarih-kurumu-tanitim-tiri-giresunda_c17332c.jpg?fit=750%2C1000","jetpack_sharing_enabled":true,"jetpack_shortlink":"https:\/\/wp.me\/paKIfm-CO1","_links":{"self":[{"href":"http:\/\/www.tvturk.com\/index.php\/wp-json\/wp\/v2\/posts\/149173","targetHints":{"allow":["GET"]}}],"collection":[{"href":"http:\/\/www.tvturk.com\/index.php\/wp-json\/wp\/v2\/posts"}],"about":[{"href":"http:\/\/www.tvturk.com\/index.php\/wp-json\/wp\/v2\/types\/post"}],"author":[{"embeddable":true,"href":"http:\/\/www.tvturk.com\/index.php\/wp-json\/wp\/v2\/users\/1"}],"replies":[{"embeddable":true,"href":"http:\/\/www.tvturk.com\/index.php\/wp-json\/wp\/v2\/comments?post=149173"}],"version-history":[{"count":0,"href":"http:\/\/www.tvturk.com\/index.php\/wp-json\/wp\/v2\/posts\/149173\/revisions"}],"wp:featuredmedia":[{"embeddable":true,"href":"http:\/\/www.tvturk.com\/index.php\/wp-json\/wp\/v2\/media\/149174"}],"wp:attachment":[{"href":"http:\/\/www.tvturk.com\/index.php\/wp-json\/wp\/v2\/media?parent=149173"}],"wp:term":[{"taxonomy":"category","embeddable":true,"href":"http:\/\/www.tvturk.com\/index.php\/wp-json\/wp\/v2\/categories?post=149173"},{"taxonomy":"post_tag","embeddable":true,"href":"http:\/\/www.tvturk.com\/index.php\/wp-json\/wp\/v2\/tags?post=149173"}],"curies":[{"name":"wp","href":"https:\/\/api.w.org\/{rel}","templated":true}]}}