{"id":149199,"date":"2019-04-26T16:00:12","date_gmt":"2019-04-26T13:00:12","guid":{"rendered":"http:\/\/www.tvturk.com\/index.php\/baskan-oztekin24-binanin-yikim-karari-alindi\/"},"modified":"2019-04-26T16:00:12","modified_gmt":"2019-04-26T13:00:12","slug":"baskan-oztekin24-binanin-yikim-karari-alindi","status":"publish","type":"post","link":"http:\/\/www.tvturk.com\/index.php\/baskan-oztekin24-binanin-yikim-karari-alindi\/","title":{"rendered":"Ba\u015fkan \u00d6ztekin,&#8221;24 binan\u0131n y\u0131k\u0131m karar\u0131 al\u0131nd\u0131&#8221;"},"content":{"rendered":"<p>Ka\u011f\u0131thane Belediye Ba\u015fkan\u0131 Mevl\u00fct \u00d6ztekin, y\u0131k\u0131lan bina \u00e7evresinde yap\u0131lan \u00e7al\u0131\u015fmalar\u0131 yerinde takip etti. \u00c7al\u0131\u015fmalar hakk\u0131nda bilgi veren \u00d6ztekin, \u201c\u015eu anda tahliye karar\u0131 verilen binalarda vatanda\u015flar Afet Koordinasyon Merkezi ile beraber \u00e7al\u0131\u015farak h\u0131zl\u0131 bir \u015fekilde bo\u015falt\u0131yorlar. 24 binan\u0131n y\u0131k\u0131m karar\u0131 al\u0131nd\u0131. Binas\u0131 y\u0131k\u0131lanlarla ilgili 35\u2019er bin lira yard\u0131mda bulunduk&#8221; dedi.<\/p>\n<p>Ka\u011f\u0131thane Belediye Ba\u015fkan\u0131 Mevl\u00fct \u00d6ztekin, Yahya Kemal Mahallesi\u2019nde y\u0131k\u0131lan binan\u0131n oldu\u011fu alana geldi. Y\u0131k\u0131lan bina \u00e7evresinde yap\u0131lan \u00e7al\u0131\u015fmalar\u0131 yerinde takip eden \u00d6ztekin, ard\u0131ndan konuyla ilgili a\u00e7\u0131klamalarda bulundu.<\/p>\n<p>\u201c24 binan\u0131n y\u0131k\u0131m karar\u0131 al\u0131nd\u0131\u201d<\/p>\n<p>B\u00f6lgede \u00c7evre ve \u015eehircilik Bakanl\u0131\u011f\u0131\u2019n\u0131n durum tespiti yapaca\u011f\u0131n\u0131 dile getiren Ka\u011f\u0131thane Belediye Ba\u015fkan\u0131 Mevl\u00fct \u00d6ztekin, \u201c Bug\u00fcn 5\u2019inci g\u00fcn, \u00c7evre ve \u015eehircilik Bakanl\u0131\u011f\u0131, Valilik ve Belediyemizle beraber sahaday\u0131z. Vatanda\u015flar\u0131m\u0131z ile s\u00fcrekli beraberiz. Ayn\u0131 zamanda belediye olarak bizim hem konaklama hem yemek hem de di\u011fer ihtiya\u00e7larla ilgili bizim kriz masas\u0131 dedi\u011fimiz Afet Koordinasyon Merkezi\u2019ni Yahya Kemal Spor Kompleksi\u2019nde kurduk. Orada da bakanl\u0131\u011f\u0131m\u0131zla ve valili\u011fimizle beraber \u00e7al\u0131\u015f\u0131yoruz. Vatanda\u015flar\u0131m\u0131z istedikleri vakit g\u00fcn i\u00e7erisinde geliyor. Oradan bilgi al\u0131yorlar. Her bina i\u00e7in birer masa kurduk. \u015eu anda tahliye karar\u0131 verilen binalarda vatanda\u015flar Afet Koordinasyon Merkezi ile beraber \u00e7al\u0131\u015farak h\u0131zl\u0131 bir \u015fekilde bo\u015falt\u0131yorlar. O binalarda ileriki s\u00fcre\u00e7te y\u0131k\u0131ma ba\u015flayaca\u011f\u0131z. B\u00f6lge ile ilgili bakanl\u0131\u011f\u0131m\u0131z tespit yapacak. 26 binam\u0131z ile ilgili \u00e7al\u0131\u015fma tamamland\u0131. 24 binan\u0131n y\u0131k\u0131m karar\u0131 al\u0131nd\u0131. 2 bina kendili\u011finden y\u0131k\u0131lm\u0131\u015ft\u0131. Geri kalan b\u00f6lgedeki di\u011fer binalar\u0131m\u0131z ile ilgili h\u0131zl\u0131 bir \u015fekilde hem zemin et\u00fcd\u00fc hem de binalar\u0131n karotlar\u0131 al\u0131nmak suretiyle o binalar\u0131n depreme dayan\u0131kl\u0131 olup olmad\u0131\u011f\u0131 ile ilgili tespiti yap\u0131l\u0131p, e\u011fer depreme dayan\u0131ks\u0131zsa b\u00f6lgedeki kentsel d\u00f6n\u00fc\u015f\u00fcm\u00fc biraz daha geni\u015fleterek TOK\u0130 ve \u00c7evre \u015eehircilik Bakanl\u0131\u011f\u0131 arac\u0131l\u0131\u011f\u0131yla b\u00f6lgeyi tekrar yenilemek istiyoruz \u201c diye konu\u015ftu.<\/p>\n<p>\u201c\u2018Evi y\u0131k\u0131lanlara 35 bin lira yard\u0131m\u2019<\/p>\n<p>Y\u0131k\u0131lan binan\u0131n m\u00fcteahitinin tutuklanma karar\u0131 ile ilgili bilgileri olmad\u0131\u011f\u0131n\u0131 ifade eden Ba\u015fkan \u00d6ztekin, \u201c \u015eu anda bize gelen bir bilgi yok. Bu olaylar\u0131n hemen akabinde \u00c7evre ve \u015eehircilik Bakanl\u0131\u011f\u0131 su\u00e7 duyurusunda bulundu. Bununla beraber di\u011fer i\u015flemleri savc\u0131l\u0131k makam\u0131 takip ediyor. Vatanda\u015flar\u0131m\u0131z\u0131 belediyemizin koordinasyonunda \u00e7evredeki otellere, misafirhanelere yerle\u015ftirdik. D\u00fcn ald\u0131\u011f\u0131m\u0131z bilgiye g\u00f6re 250\u2019ye yak\u0131n misafirimizi otellerde a\u011f\u0131rl\u0131yoruz. Biz olay olduktan hemen sonra kirac\u0131 ve ev sahibi ayr\u0131m\u0131 yapmadan her aileye 5 bin lira yard\u0131mda bulunduk. Sonraki g\u00fcnlerde de binas\u0131 y\u0131k\u0131lanlarla ilgili 35\u2019er bin lira yard\u0131mda bulunduk. Bununla beraber ev sahiplerine bakanl\u0131\u011f\u0131m\u0131z arac\u0131l\u0131\u011f\u0131yla her ay bin 500 lira kira yard\u0131m\u0131 yapm\u0131\u015f oluyoruz. Kirac\u0131 ise bin 500 lira ta\u015f\u0131nma masraf\u0131 ve 1 ayl\u0131k kira yard\u0131m\u0131 olarak bin 500 lira yani toplamda 3 bin lira yard\u0131mda bulunuyoruz. B\u00f6ylece t\u00fcm ailelerimiz ma\u011fdur etmeden b\u00f6lgeyi bo\u015faltm\u0131\u015f oluyoruz \u201c \u015feklinde konu\u015ftu.<\/p>\n<p>\u201c5 milyon liraya yak\u0131n fon aktar\u0131lm\u0131\u015f oldu \u201c<\/p>\n<p>Y\u0131k\u0131lan binan\u0131n bulundu\u011fu b\u00f6lgedeki vatanda\u015flara yakla\u015f\u0131k 5 milyon liral\u0131k fon aktar\u0131ld\u0131\u011f\u0131n\u0131 s\u00f6yleyen \u00d6ztekin, \u201c \u0130lk g\u00fcn toplamda 139 daireye 5\u2019er bin lira, bunlar\u0131 da\u011f\u0131tt\u0131\u011f\u0131m\u0131z zaman 750 bin liral\u0131k rakam \u00e7\u0131km\u0131\u015f oluyor. Akabinde de direkt kira yard\u0131mlar\u0131na ba\u015flanmak suretiyle de \u015fu anda 4 milyon lira daha fon aktar\u0131lm\u0131\u015f oldu. B\u00f6ylece yakla\u015f\u0131k 5 milyon liraya yak\u0131n fon aktar\u0131lm\u0131\u015f oldu \u201c dedi.<\/p>\n","protected":false},"excerpt":{"rendered":"<p>KA\u011eITHANE BELED\u0130YE BA\u015eKANI MEVL\u00dcT \u00d6ZTEK\u0130N, YAHYA KEMAL MAHALLES\u0130\u2019NDE YIKILAN B\u0130NANIN OLDU\u011eU ALANA GELD\u0130. YIKILAN B\u0130NA \u00c7EVRES\u0130NDE YAPILAN \u00c7ALI\u015eMALARI YER\u0130NDE TAK\u0130P EDEN \u00d6ZTEK\u0130N, ARDINDAN KONUYLA \u0130LG\u0130L\u0130 A\u00c7IKLAMALARDA BULUNDU.<\/p>\n","protected":false},"author":1,"featured_media":149200,"comment_status":"closed","ping_status":"open","sticky":false,"template":"","format":"standard","meta":{"jetpack_post_was_ever_published":false,"_jetpack_newsletter_access":"","_jetpack_dont_email_post_to_subs":false,"_jetpack_newsletter_tier_id":0,"_jetpack_memberships_contains_paywalled_content":false,"_jetpack_memberships_contains_paid_content":false,"footnotes":"","jetpack_publicize_message":"","jetpack_publicize_feature_enabled":true,"jetpack_social_post_already_shared":true,"jetpack_social_options":{"image_generator_settings":{"template":"highway","default_image_id":0,"font":"","enabled":false},"version":2}},"categories":[1],"tags":[13927,1014,100,3144,2832,8812,10144],"class_list":["post-149199","post","type-post","status-publish","format-standard","has-post-thumbnail","hentry","category-genel","tag-13927","tag-alindi","tag-baskan","tag-binanin","tag-karari","tag-oztekin","tag-yikim"],"jetpack_publicize_connections":[],"jetpack_featured_media_url":"https:\/\/i0.wp.com\/www.tvturk.com\/wp-content\/uploads\/2019\/04\/baskan-oztekin24-binanin-yikim-karari-alindi_557f5f6.jpg?fit=1000%2C816","jetpack_sharing_enabled":true,"jetpack_shortlink":"https:\/\/wp.me\/paKIfm-COr","_links":{"self":[{"href":"http:\/\/www.tvturk.com\/index.php\/wp-json\/wp\/v2\/posts\/149199","targetHints":{"allow":["GET"]}}],"collection":[{"href":"http:\/\/www.tvturk.com\/index.php\/wp-json\/wp\/v2\/posts"}],"about":[{"href":"http:\/\/www.tvturk.com\/index.php\/wp-json\/wp\/v2\/types\/post"}],"author":[{"embeddable":true,"href":"http:\/\/www.tvturk.com\/index.php\/wp-json\/wp\/v2\/users\/1"}],"replies":[{"embeddable":true,"href":"http:\/\/www.tvturk.com\/index.php\/wp-json\/wp\/v2\/comments?post=149199"}],"version-history":[{"count":0,"href":"http:\/\/www.tvturk.com\/index.php\/wp-json\/wp\/v2\/posts\/149199\/revisions"}],"wp:featuredmedia":[{"embeddable":true,"href":"http:\/\/www.tvturk.com\/index.php\/wp-json\/wp\/v2\/media\/149200"}],"wp:attachment":[{"href":"http:\/\/www.tvturk.com\/index.php\/wp-json\/wp\/v2\/media?parent=149199"}],"wp:term":[{"taxonomy":"category","embeddable":true,"href":"http:\/\/www.tvturk.com\/index.php\/wp-json\/wp\/v2\/categories?post=149199"},{"taxonomy":"post_tag","embeddable":true,"href":"http:\/\/www.tvturk.com\/index.php\/wp-json\/wp\/v2\/tags?post=149199"}],"curies":[{"name":"wp","href":"https:\/\/api.w.org\/{rel}","templated":true}]}}