{"id":149233,"date":"2019-04-26T16:35:11","date_gmt":"2019-04-26T13:35:11","guid":{"rendered":"http:\/\/www.tvturk.com\/index.php\/istanbuldaki-cinsel-saldiriya-bingolden-tepki\/"},"modified":"2019-04-26T16:35:11","modified_gmt":"2019-04-26T13:35:11","slug":"istanbuldaki-cinsel-saldiriya-bingolden-tepki","status":"publish","type":"post","link":"http:\/\/www.tvturk.com\/index.php\/istanbuldaki-cinsel-saldiriya-bingolden-tepki\/","title":{"rendered":"\u0130stanbul\u2019daki cinsel sald\u0131r\u0131ya Bing\u00f6l\u2019den tepki"},"content":{"rendered":"<p>Bing\u00f6l\u2019de bir grup \u00f6\u011frenci, K\u00fc\u00e7\u00fck\u00e7ekmece\u2019de ya\u015fanan tecav\u00fcz olay\u0131 nedeniyle tepki g\u00f6sterip bas\u0131n a\u00e7\u0131klamas\u0131 yapt\u0131.<\/p>\n<p>Ge\u00e7ti\u011fimiz g\u00fcnlerde \u0130stanbul K\u00fc\u00e7\u00fck\u00e7ekmece\u2019de 5 ya\u015f\u0131ndaki bir k\u0131z \u00e7ocu\u011funun tecav\u00fcze u\u011framas\u0131 nedeniyle \u00fclke genelinde oldu\u011fu gibi Bing\u00f6l\u2019de de tepki g\u00f6sterildi. Bing\u00f6l \u00dcniversitesinde \u00f6\u011frenimini s\u00fcrd\u00fcren bir grup \u00f6\u011frenci ellerinde \u2018\u00c7ocuk sessiz durur sen susma\u2019, \u2018\u00c7ocuk Bedenime Dokunma\u2019 yaz\u0131l\u0131 pankartlarla y\u00fcr\u00fcy\u00fcp, a\u00e7\u0131klama yapt\u0131.<\/p>\n<p>\u00d6\u011frenci grubu ad\u0131na bas\u0131n a\u00e7\u0131klamas\u0131n\u0131 okuyan Sara \u00d6zsa\u011f\u0131r, TBMM\u2019deki t\u00fcm partilerin \u00e7ocuklar\u0131n korunmas\u0131 i\u00e7in yasalar \u00e7\u0131kartmas\u0131 gerekti\u011fini s\u00f6yledi. \u00d6zsa\u011f\u0131r, \u201cDini, vicdan\u0131, insani ve ahlaki hi\u00e7bir kavrama s\u0131\u011fmayan 5 ya\u015f\u0131ndaki k\u0131z \u00e7ocu\u011fa tecav\u00fcz edilmesi hepimizin vicdan\u0131n\u0131 yaralam\u0131\u015ft\u0131r ve bizleri derinden etkilemi\u015ftir. Biz insan olarak ya\u015fanan bu vah\u015feti \u015fiddetle k\u0131n\u0131yoruz. Bu t\u00fcr olaylar\u0131n bir daha ya\u015fanmamas\u0131 i\u00e7in yarg\u0131n\u0131n gerekli cezalar\u0131 vermesini ve TBMM\u2019de yer alan b\u00fct\u00fcn partilerden \u00e7ocuklar\u0131n korunmas\u0131 i\u00e7in kanunlar talep ediyoruz. Toplumda d\u00fczelmesi zaman alacak bu a\u011f\u0131r tahribatlar\u0131n biran \u00f6nce d\u00fczeltilmesi i\u00e7in gerekli olan t\u00fcm tedbirlerin al\u0131nmas\u0131n\u0131 istiyoruz. D\u00fcnyadaki hi\u00e7bir toplumun ahlaki de\u011ferlerine yak\u0131\u015fmayan bu tecav\u00fcz olaylar\u0131n\u0131n bizim g\u00fczel \u00fclkemizde ya\u015fan\u0131yor olmas\u0131, ciddi bir sorgulama ihtiyac\u0131 do\u011furmaktad\u0131r. Biz de yetkililere \u015fu \u00e7a\u011fr\u0131y\u0131 yap\u0131yoruz. Bu masum \u00e7ocuklar\u0131n, bu g\u00fczel Anadolu topraklar\u0131n\u0131n b\u00f6yle vah\u015fi ve insanl\u0131k d\u0131\u015f\u0131 olaylara maruz b\u0131rak\u0131lmamas\u0131n\u0131 istiyoruz ve sizi de gerekli olan ciddiyeti g\u00f6stermeye davet ediyoruz. Bu tarz olaylar\u0131n s\u0131radanla\u015ft\u0131\u011f\u0131 bu d\u00f6nemde herkesi gerekli olan duyarl\u0131l\u0131\u011f\u0131 g\u00f6stermeye davet ediyoruz&#8221; dedi.<\/p>\n","protected":false},"excerpt":{"rendered":"<p>B\u0130NG\u00d6L \u00dcN\u0130VERS\u0130TES\u0130\u2019NDEK\u0130 B\u0130R GRUP \u00d6\u011eRENC\u0130, K\u00dc\u00c7\u00dcK\u00c7EKMECE\u2019DE YA\u015eANAN TECAV\u00dcZ OLAYI NEDEN\u0130YLE BASIN A\u00c7IKLAMASI D\u00dcZENLED\u0130.<\/p>\n","protected":false},"author":1,"featured_media":149234,"comment_status":"closed","ping_status":"open","sticky":false,"template":"","format":"standard","meta":{"jetpack_post_was_ever_published":false,"_jetpack_newsletter_access":"","_jetpack_dont_email_post_to_subs":false,"_jetpack_newsletter_tier_id":0,"_jetpack_memberships_contains_paywalled_content":false,"_jetpack_memberships_contains_paid_content":false,"footnotes":"","jetpack_publicize_message":"","jetpack_publicize_feature_enabled":true,"jetpack_social_post_already_shared":true,"jetpack_social_options":{"image_generator_settings":{"template":"highway","default_image_id":0,"font":"","enabled":false},"version":2}},"categories":[1],"tags":[20766,5828,24995,7074,961],"class_list":["post-149233","post","type-post","status-publish","format-standard","has-post-thumbnail","hentry","category-genel","tag-bingolden","tag-cinsel","tag-istanbuldaki","tag-saldiriya","tag-tepki"],"jetpack_publicize_connections":[],"jetpack_featured_media_url":"https:\/\/i0.wp.com\/www.tvturk.com\/wp-content\/uploads\/2019\/04\/istanbuldaki-cinsel-saldiriya-bingolden-tepki_3bb002a.jpg?fit=1000%2C666","jetpack_sharing_enabled":true,"jetpack_shortlink":"https:\/\/wp.me\/paKIfm-COZ","_links":{"self":[{"href":"http:\/\/www.tvturk.com\/index.php\/wp-json\/wp\/v2\/posts\/149233","targetHints":{"allow":["GET"]}}],"collection":[{"href":"http:\/\/www.tvturk.com\/index.php\/wp-json\/wp\/v2\/posts"}],"about":[{"href":"http:\/\/www.tvturk.com\/index.php\/wp-json\/wp\/v2\/types\/post"}],"author":[{"embeddable":true,"href":"http:\/\/www.tvturk.com\/index.php\/wp-json\/wp\/v2\/users\/1"}],"replies":[{"embeddable":true,"href":"http:\/\/www.tvturk.com\/index.php\/wp-json\/wp\/v2\/comments?post=149233"}],"version-history":[{"count":0,"href":"http:\/\/www.tvturk.com\/index.php\/wp-json\/wp\/v2\/posts\/149233\/revisions"}],"wp:featuredmedia":[{"embeddable":true,"href":"http:\/\/www.tvturk.com\/index.php\/wp-json\/wp\/v2\/media\/149234"}],"wp:attachment":[{"href":"http:\/\/www.tvturk.com\/index.php\/wp-json\/wp\/v2\/media?parent=149233"}],"wp:term":[{"taxonomy":"category","embeddable":true,"href":"http:\/\/www.tvturk.com\/index.php\/wp-json\/wp\/v2\/categories?post=149233"},{"taxonomy":"post_tag","embeddable":true,"href":"http:\/\/www.tvturk.com\/index.php\/wp-json\/wp\/v2\/tags?post=149233"}],"curies":[{"name":"wp","href":"https:\/\/api.w.org\/{rel}","templated":true}]}}