{"id":149391,"date":"2019-04-27T10:39:21","date_gmt":"2019-04-27T07:39:21","guid":{"rendered":"http:\/\/www.tvturk.com\/index.php\/640-gramlik-karacigerini-kiziyla-birlikte-buyutmek-istiyor\/"},"modified":"2019-04-27T10:39:21","modified_gmt":"2019-04-27T07:39:21","slug":"640-gramlik-karacigerini-kiziyla-birlikte-buyutmek-istiyor","status":"publish","type":"post","link":"http:\/\/www.tvturk.com\/index.php\/640-gramlik-karacigerini-kiziyla-birlikte-buyutmek-istiyor\/","title":{"rendered":"640 graml\u0131k karaci\u011ferini, k\u0131z\u0131yla birlikte b\u00fcy\u00fctmek istiyor"},"content":{"rendered":"<p>Antalya\u2019da 4 y\u0131ld\u0131r canl\u0131 vericiden karaci\u011fer nakli bekleyen ve bu s\u00fcrede eski e\u015fi taraf\u0131ndan 4.5 ya\u015f\u0131ndaki k\u00fc\u00e7\u00fck k\u0131z\u0131 i\u00e7in a\u00e7\u0131lan velayet davas\u0131yla \u015fok \u00fcst\u00fcne \u015fok ya\u015fayan P\u0131nar Turgut\u2019a uygun don\u00f6rden nakil ger\u00e7ekle\u015fti. \u0130yile\u015fir iyile\u015fmez solu\u011fu k\u0131z\u0131n\u0131n yan\u0131nda alan Turgut,  \u201c\u015eu anda karn\u0131m\u0131n i\u00e7erisinde k\u00fc\u00e7\u00fck bir bebek varm\u0131\u015f gibi. Yakla\u015f\u0131k 640 gram kadar ama \u015fuan b\u00fcy\u00fck ihtimalle b\u00fcy\u00fcm\u00fc\u015ft\u00fcr. Ci\u011ferim ve k\u0131z\u0131m\u0131 birlikte b\u00fcy\u00fctece\u011fim\u201d dedi.<\/p>\n<p>4 y\u0131l \u00f6nce evlenen 34 ya\u015f\u0131ndaki P\u0131nar Turgut\u2019un bu evlili\u011finden bir k\u0131z \u00e7ocu\u011fu oldu. Do\u011fumun ard\u0131ndan evde bir anda rahats\u0131zlanan Turgut, Akdeniz \u00dcniversitesi Hastanesine kald\u0131r\u0131ld\u0131.<\/p>\n<p>Burada yap\u0131lan tahlillerin ard\u0131ndan portal ven trombozu (karaci\u011fer damar t\u0131kanmas\u0131) te\u015fhisi konulan Turgut, karaci\u011fer nakli i\u00e7in s\u0131raya al\u0131nd\u0131. \u0130lk tedavisinin ard\u0131ndan taburcu edilen Turgut, k\u0131z\u0131 M.B.S.\u2019nin 2.5 ya\u015f\u0131na geldi\u011finde tip 1 diyabet hastal\u0131\u011f\u0131na yakaland\u0131\u011f\u0131n\u0131 \u00f6\u011frenince ikinci kez y\u0131k\u0131ld\u0131. Bir yandan kendi hastal\u0131\u011f\u0131yla bo\u011fu\u015fan Turgut, di\u011fer yandan da her g\u00fcn ins\u00fclin kullanmak zorundaki k\u0131z\u0131n\u0131n tedavisiyle ilgilenmeye ba\u015flad\u0131.<\/p>\n<p>Velayet davas\u0131yla \u015fok oldu<\/p>\n<p>Turgut, ge\u00e7ti\u011fimiz y\u0131l\u0131n Aral\u0131k ay\u0131nda e\u015fiyle anla\u015fmal\u0131 olarak bo\u015fand\u0131 ve mahkeme k\u00fc\u00e7\u00fck k\u0131z\u0131n velayetini anneye verdi. Ayakta durabilmek i\u00e7in uygun organ nakli s\u0131ras\u0131n\u0131n gelmesini umutla bekleyen Turgut, 2018 Haziran ay\u0131nda eski e\u015fi taraf\u0131ndan Antalya 1. Aile Mahkemesine a\u00e7\u0131lan velayet davas\u0131yla yeni bir \u015fok daha ya\u015fad\u0131. S\u00fcrecin ard\u0131ndan karaci\u011fer nakli i\u00e7in aray\u0131\u015f\u0131n\u0131 h\u0131zland\u0131ran Turgut, 4 y\u0131ll\u0131k bekleyi\u015finin ard\u0131ndan sonu\u00e7 alamay\u0131nca bu sefer kadavradan nakle y\u00f6neldi. Uygun don\u00f6r i\u00e7in yine beklemeye ba\u015flayan Turgut, bu s\u00fcre zarf\u0131nda Akdeniz \u00dcniversitesi Hastanesinde olan kayd\u0131n\u0131 \u0130stanbul\u2019da \u00f6zel bir hastaneye ald\u0131rd\u0131.<\/p>\n<p>640 gram karaci\u011fer nakil edildi<\/p>\n<p>Turgut\u2019a \u015eubat ay\u0131nda ise sevindirici bir haber geldi. Gen\u00e7 kad\u0131n\u0131n durumunu yap\u0131lan haberlerde g\u00f6ren Umut \u00c7elik (41) isimli bir vatanda\u015f, hastaneye giderek nakil i\u00e7in ba\u015fvuruda bulundu. Yap\u0131lan tetkikler sonucu \u00c7elik\u2019in uygun don\u00f6r oldu\u011fu bildirildi. Turgut, nakil i\u00e7in son a\u015famalardan etik kurulun olur karar\u0131yla birlikte \u0130stanbul\u2019a giderek \u00f6zel bir hastaneye yat\u0131\u015f\u0131n\u0131 ger\u00e7ekle\u015ftirdi. Ge\u00e7ti\u011fimiz mart ay\u0131nda Prof. Dr. Ayhan Din\u00e7kan ve Do\u00e7. ve Dr. Ali Ko\u00e7yi\u011fit ger\u00e7ekle\u015ftirdi\u011fi ba\u015far\u0131l\u0131 operasyon sonras\u0131, Umut \u00c7elik\u2019in karaci\u011ferinden 640 graml\u0131k par\u00e7a al\u0131narak Turgut\u2019a nakledildi. Yakla\u015f\u0131k 1,5 ay boyunca g\u00f6zetim alt\u0131nda tutulan Turgut, iyile\u015fir iyile\u015fmez ise solu\u011fu Antalya\u2019da ya\u015fayan 2,5 ya\u015f\u0131ndaki k\u0131z\u0131n\u0131n yan\u0131nda ald\u0131.<\/p>\n<p>\u201cCi\u011ferimi ve k\u0131z\u0131m\u0131 birlikte b\u00fcy\u00fctece\u011fim\u201d<\/p>\n<p>Riskli bir ameliyata girdi\u011fini aktaran Turgut, sa\u011fl\u0131\u011f\u0131na tekrar kavu\u015fman\u0131n mutlulu\u011funu ya\u015fad\u0131\u011f\u0131n\u0131 dile getirdi.  Turgut, \u201c\u015euanda karn\u0131m\u0131n i\u00e7erisinde minnac\u0131k bir bebek varm\u0131\u015f gibi, tabi asl\u0131nda o bir karaci\u011fer. Yakla\u015f\u0131k 640 gram kadar ama \u015fuan b\u00fcy\u00fck ihtimalle b\u00fcy\u00fcm\u00fc\u015ft\u00fcr. Ci\u011ferim ve k\u0131z\u0131m bundan sonra hayat\u0131m\u0131za devam edece\u011fiz. \u00c7ocu\u011funuzu nas\u0131l beslerseniz, ci\u011ferimi de o \u015fekilde besliyorum ve dikkat ediyorum, etmeye de devam edece\u011fim. Ayn\u0131 \u015fekilde k\u0131z\u0131ma da gerekli \u00f6zeni g\u00f6steriyorum. \u0130kisini de birlikte b\u00fcy\u00fctece\u011fim. \u0130n\u015fallah velayeti de ald\u0131ktan sonra her \u015fey \u00e7ok g\u00fczel olacak\u201d dedi.<\/p>\n<p>\u201cSonucu d\u00f6rt g\u00f6zle bekliyorum\u201d<\/p>\n<p>Daha \u00f6nce el ve kollar\u0131nda yaralar oldu\u011funu ifade eden Turgut, yaralardan kurtuldu\u011funu ve may\u0131s ay\u0131nda ger\u00e7ekle\u015fecek olan velayet davas\u0131na haz\u0131rland\u0131\u011f\u0131n\u0131 ifade ederek, \u201cDaha \u00f6nceki davaya kat\u0131lamad\u0131m \u00e7\u00fcnk\u00fc hastanedeydim. Bu davada hakimin kar\u015f\u0131s\u0131na g\u00fc\u00e7l\u00fc bir \u015fekilde \u00e7\u0131kaca\u011f\u0131m. Her anne \u00e7ocu\u011funu ister. Mahkemeden olumlu sonu\u00e7 \u00e7\u0131kaca\u011f\u0131na inan\u0131yorum. O sonucu d\u00f6rt g\u00f6zle bekliyorum. K\u0131z\u0131m\u0131, kesinlikle babas\u0131ndan ay\u0131rma gibi bir niyetim yok ama bir \u00e7ocuk annesinin yan\u0131nda kalmal\u0131 diye d\u00fc\u015f\u00fcn\u00fcyorum\u201d diye konu\u015ftu.<\/p>\n<p>Turgut, birka\u00e7 ayl\u0131k istirahatin ard\u0131ndan i\u015f d\u00fcnyas\u0131na tekrar geri d\u00f6nmek istedi\u011fini de s\u00f6zlerine ekledi.<\/p>\n","protected":false},"excerpt":{"rendered":"<p>ANTALYA&#8217;DA 4 YILDIR CANLI VER\u0130C\u0130DEN KARAC\u0130\u011eER NAKL\u0130 BEKLEYEN VE BU S\u00dcREDE ESK\u0130 E\u015e\u0130 TARAFINDAN K\u00dc\u00c7\u00dcK KIZI \u0130\u00c7\u0130N A\u00c7ILAN VELAYET DAVASIYLA \u015eOK \u00dcST\u00dcNE \u015eOK YA\u015eAYAN PINAR TURGUT\u2019A \u0130STANBUL\u2019DA UYGUN DON\u00d6RDEN NAK\u0130L GER\u00c7EKLE\u015eT\u0130. \u0130Y\u0130LE\u015e\u0130R \u0130Y\u0130LE\u015eMEZ SOLU\u011eU ANTALYA\u2019DA YA\u015eAYAN 2,5 YA\u015eINDAK\u0130 KIZININ YANINDA ALAN TURGUT,  \u201c\u015eUANDA KARNIMIN \u0130\u00c7ER\u0130S\u0130NDE K\u00dc\u00c7\u00dcK B\u0130R BEBEK VARMI\u015e G\u0130B\u0130. YAKLA\u015eIK 640 GRAM KADAR AMA \u015eUAN B\u00dcY\u00dcK \u0130HT\u0130MALLE B\u00dcY\u00dcM\u00dc\u015eT\u00dcR. C\u0130\u011eER\u0130M VE KIZIMI B\u0130RL\u0130KTE B\u00dcY\u00dcTECE\u011e\u0130M\u201d DED\u0130.<\/p>\n","protected":false},"author":1,"featured_media":149392,"comment_status":"closed","ping_status":"open","sticky":false,"template":"","format":"standard","meta":{"jetpack_post_was_ever_published":false,"_jetpack_newsletter_access":"","_jetpack_dont_email_post_to_subs":false,"_jetpack_newsletter_tier_id":0,"_jetpack_memberships_contains_paywalled_content":false,"_jetpack_memberships_contains_paid_content":false,"footnotes":"","jetpack_publicize_message":"","jetpack_publicize_feature_enabled":true,"jetpack_social_post_already_shared":true,"jetpack_social_options":{"image_generator_settings":{"template":"highway","default_image_id":0,"font":"","enabled":false},"version":2}},"categories":[1],"tags":[33465,3789,30792,4465,99,33466,32899],"class_list":["post-149391","post","type-post","status-publish","format-standard","has-post-thumbnail","hentry","category-genel","tag-33465","tag-birlikte","tag-buyutmek","tag-gramlik","tag-istiyor","tag-karacigerini","tag-kiziyla"],"jetpack_publicize_connections":[],"jetpack_featured_media_url":"https:\/\/i0.wp.com\/www.tvturk.com\/wp-content\/uploads\/2019\/04\/640-gramlik-karacigerini-kiziyla-birlikte-buyutmek-istiyor_c61acd0.jpg?fit=1000%2C666","jetpack_sharing_enabled":true,"jetpack_shortlink":"https:\/\/wp.me\/paKIfm-CRx","_links":{"self":[{"href":"http:\/\/www.tvturk.com\/index.php\/wp-json\/wp\/v2\/posts\/149391","targetHints":{"allow":["GET"]}}],"collection":[{"href":"http:\/\/www.tvturk.com\/index.php\/wp-json\/wp\/v2\/posts"}],"about":[{"href":"http:\/\/www.tvturk.com\/index.php\/wp-json\/wp\/v2\/types\/post"}],"author":[{"embeddable":true,"href":"http:\/\/www.tvturk.com\/index.php\/wp-json\/wp\/v2\/users\/1"}],"replies":[{"embeddable":true,"href":"http:\/\/www.tvturk.com\/index.php\/wp-json\/wp\/v2\/comments?post=149391"}],"version-history":[{"count":0,"href":"http:\/\/www.tvturk.com\/index.php\/wp-json\/wp\/v2\/posts\/149391\/revisions"}],"wp:featuredmedia":[{"embeddable":true,"href":"http:\/\/www.tvturk.com\/index.php\/wp-json\/wp\/v2\/media\/149392"}],"wp:attachment":[{"href":"http:\/\/www.tvturk.com\/index.php\/wp-json\/wp\/v2\/media?parent=149391"}],"wp:term":[{"taxonomy":"category","embeddable":true,"href":"http:\/\/www.tvturk.com\/index.php\/wp-json\/wp\/v2\/categories?post=149391"},{"taxonomy":"post_tag","embeddable":true,"href":"http:\/\/www.tvturk.com\/index.php\/wp-json\/wp\/v2\/tags?post=149391"}],"curies":[{"name":"wp","href":"https:\/\/api.w.org\/{rel}","templated":true}]}}