{"id":149407,"date":"2019-04-27T10:52:30","date_gmt":"2019-04-27T07:52:30","guid":{"rendered":"http:\/\/www.tvturk.com\/index.php\/fenerbahce-yuksek-divan-kurulu-toplantisi-basladi\/"},"modified":"2019-04-27T10:52:30","modified_gmt":"2019-04-27T07:52:30","slug":"fenerbahce-yuksek-divan-kurulu-toplantisi-basladi","status":"publish","type":"post","link":"http:\/\/www.tvturk.com\/index.php\/fenerbahce-yuksek-divan-kurulu-toplantisi-basladi\/","title":{"rendered":"Fenerbah\u00e7e Y\u00fcksek Divan Kurulu Toplant\u0131s\u0131 ba\u015flad\u0131"},"content":{"rendered":"<p>Fenerbah\u00e7e\u2019de Y\u00fcksek Divan Kurulu Toplant\u0131s\u0131 ba\u015flad\u0131.<\/p>\n<p>Fenerbah\u00e7e\u2019nin Ola\u011fan Y\u00fcksek Divan Kurulu Toplant\u0131s\u0131, Kalam\u0131\u015f Faruk Ilgaz Tesisleri\u2019nde sayg\u0131 duru\u015fu ve \u0130stiklal Mar\u015f\u0131 ile ba\u015flad\u0131. Toplant\u0131ya Fenerbah\u00e7e Spor Kul\u00fcb\u00fc Ba\u015fkan\u0131 Ali Ko\u00e7, y\u00f6netim kurulu \u00fcyeleri ve divan kurulu \u00fcyeleri kat\u0131l\u0131rken toplant\u0131 \u00f6ncesi Fenerbah\u00e7e\u2019nin \u2018FENEROL\u2019 kampanyas\u0131 ile alakal\u0131 g\u00f6rseller dikkat \u00e7ekti.<\/p>\n","protected":false},"excerpt":{"rendered":"<p>FENERBAH\u00c7E\u2019N\u0130N OLA\u011eAN Y\u00dcKSEK D\u0130VAN KURULU TOPLANTISI, KALAMI\u015e FARUK ILGAZ TES\u0130SLER\u0130\u2019NDE SAYGI DURU\u015eU VE \u0130ST\u0130KLAL MAR\u015eI \u0130LE BA\u015eLADI.<\/p>\n","protected":false},"author":1,"featured_media":149408,"comment_status":"closed","ping_status":"open","sticky":false,"template":"","format":"standard","meta":{"jetpack_post_was_ever_published":false,"_jetpack_newsletter_access":"","_jetpack_dont_email_post_to_subs":false,"_jetpack_newsletter_tier_id":0,"_jetpack_memberships_contains_paywalled_content":false,"_jetpack_memberships_contains_paid_content":false,"footnotes":"","jetpack_publicize_message":"","jetpack_publicize_feature_enabled":true,"jetpack_social_post_already_shared":true,"jetpack_social_options":{"image_generator_settings":{"template":"highway","default_image_id":0,"font":"","enabled":false},"version":2}},"categories":[657],"tags":[55,10387,2626,247,347,3448],"class_list":["post-149407","post","type-post","status-publish","format-standard","has-post-thumbnail","hentry","category-spor","tag-basladi","tag-divan","tag-fenerbahce","tag-kurulu","tag-toplantisi","tag-yuksek"],"jetpack_publicize_connections":[],"jetpack_featured_media_url":"https:\/\/i0.wp.com\/www.tvturk.com\/wp-content\/uploads\/2019\/04\/fenerbahce-yuksek-divan-kurulu-toplantisi-basladi_94baaf3.jpg?fit=1000%2C620","jetpack_sharing_enabled":true,"jetpack_shortlink":"https:\/\/wp.me\/paKIfm-CRN","_links":{"self":[{"href":"http:\/\/www.tvturk.com\/index.php\/wp-json\/wp\/v2\/posts\/149407","targetHints":{"allow":["GET"]}}],"collection":[{"href":"http:\/\/www.tvturk.com\/index.php\/wp-json\/wp\/v2\/posts"}],"about":[{"href":"http:\/\/www.tvturk.com\/index.php\/wp-json\/wp\/v2\/types\/post"}],"author":[{"embeddable":true,"href":"http:\/\/www.tvturk.com\/index.php\/wp-json\/wp\/v2\/users\/1"}],"replies":[{"embeddable":true,"href":"http:\/\/www.tvturk.com\/index.php\/wp-json\/wp\/v2\/comments?post=149407"}],"version-history":[{"count":0,"href":"http:\/\/www.tvturk.com\/index.php\/wp-json\/wp\/v2\/posts\/149407\/revisions"}],"wp:featuredmedia":[{"embeddable":true,"href":"http:\/\/www.tvturk.com\/index.php\/wp-json\/wp\/v2\/media\/149408"}],"wp:attachment":[{"href":"http:\/\/www.tvturk.com\/index.php\/wp-json\/wp\/v2\/media?parent=149407"}],"wp:term":[{"taxonomy":"category","embeddable":true,"href":"http:\/\/www.tvturk.com\/index.php\/wp-json\/wp\/v2\/categories?post=149407"},{"taxonomy":"post_tag","embeddable":true,"href":"http:\/\/www.tvturk.com\/index.php\/wp-json\/wp\/v2\/tags?post=149407"}],"curies":[{"name":"wp","href":"https:\/\/api.w.org\/{rel}","templated":true}]}}