{"id":149437,"date":"2019-04-27T11:23:33","date_gmt":"2019-04-27T08:23:33","guid":{"rendered":"http:\/\/www.tvturk.com\/index.php\/konyaspor-baskani-hilmi-kulluk-sonucu-etkileyecek-hakem-hatasina-tahammulumuz-yok\/"},"modified":"2019-04-27T11:23:33","modified_gmt":"2019-04-27T08:23:33","slug":"konyaspor-baskani-hilmi-kulluk-sonucu-etkileyecek-hakem-hatasina-tahammulumuz-yok","status":"publish","type":"post","link":"http:\/\/www.tvturk.com\/index.php\/konyaspor-baskani-hilmi-kulluk-sonucu-etkileyecek-hakem-hatasina-tahammulumuz-yok\/","title":{"rendered":"Konyaspor Ba\u015fkan\u0131 Hilmi Kulluk: \u201cSonucu etkileyecek hakem hatas\u0131na tahamm\u00fcl\u00fcm\u00fcz yok\u201d"},"content":{"rendered":"<p>Atiker Konyaspor Kul\u00fcp Ba\u015fkan\u0131 Hilmi Kulluk, Galatasaray ma\u00e7\u0131 \u00f6ncesi yapt\u0131\u011f\u0131 a\u00e7\u0131klamada, sonucu do\u011frudan etkileyecek hakem hatas\u0131na tahamm\u00fcllerinin olmad\u0131\u011f\u0131n\u0131 s\u00f6yledi.<\/p>\n<p>Atiker Konyaspor Ba\u015fkan\u0131 Hilmi Kulluk, Galatasaray ma\u00e7\u0131 \u00f6ncesi kul\u00fcb\u00fcn internet sitesinden hakem hatalar\u0131 hakk\u0131nda bir a\u00e7\u0131klama yay\u0131nlad\u0131. Ba\u015fkan Kulluk, \u201cEn sonunda s\u00f6yleyece\u011fimizi ba\u015fta ifade edelim; Galatasaray Ba\u015fkan\u0131 Say\u0131n Mustafa Cengiz\u2019in yapm\u0131\u015f oldu\u011fu a\u00e7\u0131klamada, \u2019Bizim lehimize de hatalar yap\u0131lmas\u0131n, biz bundan da ho\u015fnut olmay\u0131z. Bunun i\u00e7in biz m\u00fcmk\u00fcn olan en adaletli, g\u00f6rd\u00fc\u011f\u00fcn\u00fc \u00e7alan ve \u00fcst \u00fcste hatalar yapmayan y\u00f6netimler diliyoruz\u2019 ifadeleri yer alm\u0131\u015ft\u0131r. Atiker<\/p>\n<p>Konyaspor Kul\u00fcb\u00fc olarak biz de bu ma\u00e7a atanan hakemlerin adaletli olmalar\u0131n\u0131, d\u00fc\u015f\u00fcnd\u00fcklerini de\u011fil g\u00f6rd\u00fcklerini korkmadan \u00e7almalar\u0131n\u0131 ve sergiledikleri y\u00f6netimin olumsuz anlamda ma\u00e7\u0131n \u00f6n\u00fcne ge\u00e7memesini diliyoruz. Hat\u0131rlanaca\u011f\u0131 \u00fczere sezonun ilk yar\u0131s\u0131nda Trabzon\u2019da oynanan m\u00fcsabaka \u00f6ncesinde ev sahibi kul\u00fcb\u00fcn hafta i\u00e7i yapt\u0131\u011f\u0131 a\u00e7\u0131klamalardan ma\u00e7\u0131 y\u00f6netecek hakemler etkilenmi\u015f ve ak\u0131l almaz kararlara imza atm\u0131\u015flard\u0131. Biz o d\u00f6nemde g\u00fcndemin daha fazla gerilmemesi i\u00e7in sa\u011fduyulu davranarak hakemlerle ilgili herhangi bir a\u00e7\u0131klama yapma gere\u011fi duymam\u0131\u015ft\u0131k. Ancak o g\u00fcnk\u00fc iyi niyetimiz ne yaz\u0131k ki bize pahal\u0131ya mal oldu. \u015eimdi a\u00e7\u0131k ve net bir \u015fekilde bu ma\u00e7ta sonucu do\u011frudan etkileyecek herhangi bir hakem hatas\u0131na tahamm\u00fcl\u00fcm\u00fcz olmad\u0131\u011f\u0131n\u0131 ifade ediyoruz. VAR sistemi bu hatalar\u0131 en aza indirgemek i\u00e7in y\u00fcr\u00fcrl\u00fc\u011fe girdi ama ne yaz\u0131k ki bu sistem konu Atiker Konyaspor olunca bir\u00e7ok ma\u00e7ta tersine i\u015fledi. Evet, Galatasaray Kul\u00fcb\u00fc\u2019n\u00fcn Say\u0131n Ba\u015fkan\u0131na bu ba\u011flamda sonuna kadar kat\u0131l\u0131yoruz ve birilerinin oyuna hile katmamas\u0131n\u0131, ortaya konacak y\u00f6netimin futbol kamuoyunun vicdan\u0131n\u0131 kanatmamas\u0131n\u0131 diliyoruz\u201d dedi.<\/p>\n","protected":false},"excerpt":{"rendered":"<p>KONYASPOR BA\u015eKANI KULLUK: \u201cSONUCU ETK\u0130LEYECEK HAKEM HATASINA TAHAMM\u00dcL\u00dcM\u00dcZ YOK\u201d<\/p>\n","protected":false},"author":1,"featured_media":149438,"comment_status":"closed","ping_status":"open","sticky":false,"template":"","format":"standard","meta":{"jetpack_post_was_ever_published":false,"_jetpack_newsletter_access":"","_jetpack_dont_email_post_to_subs":false,"_jetpack_newsletter_tier_id":0,"_jetpack_memberships_contains_paywalled_content":false,"_jetpack_memberships_contains_paid_content":false,"footnotes":"","jetpack_publicize_message":"","jetpack_publicize_feature_enabled":true,"jetpack_social_post_already_shared":true,"jetpack_social_options":{"image_generator_settings":{"template":"highway","default_image_id":0,"font":"","enabled":false},"version":2}},"categories":[657],"tags":[216,32606,1151,33484,4959,3505,15476,945,24123,664],"class_list":["post-149437","post","type-post","status-publish","format-standard","has-post-thumbnail","hentry","category-spor","tag-baskani","tag-etkileyecek","tag-hakem","tag-hatasina","tag-hilmi","tag-konyaspor","tag-kulluk","tag-sonucu","tag-tahammulumuz","tag-yok"],"jetpack_publicize_connections":[],"jetpack_featured_media_url":"https:\/\/i0.wp.com\/www.tvturk.com\/wp-content\/uploads\/2019\/04\/konyaspor-baskani-hilmi-kulluk-sonucu-etkileyecek-hakem-hatasina-tahammulumuz-yok_e891d78.jpg?fit=1000%2C665","jetpack_sharing_enabled":true,"jetpack_shortlink":"https:\/\/wp.me\/paKIfm-CSh","_links":{"self":[{"href":"http:\/\/www.tvturk.com\/index.php\/wp-json\/wp\/v2\/posts\/149437","targetHints":{"allow":["GET"]}}],"collection":[{"href":"http:\/\/www.tvturk.com\/index.php\/wp-json\/wp\/v2\/posts"}],"about":[{"href":"http:\/\/www.tvturk.com\/index.php\/wp-json\/wp\/v2\/types\/post"}],"author":[{"embeddable":true,"href":"http:\/\/www.tvturk.com\/index.php\/wp-json\/wp\/v2\/users\/1"}],"replies":[{"embeddable":true,"href":"http:\/\/www.tvturk.com\/index.php\/wp-json\/wp\/v2\/comments?post=149437"}],"version-history":[{"count":0,"href":"http:\/\/www.tvturk.com\/index.php\/wp-json\/wp\/v2\/posts\/149437\/revisions"}],"wp:featuredmedia":[{"embeddable":true,"href":"http:\/\/www.tvturk.com\/index.php\/wp-json\/wp\/v2\/media\/149438"}],"wp:attachment":[{"href":"http:\/\/www.tvturk.com\/index.php\/wp-json\/wp\/v2\/media?parent=149437"}],"wp:term":[{"taxonomy":"category","embeddable":true,"href":"http:\/\/www.tvturk.com\/index.php\/wp-json\/wp\/v2\/categories?post=149437"},{"taxonomy":"post_tag","embeddable":true,"href":"http:\/\/www.tvturk.com\/index.php\/wp-json\/wp\/v2\/tags?post=149437"}],"curies":[{"name":"wp","href":"https:\/\/api.w.org\/{rel}","templated":true}]}}