{"id":149507,"date":"2019-04-27T13:27:52","date_gmt":"2019-04-27T10:27:52","guid":{"rendered":"http:\/\/www.tvturk.com\/index.php\/ytbden-yurt-disinda-yasayan-turklere-4-ayri-burs-programi\/"},"modified":"2019-04-27T13:27:52","modified_gmt":"2019-04-27T10:27:52","slug":"ytbden-yurt-disinda-yasayan-turklere-4-ayri-burs-programi","status":"publish","type":"post","link":"http:\/\/www.tvturk.com\/index.php\/ytbden-yurt-disinda-yasayan-turklere-4-ayri-burs-programi\/","title":{"rendered":"YTB\u2019den yurt d\u0131\u015f\u0131nda ya\u015fayan T\u00fcrklere 4 ayr\u0131 burs program\u0131"},"content":{"rendered":"<p>Yurt D\u0131\u015f\u0131 T\u00fcrkler ve Akraba Topluluklar Ba\u015fkanl\u0131\u011f\u0131 (YTB), yurt d\u0131\u015f\u0131nda ya\u015fayan vatanda\u015flar\u0131n e\u011fitim ve akademik \u00e7al\u0131\u015fmalar\u0131n\u0131 desteklemek amac\u0131yla d\u00f6rt farkl\u0131 alanda burs program\u0131 ilan etti. Vatanda\u015flar\u0131n sorunlar\u0131 hakk\u0131nda yap\u0131lacak ara\u015ft\u0131rmalar\u0131n say\u0131s\u0131n\u0131n ve niteli\u011finin art\u0131r\u0131lmas\u0131na yard\u0131mc\u0131 olacak programlar ayn\u0131 zamanda gen\u00e7lerin T\u00fcrk\u00e7e ve T\u00fcrk k\u00fclt\u00fcr\u00fcn\u00fc daha yak\u0131ndan \u00f6\u011frenmelerine katk\u0131 sa\u011flayacak.<\/p>\n<p>Yurt D\u0131\u015f\u0131 T\u00fcrkler ve Akraba Topluluklar Ba\u015fkanl\u0131\u011f\u0131 (YTB), yurt d\u0131\u015f\u0131nda ya\u015fayan vatanda\u015flar\u0131n e\u011fitim ve akademik \u00e7al\u0131\u015fmalar\u0131n\u0131 desteklemek amac\u0131yla farkl\u0131 alanlarda burs programlar\u0131 ilan etti. T\u00fcrk vatanda\u015flar\u0131n\u0131 bulunduklar\u0131 \u00fclkelerde aktif bireyler k\u0131lacak programlar\u0131n ayn\u0131 zamanda gen\u00e7lerin anavatanlar\u0131yla aidiyetlerini de g\u00fc\u00e7lendirmesi ama\u00e7lan\u0131yor. \u0130lan edilen &#8220;Tez Ara\u015ft\u0131rma Burs Program\u0131&#8221;, &#8220;Yurt D\u0131\u015f\u0131 Vatanda\u015flar Lise Bitirme S\u0131nav\u0131 Ba\u015far\u0131 \u00d6d\u00fclleri Program\u0131&#8221;, &#8220;Yurt D\u0131\u015f\u0131ndaki T\u00fcrk \u00c7ocuklar\u0131na T\u00fcrk\u00e7e \u00d6\u011fretimi Y\u00fcksek Lisans Program\u0131&#8221; ve &#8220;Yurt d\u0131\u015f\u0131 Vatanda\u015flar Fuat Sezgin \u00dcst\u00fcn Ba\u015far\u0131 \u00d6d\u00fclleri Program\u0131&#8221; yurt d\u0131\u015f\u0131nda ya\u015fayan T\u00fcrkler aras\u0131nda ba\u015far\u0131l\u0131 rol modeller yeti\u015fmesine de katk\u0131 sa\u011flayacak.<\/p>\n<p>Yurt d\u0131\u015f\u0131nda ya\u015fayan ba\u015far\u0131l\u0131 gen\u00e7ler \u00f6d\u00fcllendirilecek<\/p>\n<p>YTB taraf\u0131ndan ilan edilen \u201cYurt D\u0131\u015f\u0131 Vatanda\u015flar Lise Bitirme S\u0131nav\u0131 Ba\u015far\u0131 \u00d6d\u00fclleri\u201d program\u0131 ile yurt d\u0131\u015f\u0131nda lise e\u011fitiminde ba\u015far\u0131l\u0131 olan gen\u00e7ler \u00f6d\u00fcllendirilecek. \u201cFuat Sezgin \u00dcst\u00fcn Ba\u015far\u0131 \u00d6d\u00fclleri\u201d program\u0131yla da; fen, m\u00fchendislik, sa\u011fl\u0131k, sosyal ve be\u015feri bilimler alan\u0131nda lisans, y\u00fcksek lisans ve doktora program\u0131na kay\u0131tl\u0131 ya da bitirmi\u015f olan ba\u015far\u0131l\u0131 adaylara bir defaya mahsus burs deste\u011fi sa\u011flanacak. YTB bu programlar\u0131n yan\u0131nda bir de yurt d\u0131\u015f\u0131nda ya\u015fayan vatanda\u015flar\u0131n akademik \u00e7al\u0131\u015fmalar\u0131n\u0131 desteklemek amac\u0131yla \u201cTez Ara\u015ft\u0131rma Burs Program\u0131\u201d a\u00e7t\u0131. Bu programla birlikte ana vatanlar\u0131ndan ayr\u0131 ya\u015fayan vatanda\u015flar\u0131n sorunlar\u0131 hakk\u0131nda yap\u0131lan akademik ara\u015ft\u0131rma say\u0131s\u0131n\u0131n ve niteli\u011finin artt\u0131r\u0131lmas\u0131 hedefleniyor. Programlara ba\u015fvuralar ise 15 Haziran 2019 tarihlerinde sona erecek.<\/p>\n<p>Gen\u00e7 nesillere T\u00fcrk\u00e7e do\u011fru ve etkin bir \u015fekilde aktar\u0131lacak<\/p>\n<p>Yurt d\u0131\u015f\u0131nda ya\u015fayan miniklere T\u00fcrk\u00e7eyi \u00f6\u011fretmek i\u00e7in ihtiya\u00e7 duyulan \u00f6\u011freticileri yeti\u015ftirmek \u00fczere ilan edilen \u201cYurt D\u0131\u015f\u0131ndaki T\u00fcrk \u00c7ocuklar\u0131na T\u00fcrk\u00e7e \u00d6\u011fretimi Tezli Y\u00fcksek Lisans Program\u0131&#8221; da burs destekleri aras\u0131nda yer al\u0131yor. Program ile yurt d\u0131\u015f\u0131ndan adaylar, T\u00fcrkiye\u2019de ald\u0131klar\u0131 e\u011fitimlerin ard\u0131ndan ya\u015fad\u0131klar\u0131 \u00fclkelere giderek T\u00fcrk\u00e7e\u2019nin ve T\u00fcrk k\u00fclt\u00fcr\u00fcn\u00fcn do\u011fru, etkin \u015fekilde \u00f6\u011fretilmesinde \u00f6nemli rol oynayacak. Program\u0131n ba\u015fvurular\u0131 da 10 Haziran 2019 tarihlerinde son bulacak.<\/p>\n<p>T\u00fcrk vatanda\u015f\u0131, \u00e7ifte vatanda\u015f veya Mavi Kart sahibi olanlar\u0131n yararlanabilece\u011fi programlar hakk\u0131nda geni\u015f bilgiler ise https:\/\/www.ytb.gov.tr\/ adresinde yer al\u0131yor.<\/p>\n","protected":false},"excerpt":{"rendered":"<p>YURT DI\u015eI T\u00dcRKLER VE AKRABA TOPLULUKLAR BA\u015eKANLI\u011eI (YTB), YURT DI\u015eINDA YA\u015eAYAN VATANDA\u015eLARIN E\u011e\u0130T\u0130M VE AKADEM\u0130K \u00c7ALI\u015eMALARINI DESTEKLEMEK AMACIYLA D\u00d6RT FARKLI ALANDA BURS PROGRAMI \u0130LAN ETT\u0130.<\/p>\n","protected":false},"author":1,"featured_media":149508,"comment_status":"closed","ping_status":"open","sticky":false,"template":"","format":"standard","meta":{"jetpack_post_was_ever_published":false,"_jetpack_newsletter_access":"","_jetpack_dont_email_post_to_subs":false,"_jetpack_newsletter_tier_id":0,"_jetpack_memberships_contains_paywalled_content":false,"_jetpack_memberships_contains_paid_content":false,"footnotes":"","jetpack_publicize_message":"","jetpack_publicize_feature_enabled":true,"jetpack_social_post_already_shared":true,"jetpack_social_options":{"image_generator_settings":{"template":"highway","default_image_id":0,"font":"","enabled":false},"version":2}},"categories":[1],"tags":[2597,11765,19951,1999,9445,3462,6702,6663],"class_list":["post-149507","post","type-post","status-publish","format-standard","has-post-thumbnail","hentry","category-genel","tag-ayri","tag-burs","tag-disinda","tag-programi","tag-turklere","tag-yasayan","tag-ytbden","tag-yurt"],"jetpack_publicize_connections":[],"jetpack_featured_media_url":"https:\/\/i0.wp.com\/www.tvturk.com\/wp-content\/uploads\/2019\/04\/ytbden-yurt-disinda-yasayan-turklere-4-ayri-burs-programi_894fa4e.jpg?fit=1000%2C603","jetpack_sharing_enabled":true,"jetpack_shortlink":"https:\/\/wp.me\/paKIfm-CTp","_links":{"self":[{"href":"http:\/\/www.tvturk.com\/index.php\/wp-json\/wp\/v2\/posts\/149507","targetHints":{"allow":["GET"]}}],"collection":[{"href":"http:\/\/www.tvturk.com\/index.php\/wp-json\/wp\/v2\/posts"}],"about":[{"href":"http:\/\/www.tvturk.com\/index.php\/wp-json\/wp\/v2\/types\/post"}],"author":[{"embeddable":true,"href":"http:\/\/www.tvturk.com\/index.php\/wp-json\/wp\/v2\/users\/1"}],"replies":[{"embeddable":true,"href":"http:\/\/www.tvturk.com\/index.php\/wp-json\/wp\/v2\/comments?post=149507"}],"version-history":[{"count":0,"href":"http:\/\/www.tvturk.com\/index.php\/wp-json\/wp\/v2\/posts\/149507\/revisions"}],"wp:featuredmedia":[{"embeddable":true,"href":"http:\/\/www.tvturk.com\/index.php\/wp-json\/wp\/v2\/media\/149508"}],"wp:attachment":[{"href":"http:\/\/www.tvturk.com\/index.php\/wp-json\/wp\/v2\/media?parent=149507"}],"wp:term":[{"taxonomy":"category","embeddable":true,"href":"http:\/\/www.tvturk.com\/index.php\/wp-json\/wp\/v2\/categories?post=149507"},{"taxonomy":"post_tag","embeddable":true,"href":"http:\/\/www.tvturk.com\/index.php\/wp-json\/wp\/v2\/tags?post=149507"}],"curies":[{"name":"wp","href":"https:\/\/api.w.org\/{rel}","templated":true}]}}