{"id":149533,"date":"2019-04-27T14:12:10","date_gmt":"2019-04-27T11:12:10","guid":{"rendered":"http:\/\/www.tvturk.com\/index.php\/afgan-kadin-polis-adaylari-zorlu-egitimin-ardindan-mezun-oldu\/"},"modified":"2019-04-27T14:12:10","modified_gmt":"2019-04-27T11:12:10","slug":"afgan-kadin-polis-adaylari-zorlu-egitimin-ardindan-mezun-oldu","status":"publish","type":"post","link":"http:\/\/www.tvturk.com\/index.php\/afgan-kadin-polis-adaylari-zorlu-egitimin-ardindan-mezun-oldu\/","title":{"rendered":"Afgan kad\u0131n polis adaylar\u0131 zorlu e\u011fitimin ard\u0131ndan mezun oldu"},"content":{"rendered":"<p>Afganistan\u2019dan gelen kad\u0131n polis adaylar\u0131, Sivas Polis Meslek Y\u00fcksekokulu\u2019nda (PMYO) verilen 6 ayl\u0131k zorlu e\u011fitimlerin ard\u0131ndan mezun oldu.<\/p>\n<p>T\u00fcrkiye ile Afganistan aras\u0131nda imzalanan \u2019Afgan Ulusal Polisinin E\u011fitilmesi ve Kapasitesinin Geli\u015ftirilmesi Hususunda T\u00fcrkiye Cumhuriyeti H\u00fck\u00fcmeti ile Afganistan \u0130slam Cumhuriyeti H\u00fck\u00fcmeti Aras\u0131nda \u0130\u015fbirli\u011fi Yap\u0131lmas\u0131na Dair Mutabakat Muht\u0131ras\u0131\u2019 \u00e7er\u00e7evesinde Sivas PMYO\u2019daki e\u011fitim program\u0131n\u0131 ba\u015far\u0131yla tamamlayan 7\u2019nci d\u00f6nem Afgan 167 kad\u0131n polis aday\u0131, d\u00fczenlenen t\u00f6renle mezun oldu. Mezuniyet t\u00f6renine Sivas Valisi Salih Ayhan, Polis Akademisi Daire Ba\u015fkan Y\u0131lmaz \u00c7olak, Afganistan \u0130\u00e7i\u015fleri Bakan Yard\u0131mc\u0131s\u0131 Abduul Saboor Quani ve \u00e7e\u015fitli \u00fclkelerin b\u00fcrokratlar\u0131 kat\u0131ld\u0131. T\u00fcrkiye ve Afganistan milli mar\u015flar\u0131n\u0131n okunmas\u0131yla ba\u015flayan t\u00f6ren, d\u00f6nem mezunlar\u0131 ad\u0131na Farzana Jafer\u2019in k\u00fct\u00fc\u011fe plaket \u00e7ak\u0131lmas\u0131 ile devam etti.<\/p>\n<p>T\u00f6rende konu\u015fan Sivas Valisi Salih Ayhan, &#8220;Mezuniyet t\u00f6reninde olmaktan dolay\u0131 mutluluk duydu\u011fumu belirtmek isterim. Afgan halk\u0131 ile T\u00fcrk halk\u0131 dost ve karde\u015f bir halkt\u0131r. Y\u00fczy\u0131llar \u00f6nce kurdu\u011fumuz bu dostlu\u011fumuz y\u00fczy\u0131llar sonra da devam edecektir&#8221; dedi.<\/p>\n<p>Konu\u015fmalar\u0131n ard\u0131ndan Sivas Valisi Salih Ayhan ve Afganistan \u0130\u00e7i\u015fleri Bakan Yard\u0131mc\u0131s\u0131 Abduul Saboor Quani, dereceye giren polis adaylar\u0131na hediye verdi. Mezuniyet t\u00f6reni 167 kad\u0131n Afgan polis aday\u0131n\u0131n yemin etmesi ile devam etti. Yemin t\u00f6reninin ard\u0131ndan g\u00f6zya\u015flar\u0131na bo\u011fulan Afgan kad\u0131n polis adaylar\u0131 mutluluklar\u0131n\u0131 e\u011fitmenlerine sar\u0131larak ya\u015fad\u0131lar.<\/p>\n<p>Afgan polis adaylar\u0131na 6 ay boyunca alan\u0131nda uzman personel taraf\u0131ndan polis usul ve esaslar\u0131, polis hukuku, Afgan anayasas\u0131 mod\u00fclleri, silah kullan\u0131m\u0131, trafik polisli\u011fi, s\u00fcr\u00fcc\u00fc e\u011fitimi, bilgisayar kullan\u0131m\u0131, arama teknikleri, yolsuzlukla m\u00fccadele, insan haklar\u0131, polis savunma taktikleri, ilk yard\u0131m, ifade alma, olay yeri inceleme, delil toplama, aile i\u00e7i \u015fiddet ve ma\u011fdurlara yard\u0131m ve ter\u00f6rizm gibi bir\u00e7ok alanda uygulamal\u0131 e\u011fitimler verildi. Zorlu e\u011fitimden ge\u00e7en Afgan kad\u0131n polisler, \u00fclkelerinde g\u00fcvenli\u011fi ve asayi\u015fi sa\u011flamada g\u00f6rev alacak.<\/p>\n","protected":false},"excerpt":{"rendered":"<p>AFGAN\u0130STAN&#8217;DAN GELEN KADIN POL\u0130S ADAYLARI, S\u0130VAS POL\u0130S MESLEK Y\u00dcKSEKOKULU&#8217;NDA (PMYO) VER\u0130LEN 6 AYLIK ZORLU E\u011e\u0130T\u0130MLER\u0130N ARDINDAN MEZUN OLDU.<\/p>\n","protected":false},"author":1,"featured_media":149534,"comment_status":"closed","ping_status":"open","sticky":false,"template":"","format":"standard","meta":{"jetpack_post_was_ever_published":false,"_jetpack_newsletter_access":"","_jetpack_dont_email_post_to_subs":false,"_jetpack_newsletter_tier_id":0,"_jetpack_memberships_contains_paywalled_content":false,"_jetpack_memberships_contains_paid_content":false,"footnotes":"","jetpack_publicize_message":"","jetpack_publicize_feature_enabled":true,"jetpack_social_post_already_shared":true,"jetpack_social_options":{"image_generator_settings":{"template":"highway","default_image_id":0,"font":"","enabled":false},"version":2}},"categories":[1],"tags":[4119,4135,3469,13454,108,8906,77,996,4376],"class_list":["post-149533","post","type-post","status-publish","format-standard","has-post-thumbnail","hentry","category-genel","tag-adaylari","tag-afgan","tag-ardindan","tag-egitimin","tag-kadin","tag-mezun","tag-oldu","tag-polis","tag-zorlu"],"jetpack_publicize_connections":[],"jetpack_featured_media_url":"https:\/\/i0.wp.com\/www.tvturk.com\/wp-content\/uploads\/2019\/04\/afgan-kadin-polis-adaylari-zorlu-egitimin-ardindan-mezun-oldu_d7c6e09.jpg?fit=1000%2C666","jetpack_sharing_enabled":true,"jetpack_shortlink":"https:\/\/wp.me\/paKIfm-CTP","_links":{"self":[{"href":"http:\/\/www.tvturk.com\/index.php\/wp-json\/wp\/v2\/posts\/149533","targetHints":{"allow":["GET"]}}],"collection":[{"href":"http:\/\/www.tvturk.com\/index.php\/wp-json\/wp\/v2\/posts"}],"about":[{"href":"http:\/\/www.tvturk.com\/index.php\/wp-json\/wp\/v2\/types\/post"}],"author":[{"embeddable":true,"href":"http:\/\/www.tvturk.com\/index.php\/wp-json\/wp\/v2\/users\/1"}],"replies":[{"embeddable":true,"href":"http:\/\/www.tvturk.com\/index.php\/wp-json\/wp\/v2\/comments?post=149533"}],"version-history":[{"count":0,"href":"http:\/\/www.tvturk.com\/index.php\/wp-json\/wp\/v2\/posts\/149533\/revisions"}],"wp:featuredmedia":[{"embeddable":true,"href":"http:\/\/www.tvturk.com\/index.php\/wp-json\/wp\/v2\/media\/149534"}],"wp:attachment":[{"href":"http:\/\/www.tvturk.com\/index.php\/wp-json\/wp\/v2\/media?parent=149533"}],"wp:term":[{"taxonomy":"category","embeddable":true,"href":"http:\/\/www.tvturk.com\/index.php\/wp-json\/wp\/v2\/categories?post=149533"},{"taxonomy":"post_tag","embeddable":true,"href":"http:\/\/www.tvturk.com\/index.php\/wp-json\/wp\/v2\/tags?post=149533"}],"curies":[{"name":"wp","href":"https:\/\/api.w.org\/{rel}","templated":true}]}}