{"id":149539,"date":"2019-04-27T14:29:12","date_gmt":"2019-04-27T11:29:12","guid":{"rendered":"http:\/\/www.tvturk.com\/index.php\/ramazan-ayinda-mazlum-cografyalarda-ummet-sofralari\/"},"modified":"2019-04-27T14:29:12","modified_gmt":"2019-04-27T11:29:12","slug":"ramazan-ayinda-mazlum-cografyalarda-ummet-sofralari","status":"publish","type":"post","link":"http:\/\/www.tvturk.com\/index.php\/ramazan-ayinda-mazlum-cografyalarda-ummet-sofralari\/","title":{"rendered":"Ramazan ay\u0131nda, mazlum co\u011frafyalarda \u00fcmmet sofralar\u0131"},"content":{"rendered":"<p>Temelleri 2005 y\u0131l\u0131nda Erzurum\u2019da at\u0131lan Vuslat Derne\u011fi, Ramazan ay\u0131 boyunca yurtd\u0131\u015f\u0131da \u00fcmmet sofralar\u0131 kuracak.<\/p>\n<p>Ramazan ay\u0131nda \u00e7al\u0131\u015fmalar\u0131n\u0131n kapsam\u0131n\u0131 her sene daha da geni\u015fleten Vuslat Derne\u011fi, bu y\u0131l da \u201c\u00dcmmet Sofralar\u0131 Projesi\u201d ile dikkatleri \u00fczerinde topluyor. Vuslat Derne\u011fi Kurumsal \u0130li\u015fkiler ve Finans Direkt\u00f6r\u00fc Sel\u00e7uk Ta\u015ftan hem yurti\u00e7inde hem de yurtd\u0131\u015f\u0131nda bir\u00e7ok yard\u0131mla\u015fma kampanyalar\u0131n\u0131n devam etti\u011fini belirterek, &#8220;Toplumsal olaylara ve ac\u0131lara kay\u0131ts\u0131z kalm\u0131yoruz. G\u00f6n\u00fcll\u00fclerimizin destek ve dualar\u0131 ile nerede dara d\u00fc\u015fm\u00fc\u015f bir mazlum varsa onun imdad\u0131na yeti\u015fmek i\u00e7in ko\u015fturuyoruz&#8221; dedi.<\/p>\n<p>Vuslat Derne\u011fi olarak sadece T\u00fcrkiye\u2019de de\u011fil d\u00fcnyan\u0131n d\u00f6rt bir yan\u0131ndaki mazlumlara ula\u015fmaya \u00e7al\u0131\u015ft\u0131klar\u0131n\u0131 belirten Ta\u015ftan, &#8220;Ramazan \u00f6yle bir ay ki \u00e7ok uzaklarda da olsalar hat\u0131rlanmay\u0131 \u00fcmit ettiklerini en kalbi duygular\u0131m\u0131z ile hissediyoruz. Arakan Kamplar\u0131, Banglade\u015f, Pakistan, Sri Lanka, Hindistan, Nepal, Somali, Nijerya, Kenya, Kamerun, Tanzanya, Fildi\u015fi Sahili, Etiyopya, G\u00fcney Sudan, Madagaskar, Uganda, Peru, El Salvador, Yemen, Kud\u00fcs ve Gazze\u2019de Ramazan-\u0131 \u015eerif boyunca \u00fcmmet sofralar\u0131 kuraca\u011f\u0131z. \u0130ftar ve sahur sofralar\u0131 r\u0131zk\u0131 payla\u015fman\u0131n bilinci ile kurulacak. Hepimizin bildi\u011fi \u00fczere bu co\u011frafyalar y\u0131llarca zulme u\u011fram\u0131\u015f, mazlum co\u011frafyalar. \u00c7ok\u00e7a ac\u0131 ile s\u0131nand\u0131lar, d\u00fcnyada en \u00e7ok zulm\u00fc onlar g\u00f6rd\u00fcler belki de. Do\u011fal afetler, a\u00e7l\u0131k, susuzluk, sava\u015f\u0131n kanl\u0131 elleri bu co\u011frafyalar\u0131n yakas\u0131n\u0131 b\u0131rakmad\u0131 fakat oralarda \u00f6yle g\u00fczel iman sahibi karde\u015flerimiz var ki; onlar sab\u0131rla bu ac\u0131lara direndiler. \u0130manlar\u0131 kalkanlar\u0131 oldu belki de ve biz inan\u0131yoruz ki \u00fclkemizde kilometrelerce \u00f6tedeki m\u00fcmin karde\u015fini unutmayan say\u0131s\u0131z vatanda\u015f\u0131m\u0131z var. Ayn\u0131 dili konu\u015fmasakta onlar\u0131n bir tebess\u00fcm\u00fcnde karde\u015fli\u011fi hissediyor, kimi zaman da onlar\u0131n bir damla g\u00f6zya\u015f\u0131nda bo\u011fuluyoruz. \u00dcmmet olmak bunu gerektirir \u00e7\u00fcnk\u00fc. Ramazan-\u0131 \u015eerif biz m\u00fcsl\u00fcmanlar i\u00e7in iyili\u011fe daha \u00e7ok gayret ile y\u00f6nelmenin vakti. Tek bir karde\u015fimiz dahi bizlerin vesilesi ile iftar\u0131n\u0131 a\u00e7arsa ne mutlu bize&#8221; dedi.<\/p>\n<p>Ba\u011f\u015f\u00e7\u0131lar\u0131n sadece 10 TL ba\u011f\u0131\u015f ile bu hayra katk\u0131 sa\u011flayabileceklerini kaydeden Sel\u00e7uk, &#8220;\u0130mkan\u0131 daha fazla olan hay\u0131rseverlerimiz ise 100 TL ba\u011f\u0131\u015f ile 10 ki\u015fiye, 1000 TL ba\u011f\u0131\u015f ile 100 ki\u015fiye iftar verdirebilir. Maddi g\u00fcc\u00fc elvermeyen karde\u015flerimizin ise dualar\u0131 bizler i\u00e7in en k\u0131ymetli hazinedir. Onlar\u0131n destek ve dualar\u0131 ile her Ramazan iyili\u011fi yaymak i\u00e7in daha \u00e7ok \u00e7al\u0131\u015faca\u011f\u0131z&#8221; diye konu\u015ftu.<\/p>\n","protected":false},"excerpt":{"rendered":"<p>TEMELLER\u0130 2005 YILINDA ERZURUM&#8217;DA ATILAN VUSLAT DERNE\u011e\u0130, RAMAZAN AYI BOYUNCA YURTDI\u015eIDA \u00dcMMET SOFRALARI KURACAK.<\/p>\n","protected":false},"author":1,"featured_media":149540,"comment_status":"closed","ping_status":"open","sticky":false,"template":"","format":"standard","meta":{"jetpack_post_was_ever_published":false,"_jetpack_newsletter_access":"","_jetpack_dont_email_post_to_subs":false,"_jetpack_newsletter_tier_id":0,"_jetpack_memberships_contains_paywalled_content":false,"_jetpack_memberships_contains_paid_content":false,"footnotes":"","jetpack_publicize_message":"","jetpack_publicize_feature_enabled":true,"jetpack_social_post_already_shared":true,"jetpack_social_options":{"image_generator_settings":{"template":"highway","default_image_id":0,"font":"","enabled":false},"version":2}},"categories":[1],"tags":[211,33537,17649,28330,33538,161],"class_list":["post-149539","post","type-post","status-publish","format-standard","has-post-thumbnail","hentry","category-genel","tag-ayinda","tag-cografyalarda","tag-mazlum","tag-ramazan","tag-sofralari","tag-ummet"],"jetpack_publicize_connections":[],"jetpack_featured_media_url":"https:\/\/i0.wp.com\/www.tvturk.com\/wp-content\/uploads\/2019\/04\/ramazan-ayinda-mazlum-cografyalarda-ummet-sofralari_92a01c9.jpg?fit=1000%2C750","jetpack_sharing_enabled":true,"jetpack_shortlink":"https:\/\/wp.me\/paKIfm-CTV","_links":{"self":[{"href":"http:\/\/www.tvturk.com\/index.php\/wp-json\/wp\/v2\/posts\/149539","targetHints":{"allow":["GET"]}}],"collection":[{"href":"http:\/\/www.tvturk.com\/index.php\/wp-json\/wp\/v2\/posts"}],"about":[{"href":"http:\/\/www.tvturk.com\/index.php\/wp-json\/wp\/v2\/types\/post"}],"author":[{"embeddable":true,"href":"http:\/\/www.tvturk.com\/index.php\/wp-json\/wp\/v2\/users\/1"}],"replies":[{"embeddable":true,"href":"http:\/\/www.tvturk.com\/index.php\/wp-json\/wp\/v2\/comments?post=149539"}],"version-history":[{"count":0,"href":"http:\/\/www.tvturk.com\/index.php\/wp-json\/wp\/v2\/posts\/149539\/revisions"}],"wp:featuredmedia":[{"embeddable":true,"href":"http:\/\/www.tvturk.com\/index.php\/wp-json\/wp\/v2\/media\/149540"}],"wp:attachment":[{"href":"http:\/\/www.tvturk.com\/index.php\/wp-json\/wp\/v2\/media?parent=149539"}],"wp:term":[{"taxonomy":"category","embeddable":true,"href":"http:\/\/www.tvturk.com\/index.php\/wp-json\/wp\/v2\/categories?post=149539"},{"taxonomy":"post_tag","embeddable":true,"href":"http:\/\/www.tvturk.com\/index.php\/wp-json\/wp\/v2\/tags?post=149539"}],"curies":[{"name":"wp","href":"https:\/\/api.w.org\/{rel}","templated":true}]}}