{"id":149543,"date":"2019-04-27T14:34:10","date_gmt":"2019-04-27T11:34:10","guid":{"rendered":"http:\/\/www.tvturk.com\/index.php\/istanbuldan-samsuna-kano-ile-yolculuk\/"},"modified":"2019-04-27T14:34:10","modified_gmt":"2019-04-27T11:34:10","slug":"istanbuldan-samsuna-kano-ile-yolculuk","status":"publish","type":"post","link":"http:\/\/www.tvturk.com\/index.php\/istanbuldan-samsuna-kano-ile-yolculuk\/","title":{"rendered":"\u0130stanbul\u2019dan Samsun\u2019a kano ile yolculuk"},"content":{"rendered":"<p>Atat\u00fcrk\u2019\u00fcn Samsun\u2019a \u00e7\u0131k\u0131\u015f\u0131n\u0131 100. y\u0131lda anmak ad\u0131na 3 sporcu Beykoz sahilinden kano ile denize a\u00e7\u0131ld\u0131. \u015eenol \u00d6zdemir, Osman Alim ve Tarkan G\u00fcler, Band\u0131rma vapurunun kaptan\u0131 \u0130smail Hakk\u0131 Durusu\u2019nu torunu Nejat Ulug\u00f6l\u2019den Beykoz\u2019da T\u00fcrk bayra\u011f\u0131 alarak yola \u00e7\u0131kt\u0131lar. 3 sporcu T\u00fcrk bayra\u011f\u0131n\u0131 Samsun Valisi\u2019ne teslim ederek yolculu\u011fu bitirmeyi planl\u0131yor.<\/p>\n<p>Grup lideri \u015eenol \u00d6zdemir, milli sporcu ve antren\u00f6r Osman Alim ile aile doktoru Tarkan G\u00fcler, Beykoz\u2019dan kano ile denize a\u00e7\u0131ld\u0131. Sporcular, 27 Nisan g\u00fcn\u00fc ba\u015flayan yolculu\u011fu 19 May\u0131s g\u00fcn\u00fc Samsun\u2019da sonland\u0131rmay\u0131 planlad\u0131klar\u0131n\u0131 belirtti. Band\u0131rma Vapurunun kaptan\u0131 \u0130smail Hakk\u0131 Durusu\u2019nun torunu Nejat Ulug\u00f6l de Beykoz\u2019a gelerek sporcular\u0131 u\u011furlad\u0131. Sporcular yolculu\u011fun bitiminde Samsun Valisi\u2019ne teslim etmek \u00fczere Nejat Ulug\u00f6l\u2019den T\u00fcrk bayra\u011f\u0131n\u0131 ald\u0131lar.<\/p>\n<p>Grup lideri \u015eenol \u00d6zdemir, \u201c3 arkada\u015f 3 ayr\u0131 kano ile bug\u00fcn \u0130stanbul\u2019dan ba\u015flayarak Samsun\u2019a gitmeyi planl\u0131yoruz. 19 May\u0131s\u2019ta Samsun\u2019da olmak gibi bir hedefimiz var. Y\u00fczde y\u00fcz ba\u015far\u0131 garantisi veremiyorum y\u00fczde seksen diyorum. Y\u00fczde on hava muhalefetinden y\u00fczde on da sa\u011fl\u0131k ko\u015fullar\u0131ndan dolay\u0131\u201d dedi. Daha \u00f6nce de sigara ve uyu\u015fturucuya kar\u015f\u0131 fark\u0131ndal\u0131k olu\u015fturmak amac\u0131yla Bostanc\u0131\u2019dan ba\u015flayarak Trabzon\u2019a 29 g\u00fcnde ula\u015ft\u0131\u011f\u0131n\u0131 ifade eden \u00d6zdemir, yolculu\u011funun 10. g\u00fcn\u00fcnde f\u0131rt\u0131nadan dolay\u0131 yola \u00e7\u0131kamad\u0131\u011f\u0131n\u0131 ve bu yolculuklar\u0131nda da bir f\u0131rt\u0131na beklediklerini belirtti.<\/p>\n<p>Ayr\u0131ca \u015eenol \u00d6zdemir, \u201cBand\u0131rma Vapurunun kaptan\u0131 \u0130smail Hakk\u0131 Durusu\u2019nun torunu Nejat Ulug\u00f6l\u2019den biz bayrak ald\u0131k. Bu bayra\u011f\u0131 kendisi tekrar takdim edecek bize. Bayra\u011f\u0131 Samsun Valisi\u2019ne telsim edece\u011fiz, amac\u0131m\u0131z bu\u201d dedi.<\/p>\n<p>Sporculara T\u00fcrk bayra\u011f\u0131n\u0131 vererek onlar\u0131 u\u011furlayan Nejat Ulug\u00f6l, \u201cDuygular\u0131m\u0131 ifade etmekte zorlan\u0131yorum. G\u00f6zlerimin ya\u015flar\u0131n\u0131 da tutabildi\u011fim kadar tutaca\u011f\u0131m. B\u00f6yle bir g\u00fcnde bana bu f\u0131rsat\u0131 bu \u015ferefi verdi\u011finiz i\u00e7in \u00e7ok te\u015fekk\u00fcr ederim. Ve dedemin herhalde mezar\u0131nda daha rahat uyuyaca\u011f\u0131 bir g\u00fcn olacakt\u0131r bu g\u00fcn. Allah b\u00fct\u00fcn T\u00fcrklere benim hissetti\u011fim \u015ferefi aynen bah\u015fetsin. Bunu diliyorum\u201d \u015feklinde konu\u015ftu.<\/p>\n<p>Yap\u0131lan konu\u015fmalar\u0131n ard\u0131ndan sporcular kanolar\u0131na binerek denize a\u00e7\u0131ld\u0131lar.<\/p>\n","protected":false},"excerpt":{"rendered":"<p>ATAT\u00dcRK\u2019\u00dcN SAMSUN\u2019A \u00c7IKI\u015eINI 100. YILDA ANMAK ADINA 3 SPORCU BEYKOZ SAH\u0130L\u0130NDEN KANO \u0130LE DEN\u0130ZE A\u00c7ILDI. \u015eENOL \u00d6ZDEM\u0130R, OSMAN AL\u0130M VE TARKAN G\u00dcLER, BANDIRMA VAPURUNUN KAPTANI \u0130SMA\u0130L HAKKI DURUSU\u2019NU TORUNU NEJAT ULUG\u00d6L\u2019DEN BEYKOZ\u2019DA T\u00dcRK BAYRA\u011eI ALARAK YOLA \u00c7IKTILAR. 3 SPORCU T\u00dcRK BAYRA\u011eINI SAMSUN VAL\u0130S\u0130\u2019NE TESL\u0130M EDEREK YOLCULU\u011eU B\u0130T\u0130RMEY\u0130 PLANLIYOR.<\/p>\n","protected":false},"author":1,"featured_media":149544,"comment_status":"closed","ping_status":"open","sticky":false,"template":"","format":"standard","meta":{"jetpack_post_was_ever_published":false,"_jetpack_newsletter_access":"","_jetpack_dont_email_post_to_subs":false,"_jetpack_newsletter_tier_id":0,"_jetpack_memberships_contains_paywalled_content":false,"_jetpack_memberships_contains_paid_content":false,"footnotes":"","jetpack_publicize_message":"","jetpack_publicize_feature_enabled":true,"jetpack_social_post_already_shared":true,"jetpack_social_options":{"image_generator_settings":{"template":"highway","default_image_id":0,"font":"","enabled":false},"version":2}},"categories":[1],"tags":[192,1922,14156,12164,1141],"class_list":["post-149543","post","type-post","status-publish","format-standard","has-post-thumbnail","hentry","category-genel","tag-ile","tag-istanbuldan","tag-kano","tag-samsuna","tag-yolculuk"],"jetpack_publicize_connections":[],"jetpack_featured_media_url":"https:\/\/i0.wp.com\/www.tvturk.com\/wp-content\/uploads\/2019\/04\/istanbuldan-samsuna-kano-ile-yolculuk_2fb3c2f.jpg?fit=1000%2C562","jetpack_sharing_enabled":true,"jetpack_shortlink":"https:\/\/wp.me\/paKIfm-CTZ","_links":{"self":[{"href":"http:\/\/www.tvturk.com\/index.php\/wp-json\/wp\/v2\/posts\/149543","targetHints":{"allow":["GET"]}}],"collection":[{"href":"http:\/\/www.tvturk.com\/index.php\/wp-json\/wp\/v2\/posts"}],"about":[{"href":"http:\/\/www.tvturk.com\/index.php\/wp-json\/wp\/v2\/types\/post"}],"author":[{"embeddable":true,"href":"http:\/\/www.tvturk.com\/index.php\/wp-json\/wp\/v2\/users\/1"}],"replies":[{"embeddable":true,"href":"http:\/\/www.tvturk.com\/index.php\/wp-json\/wp\/v2\/comments?post=149543"}],"version-history":[{"count":0,"href":"http:\/\/www.tvturk.com\/index.php\/wp-json\/wp\/v2\/posts\/149543\/revisions"}],"wp:featuredmedia":[{"embeddable":true,"href":"http:\/\/www.tvturk.com\/index.php\/wp-json\/wp\/v2\/media\/149544"}],"wp:attachment":[{"href":"http:\/\/www.tvturk.com\/index.php\/wp-json\/wp\/v2\/media?parent=149543"}],"wp:term":[{"taxonomy":"category","embeddable":true,"href":"http:\/\/www.tvturk.com\/index.php\/wp-json\/wp\/v2\/categories?post=149543"},{"taxonomy":"post_tag","embeddable":true,"href":"http:\/\/www.tvturk.com\/index.php\/wp-json\/wp\/v2\/tags?post=149543"}],"curies":[{"name":"wp","href":"https:\/\/api.w.org\/{rel}","templated":true}]}}