{"id":149565,"date":"2019-04-27T15:10:11","date_gmt":"2019-04-27T12:10:11","guid":{"rendered":"http:\/\/www.tvturk.com\/index.php\/islahiyede-traktor-devrildi-1-yarali\/"},"modified":"2019-04-27T15:10:11","modified_gmt":"2019-04-27T12:10:11","slug":"islahiyede-traktor-devrildi-1-yarali","status":"publish","type":"post","link":"http:\/\/www.tvturk.com\/index.php\/islahiyede-traktor-devrildi-1-yarali\/","title":{"rendered":"\u0130slahiye\u2019de trakt\u00f6r devrildi: 1 yaral\u0131"},"content":{"rendered":"<p>Gaziantep\u2019in \u0130slahiye il\u00e7esinde devrilen trakt\u00f6r\u00fcn s\u00fcr\u00fcc\u00fcs\u00fc a\u011f\u0131r yaraland\u0131.<\/p>\n<p>Gaziantep\u2019in \u0130slahiye il\u00e7esine ba\u011fl\u0131 Tand\u0131r k\u00f6y\u00fcnde  Mehmet D. (75) y\u00f6netimindeki  plakas\u0131 al\u0131namayan trakt\u00f6r Tand\u0131r k\u00f6y\u00fcnde ba\u011f yolunda devrildi. Kazada a\u011f\u0131r yaralanan Mehmet Derya, ambulans ile getirildi\u011fi \u0130slahiye Devlet Hastanesindeki ilk m\u00fcdahalenin ard\u0131ndan Gaziantep sevk edildi. Olayla ilgili soru\u015fturma ba\u015flat\u0131ld\u0131.<\/p>\n","protected":false},"excerpt":{"rendered":"<p>GAZ\u0130ANTEP&#8217;\u0130N \u0130SLAH\u0130YE \u0130L\u00c7ES\u0130NDE DEVR\u0130LEN TRAKT\u00d6R\u00dcN S\u00dcR\u00dcC\u00dcS\u00dc A\u011eIR YARALANDI.<\/p>\n","protected":false},"author":1,"featured_media":149566,"comment_status":"closed","ping_status":"open","sticky":false,"template":"","format":"standard","meta":{"jetpack_post_was_ever_published":false,"_jetpack_newsletter_access":"","_jetpack_dont_email_post_to_subs":false,"_jetpack_newsletter_tier_id":0,"_jetpack_memberships_contains_paywalled_content":false,"_jetpack_memberships_contains_paid_content":false,"footnotes":"","jetpack_publicize_message":"","jetpack_publicize_feature_enabled":true,"jetpack_social_post_already_shared":true,"jetpack_social_options":{"image_generator_settings":{"template":"highway","default_image_id":0,"font":"","enabled":false},"version":2}},"categories":[1],"tags":[885,1544,475,774],"class_list":["post-149565","post","type-post","status-publish","format-standard","has-post-thumbnail","hentry","category-genel","tag-devrildi","tag-islahiyede","tag-traktor","tag-yarali"],"jetpack_publicize_connections":[],"jetpack_featured_media_url":"https:\/\/i0.wp.com\/www.tvturk.com\/wp-content\/uploads\/2019\/04\/islahiyede-traktor-devrildi-1-yarali_d209cbc.jpg?fit=558%2C1000","jetpack_sharing_enabled":true,"jetpack_shortlink":"https:\/\/wp.me\/paKIfm-CUl","_links":{"self":[{"href":"http:\/\/www.tvturk.com\/index.php\/wp-json\/wp\/v2\/posts\/149565","targetHints":{"allow":["GET"]}}],"collection":[{"href":"http:\/\/www.tvturk.com\/index.php\/wp-json\/wp\/v2\/posts"}],"about":[{"href":"http:\/\/www.tvturk.com\/index.php\/wp-json\/wp\/v2\/types\/post"}],"author":[{"embeddable":true,"href":"http:\/\/www.tvturk.com\/index.php\/wp-json\/wp\/v2\/users\/1"}],"replies":[{"embeddable":true,"href":"http:\/\/www.tvturk.com\/index.php\/wp-json\/wp\/v2\/comments?post=149565"}],"version-history":[{"count":0,"href":"http:\/\/www.tvturk.com\/index.php\/wp-json\/wp\/v2\/posts\/149565\/revisions"}],"wp:featuredmedia":[{"embeddable":true,"href":"http:\/\/www.tvturk.com\/index.php\/wp-json\/wp\/v2\/media\/149566"}],"wp:attachment":[{"href":"http:\/\/www.tvturk.com\/index.php\/wp-json\/wp\/v2\/media?parent=149565"}],"wp:term":[{"taxonomy":"category","embeddable":true,"href":"http:\/\/www.tvturk.com\/index.php\/wp-json\/wp\/v2\/categories?post=149565"},{"taxonomy":"post_tag","embeddable":true,"href":"http:\/\/www.tvturk.com\/index.php\/wp-json\/wp\/v2\/tags?post=149565"}],"curies":[{"name":"wp","href":"https:\/\/api.w.org\/{rel}","templated":true}]}}