{"id":149603,"date":"2019-04-27T16:50:13","date_gmt":"2019-04-27T13:50:13","guid":{"rendered":"http:\/\/www.tvturk.com\/index.php\/o-bir-rol-model-oldu-hayata-tutunmayi-gosterdi\/"},"modified":"2019-04-27T16:50:13","modified_gmt":"2019-04-27T13:50:13","slug":"o-bir-rol-model-oldu-hayata-tutunmayi-gosterdi","status":"publish","type":"post","link":"http:\/\/www.tvturk.com\/index.php\/o-bir-rol-model-oldu-hayata-tutunmayi-gosterdi\/","title":{"rendered":"O bir rol model oldu, hayata tutunmay\u0131 g\u00f6sterdi"},"content":{"rendered":"<p>Diyarbak\u0131r\u2019da ya\u015fayan gen\u00e7 hem\u015fire, 2017 y\u0131l\u0131nda ge\u00e7irdi\u011fi bir kaza sonras\u0131 kaybetti\u011fi baca\u011f\u0131n\u0131 umursamad\u0131, protez baca\u011f\u0131yla bir\u00e7ok insandan daha aktif hale geldi. Hatice hem\u015fire protez baca\u011f\u0131yla rol model oldu ve bisiklet s\u00fcrerek hayata tutundu.<\/p>\n<p>Diyarbak\u0131r\u2019da 2017 y\u0131l\u0131nda \u00fczerine kaya d\u00fc\u015fmesi sonucu sol baca\u011f\u0131n\u0131 kaybeden 21 ya\u015f\u0131ndaki hem\u015fire Hatice Tun\u00e7, 2 ayl\u0131k m\u00fccadele sonucunda hayata tutundu. Protez baca\u011f\u0131yla eve hapsolmak yerine aktif ya\u015fama devam etmek isteyen Hatice hem\u015fire, aray\u0131\u015flara ge\u00e7ti. Hatice hem\u015firenin sosyal medya hesab\u0131 \u00fczerinde bisiklet tutkunu oldu\u011funu g\u00f6ren Diyarbak\u0131r Tigris Bisiklet ve \u00d6zel Sporcular Kul\u00fcb\u00fc Y\u00f6netim Kurulu Ba\u015fkan\u0131 Ali Alio\u011flu, Tun\u00e7 ile ileti\u015fime ge\u00e7ti. \u0130kna s\u00fcrecinin ard\u0131ndan Alio\u011flu taraf\u0131ndan bisiklete binen Hatice hem\u015fire, ilk pedal\u0131 \u00e7evirdi\u011finde uzun zamand\u0131r y\u00fcz\u00fcnde hissedemedi\u011fi r\u00fczgar\u0131 hissedince bisikletten saatlerce inmedi\u011fini s\u00f6yledi. Hatice hem\u015fire, Ali Alio\u011flu\u2019nun kendisini cesaretlendirerek bisiklet s\u00fcrmesinde ve hayatta aktifle\u015fmesinde \u00e7ok b\u00fcy\u00fck eme\u011fi oldu\u011funu ve \u015fimdilerde ise do\u011fa y\u00fcr\u00fcy\u00fc\u015f\u00fc ve bisiklet turlar\u0131na kat\u0131larak hayatta bir\u00e7ok insandan daha \u00e7ok aktifle\u015fti\u011fini g\u00f6sterdi. Hatice hem\u015fire daha sonra eve hapsolan vatanda\u015flara rol model olarak hayata ba\u011flanmalar\u0131 ve tekrar aktifle\u015fmelerine destek oldu.<\/p>\n<p>2 defa kalbi durdu, hayata tutunmak i\u00e7in \u00e7abalad\u0131<\/p>\n<p>Hem\u015fire Hatice Tun\u00e7 ge\u00e7irdi\u011fi kaza sonras\u0131 2 defa kalbinin durdu\u011funu ve g\u00f6zlerini a\u00e7t\u0131\u011f\u0131nda \u00f6lmek istemedi\u011fini, hala ya\u015famak istedi\u011fini dile getirerek hayata tutundu\u011funu s\u00f6yledi. Tun\u00e7, &#8220;2017 y\u0131l\u0131nda ge\u00e7irdi\u011fim bir kaza sonucu sol baca\u011f\u0131m diz\u00fcst\u00fcnden kesildi. Bu s\u00fcre\u00e7 i\u00e7erisinde 2 g\u00fcn komada kald\u0131m, 2 defada kalbim durdu. Doktorlar\u0131n aileme \u2019gelin son kez g\u00f6r\u00fcn\u2019 dedikleri g\u00fcn g\u00f6z\u00fcmden ak\u0131tt\u0131\u011f\u0131m bir damla ya\u015f ile \u2019hay\u0131r hala ya\u015famak istiyorum ve \u00f6lmek istemiyorum\u2019 dedim. O g\u00fcnden sonra uyand\u0131m ve baca\u011f\u0131m al\u0131nd\u0131. O kadar \u00e7ekti\u011fim a\u011fr\u0131lar ge\u00e7mi\u015fti ki utanmasam sevinecektim bu duruma. Uzun ameliyatlarla 2 ay ge\u00e7irdim. Bu 2 ay\u0131n sonunda taburcu oldum eve geldim, ilk bir hafta kendime zaman ay\u0131r\u0131p al\u0131\u015fmaya \u00e7al\u0131\u015ft\u0131m. Evde hep a\u011fl\u0131yordum bu da benim hi\u00e7bir i\u015fime yaramad\u0131 ve mutsuz olmaya ba\u015flad\u0131m. Daha sonra kendi kendime bir karar verdim bu ben de\u011filim diye. Her gelen ayn\u0131 \u015feyleri s\u00f6yl\u00fcyor, \u015f\u00fckret diye. Tamam \u015f\u00fckrediyoruz, ama bu b\u00f6yle de\u011fil hayat devam etmiyor. O g\u00fcn uyand\u0131\u011f\u0131m zaman kalkt\u0131m makyaj\u0131m\u0131 yapt\u0131m, kolumda de\u011fnek ve y\u00fcz\u00fcmde maske ile Diyarbak\u0131r\u2019\u0131n en kalabal\u0131k yerine gittim. O g\u00fcn bunu yapmasayd\u0131m bug\u00fcn d\u0131\u015far\u0131da olamazd\u0131m. \u00c7ekinecek bir \u015fey de\u011fil ama toplumun bize yans\u0131tt\u0131\u011f\u0131 ba\u015f\u0131na bir olay geldiyse evde oturacaks\u0131n ve haline \u015f\u00fckredeceksin hayat\u0131 d\u0131\u015far\u0131dan seyredeceksin. Ben bunu kabul etmedim. \u0130nsanlardan s\u00fcrekli bu protezi bir kaplamam\u0131 yapt\u0131rsan ya da uzun bir elbisemi giyseydin diyorlar ama ben bu protezin g\u00f6r\u00fcn\u00fcm\u00fcyle ilgili alakal\u0131 bir sorunum yok, ama insanlar\u0131n bununla alakal\u0131 sorunlar\u0131 var. \u0130nsanlar bunu ay\u0131p bir \u015feymi\u015f gibi g\u00f6r\u00fcyor ama bu protez beni aya\u011fa kald\u0131ran \u015fey ve ben bundan asla utanmam. Daha sonra proteze al\u0131\u015ft\u0131ktan sonra onunla neler yapabilirim diye d\u00fc\u015f\u00fcnd\u00fc\u011f\u00fcm zaman, etraf\u0131mda bisikletli insanlar\u0131 g\u00f6rd\u00fcm, ilk etapta \u00e7ok korktum \u2019yapamam\u2019 dedim, etraf\u0131mdaki herkes de \u2019yapamazs\u0131n\u2019 dedi. Ama bana g\u00fcvenen bir insan vard\u0131, beni \u00e7ok cesaretlendirdi ve o g\u00fcn zorla \u2019deneyeceksin\u2019 dedi. \u0130lk denedi\u011fim zaman t\u00f6kezledim ama daha sonra yapabildi\u011fimi g\u00f6r\u00fcnce bir saatten fazla o bisikletten inmedim uzun s\u00fcredir o h\u0131za eri\u015femedi\u011fim ve o r\u00fczgar\u0131 y\u00fcz\u00fcmde hissedemedi\u011fim i\u00e7in bir saat o bisikletten hi\u00e7 inmedim. O g\u00fcnden sonra bisiklette aktif olmaya ba\u015flad\u0131m ve \u015fehir i\u00e7i turlar\u0131, do\u011fa y\u00fcr\u00fcy\u00fc\u015fleri, baca\u011f\u0131m\u0131n olmamas\u0131 asl\u0131nda bana bir engel de\u011fil, bir\u00e7ok insandan \u00e7ok daha aktifim, ama \u00e7evremdeki insanlar her zaman bazen koruma bazen de korku i\u00e7 g\u00fcd\u00fcs\u00fc ile beni k\u0131s\u0131tlamaya \u00e7al\u0131\u015f\u0131yor ama buna asla izin vermedim&#8221; dedi.<\/p>\n<p>&#8220;Hatice bisiklet a\u015fk\u0131 ve heyecan\u0131yla ba\u015fard\u0131&#8221;<\/p>\n<p>Hatice Tun\u00e7\u2019a ula\u015farak bisiklet s\u00fcrmesi i\u00e7in harekete ge\u00e7en Tigris Bisiklet ve \u00d6zel Sporcular Kul\u00fcb\u00fc Y\u00f6netim Kurulu Ba\u015fkan\u0131 Ali Alio\u011flu ise hem\u015firenin bisiklete olan a\u015fk\u0131 ve heyecan\u0131n\u0131n bu i\u015fi ba\u015farmas\u0131na b\u00fcy\u00fck bir etken oldu\u011funu aktard\u0131. Alio\u011flu, &#8220;Hatice bisikleti ilk etapta karars\u0131z oldu\u011fu i\u00e7in s\u00fcrebilir miyim diye d\u00fc\u015f\u00fcn\u00fcyordu. Ancak bisiklete olan a\u015fk\u0131 ve heyecan\u0131 bu i\u015fi ba\u015farmas\u0131na b\u00fcy\u00fck bir etken olmu\u015ftu. Bir iki deneme sonras\u0131nda bunu yapabilece\u011fini g\u00f6rd\u00fc. Hatice\u2019nin ilk pedala bast\u0131\u011f\u0131ndaki o mutlulu\u011fu ger\u00e7ekten g\u00f6rmeye de\u011ferdi ve yapt\u0131\u011f\u0131m\u0131z i\u015ften ne kadar mutlu oldu\u011fumuzu bir kez daha kan\u0131tlad\u0131. Heyecanl\u0131 g\u00f6rmek bizi daha da mutlu etti daha da \u00e7ok kitleye ula\u015fmaya \u00e7al\u0131\u015ft\u0131k. Hatice onun gibi insanlara rol model olarak \u00f6rnek olmaya ba\u015flad\u0131. \u0130nsanlar ge\u00e7irdi\u011fi kazalarda huzurlar\u0131n\u0131 kaybedebilirler ve zarar g\u00f6rebilirler. Ancak bu ya\u015fam\u0131n sonu de\u011fil ya\u015fam\u0131 daha farkl\u0131 bir \u015fekilde idame etmesi gerekti\u011fini g\u00f6sterdi ve bu \u015fekilde devam etti&#8221; diye konu\u015ftu.<\/p>\n","protected":false},"excerpt":{"rendered":"<p>D\u0130YARBAKIR\u2019DA YA\u015eAYAN HEM\u015e\u0130RE HAT\u0130CE TUN\u00c7(21), 2017 YILINDA GE\u00c7\u0130RD\u0130\u011e\u0130 B\u0130R KAZA SONRASI KAYBETT\u0130\u011e\u0130 BACA\u011eINI UMURSAMADI, PROTEZ BACA\u011eIYLA B\u0130R\u00c7OK \u0130NSANDAN DAHA AKT\u0130F HALE GELD\u0130.<\/p>\n","protected":false},"author":1,"featured_media":149604,"comment_status":"closed","ping_status":"open","sticky":false,"template":"","format":"standard","meta":{"jetpack_post_was_ever_published":false,"_jetpack_newsletter_access":"","_jetpack_dont_email_post_to_subs":false,"_jetpack_newsletter_tier_id":0,"_jetpack_memberships_contains_paywalled_content":false,"_jetpack_memberships_contains_paid_content":false,"footnotes":"","jetpack_publicize_message":"","jetpack_publicize_feature_enabled":true,"jetpack_social_post_already_shared":true,"jetpack_social_options":{"image_generator_settings":{"template":"highway","default_image_id":0,"font":"","enabled":false},"version":2}},"categories":[1],"tags":[125,4279,4467,1910,77,5108,33566],"class_list":["post-149603","post","type-post","status-publish","format-standard","has-post-thumbnail","hentry","category-genel","tag-bir","tag-gosterdi","tag-hayata","tag-model","tag-oldu","tag-rol","tag-tutunmayi"],"jetpack_publicize_connections":[],"jetpack_featured_media_url":"https:\/\/i0.wp.com\/www.tvturk.com\/wp-content\/uploads\/2019\/04\/o-bir-rol-model-oldu-hayata-tutunmayi-gosterdi_20ee66a.jpg?fit=1000%2C666","jetpack_sharing_enabled":true,"jetpack_shortlink":"https:\/\/wp.me\/paKIfm-CUX","_links":{"self":[{"href":"http:\/\/www.tvturk.com\/index.php\/wp-json\/wp\/v2\/posts\/149603","targetHints":{"allow":["GET"]}}],"collection":[{"href":"http:\/\/www.tvturk.com\/index.php\/wp-json\/wp\/v2\/posts"}],"about":[{"href":"http:\/\/www.tvturk.com\/index.php\/wp-json\/wp\/v2\/types\/post"}],"author":[{"embeddable":true,"href":"http:\/\/www.tvturk.com\/index.php\/wp-json\/wp\/v2\/users\/1"}],"replies":[{"embeddable":true,"href":"http:\/\/www.tvturk.com\/index.php\/wp-json\/wp\/v2\/comments?post=149603"}],"version-history":[{"count":0,"href":"http:\/\/www.tvturk.com\/index.php\/wp-json\/wp\/v2\/posts\/149603\/revisions"}],"wp:featuredmedia":[{"embeddable":true,"href":"http:\/\/www.tvturk.com\/index.php\/wp-json\/wp\/v2\/media\/149604"}],"wp:attachment":[{"href":"http:\/\/www.tvturk.com\/index.php\/wp-json\/wp\/v2\/media?parent=149603"}],"wp:term":[{"taxonomy":"category","embeddable":true,"href":"http:\/\/www.tvturk.com\/index.php\/wp-json\/wp\/v2\/categories?post=149603"},{"taxonomy":"post_tag","embeddable":true,"href":"http:\/\/www.tvturk.com\/index.php\/wp-json\/wp\/v2\/tags?post=149603"}],"curies":[{"name":"wp","href":"https:\/\/api.w.org\/{rel}","templated":true}]}}