{"id":149647,"date":"2019-04-27T18:38:44","date_gmt":"2019-04-27T15:38:44","guid":{"rendered":"http:\/\/www.tvturk.com\/index.php\/unlu-yazar-bahadiroglu-fatih-sultan-mehmet-cocuklugunda-ucan-gemiler-cizmistir-amacimiz-ve-hedefimiz-olmali\/"},"modified":"2019-04-27T18:38:44","modified_gmt":"2019-04-27T15:38:44","slug":"unlu-yazar-bahadiroglu-fatih-sultan-mehmet-cocuklugunda-ucan-gemiler-cizmistir-amacimiz-ve-hedefimiz-olmali","status":"publish","type":"post","link":"http:\/\/www.tvturk.com\/index.php\/unlu-yazar-bahadiroglu-fatih-sultan-mehmet-cocuklugunda-ucan-gemiler-cizmistir-amacimiz-ve-hedefimiz-olmali\/","title":{"rendered":"\u00dcnl\u00fc yazar Bahad\u0131ro\u011flu: &#8220;Fatih Sultan Mehmet \u00e7ocuklu\u011funda u\u00e7an gemiler \u00e7izmi\u015ftir, amac\u0131m\u0131z ve hedefimiz olmal\u0131\u201d"},"content":{"rendered":"<p>\u00dcnl\u00fc tarih\u00e7i ve yazar Yavuz Bahad\u0131ro\u011flu, G\u00fcm\u00fc\u015fhane tarihinde ilk kez d\u00fczenlenen kitap fuar\u0131na konuk oldu. Gen\u00e7lerle s\u00f6yle\u015fi yapan Bahad\u0131ro\u011flu, daha sonra kitaplar\u0131n\u0131 imzalad\u0131.<\/p>\n<p>G\u00fcm\u00fc\u015fhane\u2019de Valilik, \u0130l Milli E\u011fitim M\u00fcd\u00fcrl\u00fc\u011f\u00fc, Belediye Ba\u015fkanl\u0131\u011f\u0131 ve Rehber Kitap K\u0131rtasiyenin i\u015fbirli\u011finde \u2019G\u00fcm\u00fc\u015fHANEler Okuyor\u2019 projesi kapsam\u0131nda d\u00fczenlenen G\u00fcm\u00fc\u015fhane 1. Kitap Fuar\u0131 yazarlar\u0131 konuk etmeye devam ediyor. 24 Nisan\u2019da a\u00e7\u0131lan ve her g\u00fcn bir yazar\u0131n konuk oldu\u011fu fuar\u0131n son misafiri \u00fcnl\u00fc tarih\u00e7i ve yazar Yavuz Bahad\u0131ro\u011flu oldu. G\u00fcm\u00fc\u015fhane Gen\u00e7lik Merkezi Has Odas\u0131\u2019nda gen\u00e7lerle s\u00f6yle\u015fiye kat\u0131lan Bahad\u0131oro\u011flu, daha sonra ayn\u0131 binadaki spor salonunda a\u00e7\u0131lan fuarda kitaplar\u0131n\u0131 imzalad\u0131. \u00dcnl\u00fc tarih\u00e7iye kitaplar\u0131n\u0131 imzalatmak isteyen hayranlar\u0131 uzun kuyruklar olu\u015fturdu.<\/p>\n<p>S\u00f6yle\u015fide G\u00fcm\u00fc\u015fhane\u2019nin nesi \u00fcnl\u00fc sorusunu soran ve ald\u0131\u011f\u0131 cevaplardan ho\u015fnut olmayan Bahad\u0131ro\u011flu, \u015fehirlerin kendini tan\u0131t\u0131rken yiyecek ve i\u00e7ecekle de\u011fil de yeti\u015ftirdi\u011fi do\u011fru insanlarla tan\u0131tmas\u0131 gerekti\u011fine vurgu yaparak, \u201cYeti\u015ftirdi\u011finiz do\u011fru insan sizin en b\u00fcy\u00fck servetinizdir. T\u00fcrkiye\u2019nin en zengin kayna\u011f\u0131 madenleri de\u011fil insanlar\u0131, gen\u00e7leridir\u201d dedi.<\/p>\n<p>Bahad\u0131ro\u011flu, \u201cHaftada bir g\u00fcn telefondan ayr\u0131l\u0131p kendiniz olun, ailenizle zaman ge\u00e7irin. O telefonlar zaman katili olmaya ba\u015flad\u0131. Zaman i\u00e7inde \u00f6lece\u011fiz. O zaman zaman \u00f6ld\u00fcrmeye \u00e7al\u0131\u015fmamam\u0131z laz\u0131m. Zaman\u0131 \u00f6ld\u00fcrd\u00fc\u011f\u00fcm\u00fcz\u00fc zannederken zaman asl\u0131nda bizi \u00f6ld\u00fcr\u00fcyor. Bunu de\u011ferlendirmek laz\u0131m\u201d dedi.<\/p>\n<p>Tarihten bahsederken sadece \u201cdedelerimiz\u201d denilmedi\u011fini \u201cninelerimiz ve dedelerimiz\u201d denilmesi gerekti\u011fini vurgulayan Bahad\u0131ro\u011flu, \u201cAnadolu\u2019yu M\u00fcsl\u00fcmanla\u015ft\u0131ran, T\u00fcrkle\u015ftiren grubun i\u00e7erisinde \u2018Bac\u0131yan-\u0131 Rum\u2019un \u00e7ok \u00f6nemi vard\u0131r. Yani kad\u0131nlar\u0131m\u0131z. Mesela Hayme Ana devleti y\u00fcre\u011finde gezdiren kad\u0131nd\u0131r\u201d diye konu\u015ftu.<\/p>\n<p>Edison ve Nasrettin Hoca\u2019dan \u00f6rnekler vererek \u201cHayallerimiz Nasreddin Hoca\u2019n\u0131n hayallerini ge\u00e7meli\u201d diyen Bahad\u0131ro\u011flu, \u201cSiz d\u00fc\u015f\u00fcn\u00fcn, hayal kurun, korkmay\u0131n. Hayallerinizin birisi tutmazsa di\u011feri tutar. \u00d6rne\u011fin Edison\u2019unki tuttu. \u0130nanacaks\u0131n\u0131z ve y\u00fcr\u00fcyeceksiniz. Y\u00fcr\u00fcyece\u011finiz yeri de \u00f6nceden belirleyeceksiniz. Yapaca\u011f\u0131m\u0131z\u0131 unuttuk, yapamay\u0131z\u0131 koyduk yerine. Bunu bize Avrupa ve omuzlar\u0131n\u0131n \u00fczerinde Avrupal\u0131 kafas\u0131 ta\u015f\u0131yan, bizden ama bize yabanc\u0131 insanlar bunlar\u0131 bize ezberletti. \u0130HA yapt\u0131k, S\u0130HA yapt\u0131k, daha bir\u00e7ok \u015feyi yapaca\u011f\u0131z. D\u00fcnyan\u0131n en b\u00fcy\u00fck havaalan\u0131n\u0131 yapt\u0131k. 12 ya\u015f\u0131nda 6 dil biliyordu Fatih Sultan Mehmet. O modeli bug\u00fcne ta\u015f\u0131yacaks\u0131n\u0131z, \u00f6yle insanlar yeti\u015ftireceksiniz\u201d \u015feklinde konu\u015ftu.<\/p>\n<p>T\u00fcrk tarihinden \u00f6rnekler aktaran ve ve s\u0131k s\u0131k gen\u00e7lere \u00f6\u011f\u00fctler veren Bahad\u0131ro\u011flu, \u201cGeriye d\u00f6nenlerden hi\u00e7 kimse bahsetmez. Hi\u00e7 kimse pes eden, vazge\u00e7en insan\u0131 hat\u0131rlamaz. Ad\u0131 dillerde dola\u015fmaz. D\u00fc\u015fe kalka hedefine y\u00fcr\u00fcyen, pes etmeyen, vazge\u00e7meyen insanlardan s\u00f6z ederler, tarih onlar\u0131 yazar. Risk almadan ba\u015far\u0131 olmaz. Duran d\u00fc\u015fer, durursan\u0131z d\u00fc\u015fersiniz. S\u00fcrekli hareket halindeyseniz, s\u00fcrekli bir \u015feyler \u00fcretirseniz yorulmazs\u0131n\u0131z\u201d ifadelerini kulland\u0131.<\/p>\n<p>\u0130stanbul\u2019u fetheden Fatih Sultan Mehmet\u2019in \u00e7ocuklu\u011funda u\u00e7an gemiler \u00e7izdi\u011fini hat\u0131rlatan Bahad\u0131ro\u011flu, \u201cG\u00fcn\u00fcm\u00fcz \u00e7ocuklar\u0131n\u0131n hayal g\u00fcc\u00fcn\u00fcn en b\u00fcy\u00fck d\u00fc\u015fman\u0131 televizyon ve telefonlard\u0131r. O \u00e7er\u00e7eveyi k\u0131rmam\u0131z, onun d\u0131\u015f\u0131nda da bir hayat oldu\u011funu bilmemiz laz\u0131m. Amac\u0131m\u0131z ve hedefimiz olmal\u0131\u201d dedi.<\/p>\n<p>Bahad\u0131ro\u011flu, daha sonra spor salonundaki stantlarda kitaplar\u0131n\u0131 imzalad\u0131. Etkinlikte konu\u015fan \u0130l Milli E\u011fitim M\u00fcd\u00fcr\u00fc Seydi Do\u011fan da T\u00fcrkiye\u2019de bir neslin yeti\u015fmesinde ciddi katk\u0131lar\u0131 olan Bahad\u0131ro\u011flu\u2019nun G\u00fcm\u00fc\u015fhane\u2019ye gelmesinden dolay\u0131 ve \u00e7ocuklarla bulu\u015fturman\u0131n mutlulu\u011fu i\u00e7erisinde oldu\u011funu s\u00f6yledi.<\/p>\n","protected":false},"excerpt":{"rendered":"<p>\u00dcNL\u00dc TAR\u0130H\u00c7\u0130 VE YAZAR YAVUZ BAHADIRO\u011eLU, G\u00dcM\u00dc\u015eHANE TAR\u0130H\u0130NDE \u0130LK KEZ YAPILAN K\u0130TAP FUARINA KONUK OLDU. GEN\u00c7LERLE S\u00d6YLE\u015e\u0130 YAPAN BAHADIRO\u011eLU DAHA SONRA K\u0130TAPLARINI \u0130MZALADI.<\/p>\n","protected":false},"author":1,"featured_media":149648,"comment_status":"closed","ping_status":"open","sticky":false,"template":"","format":"standard","meta":{"jetpack_post_was_ever_published":false,"_jetpack_newsletter_access":"","_jetpack_dont_email_post_to_subs":false,"_jetpack_newsletter_tier_id":0,"_jetpack_memberships_contains_paywalled_content":false,"_jetpack_memberships_contains_paid_content":false,"footnotes":"","jetpack_publicize_message":"","jetpack_publicize_feature_enabled":true,"jetpack_social_post_already_shared":true,"jetpack_social_options":{"image_generator_settings":{"template":"highway","default_image_id":0,"font":"","enabled":false},"version":2}},"categories":[656],"tags":[5159,3978,33579,33581,33580,1517,17293,2570,3815,3231,1832,5590,1448],"class_list":["post-149647","post","type-post","status-publish","format-standard","has-post-thumbnail","hentry","category-kultur-sanat","tag-hedefimiz","tag-amacimiz","tag-bahadiroglu","tag-cizmistir","tag-cocuklugunda","tag-fatih","tag-gemiler","tag-mehmet","tag-olmali","tag-sultan","tag-ucan","tag-unlu","tag-yazar"],"jetpack_publicize_connections":[],"jetpack_featured_media_url":"https:\/\/i0.wp.com\/www.tvturk.com\/wp-content\/uploads\/2019\/04\/unlu-yazar-bahadiroglu-fatih-sultan-mehmet-cocuklugunda-ucan-gemiler-cizmistir-amacimiz-ve-hedefimiz-olmali_3626b87.jpg?fit=1000%2C666","jetpack_sharing_enabled":true,"jetpack_shortlink":"https:\/\/wp.me\/paKIfm-CVF","_links":{"self":[{"href":"http:\/\/www.tvturk.com\/index.php\/wp-json\/wp\/v2\/posts\/149647","targetHints":{"allow":["GET"]}}],"collection":[{"href":"http:\/\/www.tvturk.com\/index.php\/wp-json\/wp\/v2\/posts"}],"about":[{"href":"http:\/\/www.tvturk.com\/index.php\/wp-json\/wp\/v2\/types\/post"}],"author":[{"embeddable":true,"href":"http:\/\/www.tvturk.com\/index.php\/wp-json\/wp\/v2\/users\/1"}],"replies":[{"embeddable":true,"href":"http:\/\/www.tvturk.com\/index.php\/wp-json\/wp\/v2\/comments?post=149647"}],"version-history":[{"count":0,"href":"http:\/\/www.tvturk.com\/index.php\/wp-json\/wp\/v2\/posts\/149647\/revisions"}],"wp:featuredmedia":[{"embeddable":true,"href":"http:\/\/www.tvturk.com\/index.php\/wp-json\/wp\/v2\/media\/149648"}],"wp:attachment":[{"href":"http:\/\/www.tvturk.com\/index.php\/wp-json\/wp\/v2\/media?parent=149647"}],"wp:term":[{"taxonomy":"category","embeddable":true,"href":"http:\/\/www.tvturk.com\/index.php\/wp-json\/wp\/v2\/categories?post=149647"},{"taxonomy":"post_tag","embeddable":true,"href":"http:\/\/www.tvturk.com\/index.php\/wp-json\/wp\/v2\/tags?post=149647"}],"curies":[{"name":"wp","href":"https:\/\/api.w.org\/{rel}","templated":true}]}}