{"id":14968,"date":"2019-02-09T12:16:53","date_gmt":"2019-02-09T09:16:53","guid":{"rendered":"http:\/\/www.tvturk.com\/index.php\/tarihi-camiden-9-yil-once-calinan-hat-beyoglundaki-antikaciya-satilmaya-getirilince-vakiflar-muzesine-dondu\/"},"modified":"2019-02-09T12:16:56","modified_gmt":"2019-02-09T09:16:56","slug":"tarihi-camiden-9-yil-once-calinan-hat-beyoglundaki-antikaciya-satilmaya-getirilince-vakiflar-muzesine-dondu","status":"publish","type":"post","link":"http:\/\/www.tvturk.com\/index.php\/tarihi-camiden-9-yil-once-calinan-hat-beyoglundaki-antikaciya-satilmaya-getirilince-vakiflar-muzesine-dondu\/","title":{"rendered":"Tarihi camiden 9 y\u0131l \u00f6nce \u00e7al\u0131nan hat Beyo\u011flu\u2019ndaki antikac\u0131ya sat\u0131lmaya getirilince Vak\u0131flar m\u00fczesine d\u00f6nd\u00fc"},"content":{"rendered":"<p>Tarihi Kayhan Camisi 1850 y\u0131llarda b\u00fcy\u00fck bir yang\u0131nda veya zelzelede y\u0131k\u0131ld\u0131. Bu tarihi cami Bursa\u2019daki hay\u0131rseverlerin yard\u0131mlar\u0131 ile 150 y\u0131l \u00f6nce ilk g\u00fcnk\u00fc \u00f6zelliklerinde ihya edilerek yeniden ibadete a\u00e7\u0131ld\u0131. O g\u00fcnlerde ya\u015fanan olaylar\u0131 anlatmak ve caminin a\u00e7\u0131l\u0131\u015f\u0131ndan duydu\u011fu memnuniyeti as\u0131rlar sonras\u0131na aktarmak isteyen Bursal\u0131 me\u015fhur hattatlardan<\/p>\n<p>Ali S\u0131rr\u0131 Efendi, Kay\u0131han Camii yo\u011f idi evvel diye ba\u015flayan \u015fiir \u015feklinde talik bir kitabe yazd\u0131. Ya\u015fanan olaylar\u0131 ve yeniden in\u015fa faliyetlerini de ifade eden Ali S\u0131rr\u0131 Efendi\u2019nin Osmanl\u0131ca beyitlerden olu\u015fan hatt\u0131 140 y\u0131l camide as\u0131l\u0131 kald\u0131. Bursa\u2019da hat \u00e7al\u0131\u015fmalar\u0131n\u0131n canlanmaya ba\u015flad\u0131\u011f\u0131 2000 li y\u0131llarda, E\u015frefo\u011flu Ailesinden Ali S\u0131rr\u0131 Efendi\u2019nin hatlar\u0131, gen\u00e7 hattatlar\u0131nda dikkatini \u00e7ekiyordu. Bursa\u2019ya istanbuldan hat dersleri vermeye gelen Mahmut \u015eahin, Irgand\u0131 K\u00f6pr\u00fcs\u00fcnde ders verirken, bir talebesi Kayhan Camiindeki Ali S\u0131rr\u0131 Efendi\u2019n\u0131n tablosu hakk\u0131nda ara\u015ft\u0131rma yapt\u0131. Foto\u011fraflar\u0131n\u0131 da \u00e7ekti. Birka\u00e7 g\u00fcn sonra orjinal 140 y\u0131ll\u0131k tablo camiden \u00e7al\u0131n\u0131nca b\u00fct\u00fcn hattatlar \u00e7ok \u00fcz\u00fcld\u00fcler. Talik tarz\u0131nda iki k\u0131ta \u015fiir \u015feklindeki olan hatt\u0131 foto\u011fraf\u0131na g\u00f6re ayn\u0131s\u0131n\u0131 yazmaya karar veren Hattat Mahmut \u015eahin, 2 ayl\u0131k titiz bir \u00e7al\u0131\u015fma ile tabloyu orjinalinden farks\u0131z olarak yazd\u0131. Tablo Kayhan Camiinde eski yerinde tarihi caminin ge\u00e7mi\u015fi Osmanl\u0131\u2019ca anlatmaya devam ediyor.<\/p>\n<p>Camiden \u00e7al\u0131nan 140 y\u0131ll\u0131k eski hat yaz\u0131 Beyo\u011flu \u00c7ukurcuma\u2019da bir antikac\u0131ya g\u00f6t\u00fcr\u00fcld\u00fc. Eseri, yo\u011funluktan detayl\u0131 okumadan sat\u0131n alan Nazif Onmu\u015f, m\u00fcsait bir vakitte eserde ne yazd\u0131\u011f\u0131n\u0131 \u00e7\u00f6z\u00fcnce bunun bir cami kitabesi oldu\u011funu anlad\u0131. Bunun \u00fczerine yaz\u0131y\u0131 Vak\u0131flar Hat M\u00fczesi\u2019ne hediye etti. Bursa Kayhan Cami\u2019nin 140 y\u0131ll\u0131k eski hat yaz\u0131s\u0131 Beyaz\u0131t Vak\u0131f Hat Sanatlar\u0131 M\u00fczesinde bulunuyor.<\/p>\n<p>Hattat Mahmut \u015eahin, eserin tekrar Vak\u0131flar kolleksiyonuna kat\u0131lmas\u0131n\u0131 sa\u011flayan Antikac\u0131 Nazif Onmu\u015f\u2019a te\u015fekk\u00fcr etti. Eserin \u0130stanbul\u2019da bulunmas\u0131n\u0131n kendilerini biraz burktu\u011funu ifade eden hattat Mahmut \u015eahin, ge\u00e7en ay Bursa Muradiye K\u00fclliyesindeki tarihi medresede a\u00e7\u0131lan Hat ve Kur\u2019an M\u00fczesine Bursa camilerinden \u00e7\u0131kan eserlerin Vak\u0131flar Genel M\u00fcd\u00fcrl\u00fc\u011f\u00fc taraf\u0131ndan g\u00f6nderilmesini istedi. Bursa Ulucami\u2019den ve eski camilerden y\u0131llarca \u0130stanbul Beyaz\u0131t\u2019daki m\u00fczeye el yazma musaflar ile hat yaz\u0131lar\u0131n g\u00f6t\u00fcr\u00fcld\u00fc\u011f\u00fcne dikkat \u00e7eken Talik ve Nesih Hat \u00fcstad\u0131 Mahmut \u015eahin, bu eserlerin Bursa\u2019da ya\u015fayanlara te\u015fhir edilebilecek en g\u00fczel mekan\u0131n Bursa Hat M\u00fczesi oldu\u011funu s\u00f6yledi. Hattat Mahmut \u015eahin, \u0130stanbul Vak\u0131f Hat Sanatlar\u0131 M\u00fczesinde obje yo\u011funlu\u011fu sebebiyle Ali S\u0131rr\u0131 Efendi\u2019nin yaz\u0131s\u0131n\u0131n hen\u00fcz te\u015fhire al\u0131namad\u0131\u011f\u0131n\u0131, b\u00f6yle y\u00fczlerce Bursa\u2019ya ait hat eserlerinin m\u00fcze ar\u015fivlerinde tutuldu\u011funa dikkat \u00e7ekerek, K\u00fclt\u00fcr ve Turizm Bakanl\u0131\u011f\u0131\u2019na Bursa\u2019ya ait eserlerin \u0130stanbul\u2019da depolardan Bursa Hat m\u00fczesine g\u00f6nderilmesini tavsiye etti.<\/p>\n<p>Bursa\u2019da ya\u015fayan hattat Ali S\u0131rr\u0131 Efendi\u2019nin torunlar\u0131ndan Safiy\u00fcddin Erhan da Kayhan Camii\u2019ne ait hatt\u0131n y\u0131llar sonra da olsa Vak\u0131flar\u2019a d\u00f6nmesi sebebiyle, duyarl\u0131 antikac\u0131ya te\u015fekk\u00fcr etti. Bu eserin ve di\u011fer camilerden Ye\u015fil\u2019deki T\u00fcrk \u0130slam Eserleri M\u00fczesi\u2019nin deposuna konulan hat yaz\u0131lar\u0131n\u0131n g\u00fcn y\u00fcz\u00fcne \u00e7\u0131kart\u0131lmas\u0131n\u0131 isteyen Safiy\u00fcddin Erhan\u2019da yeni a\u00e7\u0131lan m\u00fczelerin zenginle\u015ftirilmesi gerekti\u011fini ifade etti. Emirsultan Camisi ve Bursa\u2019da eski camilerden Vak\u0131flar taraf\u0131ndan muhafaza alt\u0131na al\u0131nan tarihi hatlar\u0131n ve mushaflar\u0131n yeni a\u00e7\u0131lan Muradiye\u2019deki m\u00fczede merakl\u0131lar\u0131na sergilenmesi gerekti\u011fini ifade eden Safiy\u00fcddin Erhan, &#8220;Depolarda \u00e7\u00fcr\u00fctmek yerine, bunlar\u0131 gelecek nesillerimize anlatmak \u00e7ok daha iyi olacakt\u0131r. Ayr\u0131ca bir k\u00f6rfez Arap \u00fclkesinde eski T\u00fcrk hattatlar\u0131n eserlerinden kurulan m\u00fcze her y\u0131l y\u00fcz binlerce ziyaret\u00e7i al\u0131yor. Bursa ve \u0130stanbul\u2019daki hat ve mushaf m\u00fczelerinin te\u015fhirlerini geli\u015ftirerek ziyaret\u00e7i \u00e7ekmeleri, k\u00fclt\u00fcr turizminin geli\u015fmesi T\u00fcrkiye\u2019ye b\u00fcy\u00fck k\u00fclt\u00fcrel katk\u0131 sa\u011flayacakt\u0131r&#8221; dedi.<div class=\"tiled-gallery type-rectangular tiled-gallery-unresized\" data-original-width=\"500\" data-carousel-extra='null' itemscope itemtype=\"http:\/\/schema.org\/ImageGallery\" > <div class=\"gallery-row\" style=\"width: 500px; height: 224px;\" data-original-width=\"500\" data-original-height=\"224\" > <div class=\"gallery-group images-1\" style=\"width: 334px; height: 224px;\" data-original-width=\"334\" data-original-height=\"224\" > <div class=\"tiled-gallery-item tiled-gallery-item-large\" itemprop=\"associatedMedia\" itemscope itemtype=\"http:\/\/schema.org\/ImageObject\"> <a href=\"http:\/\/www.tvturk.com\/index.php\/tarihi-camiden-9-yil-once-calinan-hat-beyoglundaki-antikaciya-satilmaya-getirilince-vakiflar-muzesine-dondu\/tarihi-camiden-9-yil-once-calinan-hat-beyoglundaki-antikaciya-satilmaya-getirilince-vakiflar-muzesine-dondu-3\/\" border=\"0\" itemprop=\"url\"> <meta itemprop=\"width\" content=\"330\"> <meta itemprop=\"height\" content=\"220\"> <img decoding=\"async\" class=\"\" data-attachment-id=\"14970\" data-orig-file=\"http:\/\/www.tvturk.com\/wp-content\/uploads\/2019\/02\/tarihi-camiden-9-yil-once-calinan-hat-beyoglundaki-antikaciya-satilmaya-getirilince-vakiflar-muzesine-dondu_8638c6f.jpg\" data-orig-size=\"1000,666\" data-comments-opened=\"\" data-image-meta=\"{&quot;aperture&quot;:&quot;0&quot;,&quot;credit&quot;:&quot;IHA&quot;,&quot;camera&quot;:&quot;&quot;,&quot;caption&quot;:&quot;BURSA\\u2019DAK\\u0130 TAR\\u0130H\\u0130 KAYHAN CAM\\u0130S\\u0130NDEN 2009 YILINDA \\u00c7ALINAN AL\\u0130 SIRRI \\u0130MZALI 140 YA\\u015eINDAK\\u0130 TAR\\u0130H\\u0130 HAT, K\\u00dcLT\\u00dcRL\\u00dc B\\u0130R ANT\\u0130KACININ FEDAKARLI\\u011eI \\u0130LE VAKIFLAR\\u2019A YEN\\u0130DEN KAZANDIRILDI (\\u0130RFAN ALTIKARDE\\u015e\\\/BURSA-\\u0130HA)&quot;,&quot;created_timestamp&quot;:&quot;0&quot;,&quot;copyright&quot;:&quot;\\u0130HLAS HABER AJANSI, www.iha.com.tr&quot;,&quot;focal_length&quot;:&quot;0&quot;,&quot;iso&quot;:&quot;0&quot;,&quot;shutter_speed&quot;:&quot;0&quot;,&quot;title&quot;:&quot;TAR\\u0130H\\u0130 CAM\\u0130DEN 9 YIL \\u00d6NCE \\u00c7ALINAN HAT BEYO\\u011eLU\\u2019NDAK\\u0130 ANT\\u0130KACIYA SATILMAYA GET\\u0130R\\u0130L\\u0130NCE VAKIFLAR M\\u00dcZES\\u0130NE D\\u00d6ND\\u00dc BURSA\\u2019DAK\\u0130 TAR\\u0130H\\u0130 KAYHAN CAM\\u0130S\\u0130NDEN 2009 YILINDA \\u00c7ALINAN AL\\u0130 SIRRI \\u0130MZALI 140 YA\\u015eINDAK\\u0130 TAR\\u0130H\\u0130 HAT, K\\u00dcLT\\u00dcRL\\u00dc B\\u0130R ANT\\u0130KACININ FEDAKARLI\\u011eI \\u0130LE VAKIFLAR\\u2019A YEN\\u0130DEN KAZANDIRILDI CAM\\u0130LERDEK\\u0130 TAR\\u0130H\\u0130 YAZILAR M\\u00dcZELERDE SERG\\u0130LEMEYE ALINARAK YEN\\u0130 NESLE AKTARILMALI&quot;,&quot;orientation&quot;:&quot;0&quot;}\" data-image-title=\"Tarihi camiden 9 y\u0131l \u00f6nce \u00e7al\u0131nan hat Beyo\u011flu\u2019ndaki antikac\u0131ya sat\u0131lmaya getirilince Vak\u0131flar m\u00fczesine d\u00f6nd\u00fc\" data-image-description=\"&lt;p&gt;Tarihi camiden 9 y\u0131l \u00f6nce \u00e7al\u0131nan hat Beyo\u011flu\u2019ndaki antikac\u0131ya sat\u0131lmaya getirilince Vak\u0131flar m\u00fczesine d\u00f6nd\u00fc&lt;\/p&gt; \" data-medium-file=\"https:\/\/i0.wp.com\/www.tvturk.com\/wp-content\/uploads\/2019\/02\/tarihi-camiden-9-yil-once-calinan-hat-beyoglundaki-antikaciya-satilmaya-getirilince-vakiflar-muzesine-dondu_8638c6f.jpg?fit=300%2C200\" data-large-file=\"https:\/\/i0.wp.com\/www.tvturk.com\/wp-content\/uploads\/2019\/02\/tarihi-camiden-9-yil-once-calinan-hat-beyoglundaki-antikaciya-satilmaya-getirilince-vakiflar-muzesine-dondu_8638c6f.jpg?fit=1000%2C666\" src=\"https:\/\/i0.wp.com\/www.tvturk.com\/wp-content\/uploads\/2019\/02\/tarihi-camiden-9-yil-once-calinan-hat-beyoglundaki-antikaciya-satilmaya-getirilince-vakiflar-muzesine-dondu_8638c6f.jpg?w=330&#038;h=220\" srcset=\"https:\/\/i0.wp.com\/www.tvturk.com\/wp-content\/uploads\/2019\/02\/tarihi-camiden-9-yil-once-calinan-hat-beyoglundaki-antikaciya-satilmaya-getirilince-vakiflar-muzesine-dondu_8638c6f.jpg?w=1000 1000w, https:\/\/i0.wp.com\/www.tvturk.com\/wp-content\/uploads\/2019\/02\/tarihi-camiden-9-yil-once-calinan-hat-beyoglundaki-antikaciya-satilmaya-getirilince-vakiflar-muzesine-dondu_8638c6f.jpg?resize=150%2C100 150w, https:\/\/i0.wp.com\/www.tvturk.com\/wp-content\/uploads\/2019\/02\/tarihi-camiden-9-yil-once-calinan-hat-beyoglundaki-antikaciya-satilmaya-getirilince-vakiflar-muzesine-dondu_8638c6f.jpg?resize=300%2C200 300w, https:\/\/i0.wp.com\/www.tvturk.com\/wp-content\/uploads\/2019\/02\/tarihi-camiden-9-yil-once-calinan-hat-beyoglundaki-antikaciya-satilmaya-getirilince-vakiflar-muzesine-dondu_8638c6f.jpg?resize=768%2C511 768w, https:\/\/i0.wp.com\/www.tvturk.com\/wp-content\/uploads\/2019\/02\/tarihi-camiden-9-yil-once-calinan-hat-beyoglundaki-antikaciya-satilmaya-getirilince-vakiflar-muzesine-dondu_8638c6f.jpg?resize=170%2C113 170w, https:\/\/i0.wp.com\/www.tvturk.com\/wp-content\/uploads\/2019\/02\/tarihi-camiden-9-yil-once-calinan-hat-beyoglundaki-antikaciya-satilmaya-getirilince-vakiflar-muzesine-dondu_8638c6f.jpg?resize=120%2C80 120w\" width=\"330\" height=\"220\" loading=\"lazy\" data-original-width=\"330\" data-original-height=\"220\" itemprop=\"http:\/\/schema.org\/image\" title=\"Tarihi camiden 9 y\u0131l \u00f6nce \u00e7al\u0131nan hat Beyo\u011flu\u2019ndaki antikac\u0131ya sat\u0131lmaya getirilince Vak\u0131flar m\u00fczesine d\u00f6nd\u00fc\" alt=\"Tarihi camiden 9 y\u0131l \u00f6nce \u00e7al\u0131nan hat Beyo\u011flu\u2019ndaki antikac\u0131ya sat\u0131lmaya getirilince Vak\u0131flar m\u00fczesine d\u00f6nd\u00fc\" style=\"width: 330px; height: 220px;\" \/> <\/a> <\/div> <\/div> <!-- close group --> <div class=\"gallery-group images-2\" style=\"width: 166px; height: 224px;\" data-original-width=\"166\" data-original-height=\"224\" > <div class=\"tiled-gallery-item tiled-gallery-item-small\" itemprop=\"associatedMedia\" itemscope itemtype=\"http:\/\/schema.org\/ImageObject\"> <a href=\"http:\/\/www.tvturk.com\/index.php\/tarihi-camiden-9-yil-once-calinan-hat-beyoglundaki-antikaciya-satilmaya-getirilince-vakiflar-muzesine-dondu\/tarihi-camiden-9-yil-once-calinan-hat-beyoglundaki-antikaciya-satilmaya-getirilince-vakiflar-muzesine-dondu-4\/\" border=\"0\" itemprop=\"url\"> <meta itemprop=\"width\" content=\"162\"> <meta itemprop=\"height\" content=\"108\"> <img decoding=\"async\" class=\"\" data-attachment-id=\"14971\" data-orig-file=\"http:\/\/www.tvturk.com\/wp-content\/uploads\/2019\/02\/tarihi-camiden-9-yil-once-calinan-hat-beyoglundaki-antikaciya-satilmaya-getirilince-vakiflar-muzesine-dondu_3a3d6ab.jpg\" data-orig-size=\"1000,666\" data-comments-opened=\"\" data-image-meta=\"{&quot;aperture&quot;:&quot;0&quot;,&quot;credit&quot;:&quot;IHA&quot;,&quot;camera&quot;:&quot;&quot;,&quot;caption&quot;:&quot;BURSA\\u2019DAK\\u0130 TAR\\u0130H\\u0130 KAYHAN CAM\\u0130S\\u0130NDEN 2009 YILINDA \\u00c7ALINAN AL\\u0130 SIRRI \\u0130MZALI 140 YA\\u015eINDAK\\u0130 TAR\\u0130H\\u0130 HAT, K\\u00dcLT\\u00dcRL\\u00dc B\\u0130R ANT\\u0130KACININ FEDAKARLI\\u011eI \\u0130LE VAKIFLAR\\u2019A YEN\\u0130DEN KAZANDIRILDI (\\u0130RFAN ALTIKARDE\\u015e\\\/BURSA-\\u0130HA)&quot;,&quot;created_timestamp&quot;:&quot;0&quot;,&quot;copyright&quot;:&quot;\\u0130HLAS HABER AJANSI, www.iha.com.tr&quot;,&quot;focal_length&quot;:&quot;0&quot;,&quot;iso&quot;:&quot;0&quot;,&quot;shutter_speed&quot;:&quot;0&quot;,&quot;title&quot;:&quot;TAR\\u0130H\\u0130 CAM\\u0130DEN 9 YIL \\u00d6NCE \\u00c7ALINAN HAT BEYO\\u011eLU\\u2019NDAK\\u0130 ANT\\u0130KACIYA SATILMAYA GET\\u0130R\\u0130L\\u0130NCE VAKIFLAR M\\u00dcZES\\u0130NE D\\u00d6ND\\u00dc BURSA\\u2019DAK\\u0130 TAR\\u0130H\\u0130 KAYHAN CAM\\u0130S\\u0130NDEN 2009 YILINDA \\u00c7ALINAN AL\\u0130 SIRRI \\u0130MZALI 140 YA\\u015eINDAK\\u0130 TAR\\u0130H\\u0130 HAT, K\\u00dcLT\\u00dcRL\\u00dc B\\u0130R ANT\\u0130KACININ FEDAKARLI\\u011eI \\u0130LE VAKIFLAR\\u2019A YEN\\u0130DEN KAZANDIRILDI CAM\\u0130LERDEK\\u0130 TAR\\u0130H\\u0130 YAZILAR M\\u00dcZELERDE SERG\\u0130LEMEYE ALINARAK YEN\\u0130 NESLE AKTARILMALI&quot;,&quot;orientation&quot;:&quot;0&quot;}\" data-image-title=\"Tarihi camiden 9 y\u0131l \u00f6nce \u00e7al\u0131nan hat Beyo\u011flu\u2019ndaki antikac\u0131ya sat\u0131lmaya getirilince Vak\u0131flar m\u00fczesine d\u00f6nd\u00fc\" data-image-description=\"&lt;p&gt;Tarihi camiden 9 y\u0131l \u00f6nce \u00e7al\u0131nan hat Beyo\u011flu\u2019ndaki antikac\u0131ya sat\u0131lmaya getirilince Vak\u0131flar m\u00fczesine d\u00f6nd\u00fc&lt;\/p&gt; \" data-medium-file=\"https:\/\/i0.wp.com\/www.tvturk.com\/wp-content\/uploads\/2019\/02\/tarihi-camiden-9-yil-once-calinan-hat-beyoglundaki-antikaciya-satilmaya-getirilince-vakiflar-muzesine-dondu_3a3d6ab.jpg?fit=300%2C200\" data-large-file=\"https:\/\/i0.wp.com\/www.tvturk.com\/wp-content\/uploads\/2019\/02\/tarihi-camiden-9-yil-once-calinan-hat-beyoglundaki-antikaciya-satilmaya-getirilince-vakiflar-muzesine-dondu_3a3d6ab.jpg?fit=1000%2C666\" src=\"https:\/\/i0.wp.com\/www.tvturk.com\/wp-content\/uploads\/2019\/02\/tarihi-camiden-9-yil-once-calinan-hat-beyoglundaki-antikaciya-satilmaya-getirilince-vakiflar-muzesine-dondu_3a3d6ab.jpg?w=162&#038;h=108\" srcset=\"https:\/\/i0.wp.com\/www.tvturk.com\/wp-content\/uploads\/2019\/02\/tarihi-camiden-9-yil-once-calinan-hat-beyoglundaki-antikaciya-satilmaya-getirilince-vakiflar-muzesine-dondu_3a3d6ab.jpg?w=1000 1000w, https:\/\/i0.wp.com\/www.tvturk.com\/wp-content\/uploads\/2019\/02\/tarihi-camiden-9-yil-once-calinan-hat-beyoglundaki-antikaciya-satilmaya-getirilince-vakiflar-muzesine-dondu_3a3d6ab.jpg?resize=150%2C100 150w, https:\/\/i0.wp.com\/www.tvturk.com\/wp-content\/uploads\/2019\/02\/tarihi-camiden-9-yil-once-calinan-hat-beyoglundaki-antikaciya-satilmaya-getirilince-vakiflar-muzesine-dondu_3a3d6ab.jpg?resize=300%2C200 300w, https:\/\/i0.wp.com\/www.tvturk.com\/wp-content\/uploads\/2019\/02\/tarihi-camiden-9-yil-once-calinan-hat-beyoglundaki-antikaciya-satilmaya-getirilince-vakiflar-muzesine-dondu_3a3d6ab.jpg?resize=768%2C511 768w, https:\/\/i0.wp.com\/www.tvturk.com\/wp-content\/uploads\/2019\/02\/tarihi-camiden-9-yil-once-calinan-hat-beyoglundaki-antikaciya-satilmaya-getirilince-vakiflar-muzesine-dondu_3a3d6ab.jpg?resize=170%2C113 170w, https:\/\/i0.wp.com\/www.tvturk.com\/wp-content\/uploads\/2019\/02\/tarihi-camiden-9-yil-once-calinan-hat-beyoglundaki-antikaciya-satilmaya-getirilince-vakiflar-muzesine-dondu_3a3d6ab.jpg?resize=120%2C80 120w\" width=\"162\" height=\"108\" loading=\"lazy\" data-original-width=\"162\" data-original-height=\"108\" itemprop=\"http:\/\/schema.org\/image\" title=\"Tarihi camiden 9 y\u0131l \u00f6nce \u00e7al\u0131nan hat Beyo\u011flu\u2019ndaki antikac\u0131ya sat\u0131lmaya getirilince Vak\u0131flar m\u00fczesine d\u00f6nd\u00fc\" alt=\"Tarihi camiden 9 y\u0131l \u00f6nce \u00e7al\u0131nan hat Beyo\u011flu\u2019ndaki antikac\u0131ya sat\u0131lmaya getirilince Vak\u0131flar m\u00fczesine d\u00f6nd\u00fc\" style=\"width: 162px; height: 108px;\" \/> <\/a> <\/div> <div class=\"tiled-gallery-item tiled-gallery-item-small\" itemprop=\"associatedMedia\" itemscope itemtype=\"http:\/\/schema.org\/ImageObject\"> <a href=\"http:\/\/www.tvturk.com\/index.php\/tarihi-camiden-9-yil-once-calinan-hat-beyoglundaki-antikaciya-satilmaya-getirilince-vakiflar-muzesine-dondu\/tarihi-camiden-9-yil-once-calinan-hat-beyoglundaki-antikaciya-satilmaya-getirilince-vakiflar-muzesine-dondu-5\/\" border=\"0\" itemprop=\"url\"> <meta itemprop=\"width\" content=\"162\"> <meta itemprop=\"height\" content=\"108\"> <img decoding=\"async\" class=\"\" data-attachment-id=\"14972\" data-orig-file=\"http:\/\/www.tvturk.com\/wp-content\/uploads\/2019\/02\/tarihi-camiden-9-yil-once-calinan-hat-beyoglundaki-antikaciya-satilmaya-getirilince-vakiflar-muzesine-dondu_c4b2d13.jpg\" data-orig-size=\"1000,666\" data-comments-opened=\"\" data-image-meta=\"{&quot;aperture&quot;:&quot;0&quot;,&quot;credit&quot;:&quot;IHA&quot;,&quot;camera&quot;:&quot;&quot;,&quot;caption&quot;:&quot;BURSA\\u2019DAK\\u0130 TAR\\u0130H\\u0130 KAYHAN CAM\\u0130S\\u0130NDEN 2009 YILINDA \\u00c7ALINAN AL\\u0130 SIRRI \\u0130MZALI 140 YA\\u015eINDAK\\u0130 TAR\\u0130H\\u0130 HAT, K\\u00dcLT\\u00dcRL\\u00dc B\\u0130R ANT\\u0130KACININ FEDAKARLI\\u011eI \\u0130LE VAKIFLAR\\u2019A YEN\\u0130DEN KAZANDIRILDI (\\u0130RFAN ALTIKARDE\\u015e\\\/BURSA-\\u0130HA)&quot;,&quot;created_timestamp&quot;:&quot;0&quot;,&quot;copyright&quot;:&quot;\\u0130HLAS HABER AJANSI, www.iha.com.tr&quot;,&quot;focal_length&quot;:&quot;0&quot;,&quot;iso&quot;:&quot;0&quot;,&quot;shutter_speed&quot;:&quot;0&quot;,&quot;title&quot;:&quot;TAR\\u0130H\\u0130 CAM\\u0130DEN 9 YIL \\u00d6NCE \\u00c7ALINAN HAT BEYO\\u011eLU\\u2019NDAK\\u0130 ANT\\u0130KACIYA SATILMAYA GET\\u0130R\\u0130L\\u0130NCE VAKIFLAR M\\u00dcZES\\u0130NE D\\u00d6ND\\u00dc BURSA\\u2019DAK\\u0130 TAR\\u0130H\\u0130 KAYHAN CAM\\u0130S\\u0130NDEN 2009 YILINDA \\u00c7ALINAN AL\\u0130 SIRRI \\u0130MZALI 140 YA\\u015eINDAK\\u0130 TAR\\u0130H\\u0130 HAT, K\\u00dcLT\\u00dcRL\\u00dc B\\u0130R ANT\\u0130KACININ FEDAKARLI\\u011eI \\u0130LE VAKIFLAR\\u2019A YEN\\u0130DEN KAZANDIRILDI CAM\\u0130LERDEK\\u0130 TAR\\u0130H\\u0130 YAZILAR M\\u00dcZELERDE SERG\\u0130LEMEYE ALINARAK YEN\\u0130 NESLE AKTARILMALI&quot;,&quot;orientation&quot;:&quot;0&quot;}\" data-image-title=\"Tarihi camiden 9 y\u0131l \u00f6nce \u00e7al\u0131nan hat Beyo\u011flu\u2019ndaki antikac\u0131ya sat\u0131lmaya getirilince Vak\u0131flar m\u00fczesine d\u00f6nd\u00fc\" data-image-description=\"&lt;p&gt;Tarihi camiden 9 y\u0131l \u00f6nce \u00e7al\u0131nan hat Beyo\u011flu\u2019ndaki antikac\u0131ya sat\u0131lmaya getirilince Vak\u0131flar m\u00fczesine d\u00f6nd\u00fc&lt;\/p&gt; \" data-medium-file=\"https:\/\/i0.wp.com\/www.tvturk.com\/wp-content\/uploads\/2019\/02\/tarihi-camiden-9-yil-once-calinan-hat-beyoglundaki-antikaciya-satilmaya-getirilince-vakiflar-muzesine-dondu_c4b2d13.jpg?fit=300%2C200\" data-large-file=\"https:\/\/i0.wp.com\/www.tvturk.com\/wp-content\/uploads\/2019\/02\/tarihi-camiden-9-yil-once-calinan-hat-beyoglundaki-antikaciya-satilmaya-getirilince-vakiflar-muzesine-dondu_c4b2d13.jpg?fit=1000%2C666\" src=\"https:\/\/i0.wp.com\/www.tvturk.com\/wp-content\/uploads\/2019\/02\/tarihi-camiden-9-yil-once-calinan-hat-beyoglundaki-antikaciya-satilmaya-getirilince-vakiflar-muzesine-dondu_c4b2d13.jpg?w=162&#038;h=108\" srcset=\"https:\/\/i0.wp.com\/www.tvturk.com\/wp-content\/uploads\/2019\/02\/tarihi-camiden-9-yil-once-calinan-hat-beyoglundaki-antikaciya-satilmaya-getirilince-vakiflar-muzesine-dondu_c4b2d13.jpg?w=1000 1000w, https:\/\/i0.wp.com\/www.tvturk.com\/wp-content\/uploads\/2019\/02\/tarihi-camiden-9-yil-once-calinan-hat-beyoglundaki-antikaciya-satilmaya-getirilince-vakiflar-muzesine-dondu_c4b2d13.jpg?resize=150%2C100 150w, https:\/\/i0.wp.com\/www.tvturk.com\/wp-content\/uploads\/2019\/02\/tarihi-camiden-9-yil-once-calinan-hat-beyoglundaki-antikaciya-satilmaya-getirilince-vakiflar-muzesine-dondu_c4b2d13.jpg?resize=300%2C200 300w, https:\/\/i0.wp.com\/www.tvturk.com\/wp-content\/uploads\/2019\/02\/tarihi-camiden-9-yil-once-calinan-hat-beyoglundaki-antikaciya-satilmaya-getirilince-vakiflar-muzesine-dondu_c4b2d13.jpg?resize=768%2C511 768w, https:\/\/i0.wp.com\/www.tvturk.com\/wp-content\/uploads\/2019\/02\/tarihi-camiden-9-yil-once-calinan-hat-beyoglundaki-antikaciya-satilmaya-getirilince-vakiflar-muzesine-dondu_c4b2d13.jpg?resize=170%2C113 170w, https:\/\/i0.wp.com\/www.tvturk.com\/wp-content\/uploads\/2019\/02\/tarihi-camiden-9-yil-once-calinan-hat-beyoglundaki-antikaciya-satilmaya-getirilince-vakiflar-muzesine-dondu_c4b2d13.jpg?resize=120%2C80 120w\" width=\"162\" height=\"108\" loading=\"lazy\" data-original-width=\"162\" data-original-height=\"108\" itemprop=\"http:\/\/schema.org\/image\" title=\"Tarihi camiden 9 y\u0131l \u00f6nce \u00e7al\u0131nan hat Beyo\u011flu\u2019ndaki antikac\u0131ya sat\u0131lmaya getirilince Vak\u0131flar m\u00fczesine d\u00f6nd\u00fc\" alt=\"Tarihi camiden 9 y\u0131l \u00f6nce \u00e7al\u0131nan hat Beyo\u011flu\u2019ndaki antikac\u0131ya sat\u0131lmaya getirilince Vak\u0131flar m\u00fczesine d\u00f6nd\u00fc\" style=\"width: 162px; height: 108px;\" \/> <\/a> <\/div> <\/div> <!-- close group --> <\/div> <!-- close row --> <div class=\"gallery-row\" style=\"width: 500px; height: 334px;\" data-original-width=\"500\" data-original-height=\"334\" > <div class=\"gallery-group images-1\" style=\"width: 500px; height: 334px;\" data-original-width=\"500\" data-original-height=\"334\" > <div class=\"tiled-gallery-item tiled-gallery-item-large\" itemprop=\"associatedMedia\" itemscope itemtype=\"http:\/\/schema.org\/ImageObject\"> <a href=\"http:\/\/www.tvturk.com\/index.php\/tarihi-camiden-9-yil-once-calinan-hat-beyoglundaki-antikaciya-satilmaya-getirilince-vakiflar-muzesine-dondu\/tarihi-camiden-9-yil-once-calinan-hat-beyoglundaki-antikaciya-satilmaya-getirilince-vakiflar-muzesine-dondu-6\/\" border=\"0\" itemprop=\"url\"> <meta itemprop=\"width\" content=\"496\"> <meta itemprop=\"height\" content=\"330\"> <img decoding=\"async\" class=\"\" data-attachment-id=\"14973\" data-orig-file=\"http:\/\/www.tvturk.com\/wp-content\/uploads\/2019\/02\/tarihi-camiden-9-yil-once-calinan-hat-beyoglundaki-antikaciya-satilmaya-getirilince-vakiflar-muzesine-dondu_54e8279.jpg\" data-orig-size=\"1000,666\" data-comments-opened=\"\" data-image-meta=\"{&quot;aperture&quot;:&quot;0&quot;,&quot;credit&quot;:&quot;IHA&quot;,&quot;camera&quot;:&quot;&quot;,&quot;caption&quot;:&quot;BURSA\\u2019DAK\\u0130 TAR\\u0130H\\u0130 KAYHAN CAM\\u0130S\\u0130NDEN 2009 YILINDA \\u00c7ALINAN AL\\u0130 SIRRI \\u0130MZALI 140 YA\\u015eINDAK\\u0130 TAR\\u0130H\\u0130 HAT, K\\u00dcLT\\u00dcRL\\u00dc B\\u0130R ANT\\u0130KACININ FEDAKARLI\\u011eI \\u0130LE VAKIFLAR\\u2019A YEN\\u0130DEN KAZANDIRILDI (\\u0130RFAN ALTIKARDE\\u015e\\\/BURSA-\\u0130HA)&quot;,&quot;created_timestamp&quot;:&quot;0&quot;,&quot;copyright&quot;:&quot;\\u0130HLAS HABER AJANSI, www.iha.com.tr&quot;,&quot;focal_length&quot;:&quot;0&quot;,&quot;iso&quot;:&quot;0&quot;,&quot;shutter_speed&quot;:&quot;0&quot;,&quot;title&quot;:&quot;TAR\\u0130H\\u0130 CAM\\u0130DEN 9 YIL \\u00d6NCE \\u00c7ALINAN HAT BEYO\\u011eLU\\u2019NDAK\\u0130 ANT\\u0130KACIYA SATILMAYA GET\\u0130R\\u0130L\\u0130NCE VAKIFLAR M\\u00dcZES\\u0130NE D\\u00d6ND\\u00dc BURSA\\u2019DAK\\u0130 TAR\\u0130H\\u0130 KAYHAN CAM\\u0130S\\u0130NDEN 2009 YILINDA \\u00c7ALINAN AL\\u0130 SIRRI \\u0130MZALI 140 YA\\u015eINDAK\\u0130 TAR\\u0130H\\u0130 HAT, K\\u00dcLT\\u00dcRL\\u00dc B\\u0130R ANT\\u0130KACININ FEDAKARLI\\u011eI \\u0130LE VAKIFLAR\\u2019A YEN\\u0130DEN KAZANDIRILDI CAM\\u0130LERDEK\\u0130 TAR\\u0130H\\u0130 YAZILAR M\\u00dcZELERDE SERG\\u0130LEMEYE ALINARAK YEN\\u0130 NESLE AKTARILMALI&quot;,&quot;orientation&quot;:&quot;0&quot;}\" data-image-title=\"Tarihi camiden 9 y\u0131l \u00f6nce \u00e7al\u0131nan hat Beyo\u011flu\u2019ndaki antikac\u0131ya sat\u0131lmaya getirilince Vak\u0131flar m\u00fczesine d\u00f6nd\u00fc\" data-image-description=\"&lt;p&gt;Tarihi camiden 9 y\u0131l \u00f6nce \u00e7al\u0131nan hat Beyo\u011flu\u2019ndaki antikac\u0131ya sat\u0131lmaya getirilince Vak\u0131flar m\u00fczesine d\u00f6nd\u00fc&lt;\/p&gt; \" data-medium-file=\"https:\/\/i0.wp.com\/www.tvturk.com\/wp-content\/uploads\/2019\/02\/tarihi-camiden-9-yil-once-calinan-hat-beyoglundaki-antikaciya-satilmaya-getirilince-vakiflar-muzesine-dondu_54e8279.jpg?fit=300%2C200\" data-large-file=\"https:\/\/i0.wp.com\/www.tvturk.com\/wp-content\/uploads\/2019\/02\/tarihi-camiden-9-yil-once-calinan-hat-beyoglundaki-antikaciya-satilmaya-getirilince-vakiflar-muzesine-dondu_54e8279.jpg?fit=1000%2C666\" src=\"https:\/\/i0.wp.com\/www.tvturk.com\/wp-content\/uploads\/2019\/02\/tarihi-camiden-9-yil-once-calinan-hat-beyoglundaki-antikaciya-satilmaya-getirilince-vakiflar-muzesine-dondu_54e8279.jpg?w=496&#038;h=330\" srcset=\"https:\/\/i0.wp.com\/www.tvturk.com\/wp-content\/uploads\/2019\/02\/tarihi-camiden-9-yil-once-calinan-hat-beyoglundaki-antikaciya-satilmaya-getirilince-vakiflar-muzesine-dondu_54e8279.jpg?w=1000 1000w, https:\/\/i0.wp.com\/www.tvturk.com\/wp-content\/uploads\/2019\/02\/tarihi-camiden-9-yil-once-calinan-hat-beyoglundaki-antikaciya-satilmaya-getirilince-vakiflar-muzesine-dondu_54e8279.jpg?resize=150%2C100 150w, https:\/\/i0.wp.com\/www.tvturk.com\/wp-content\/uploads\/2019\/02\/tarihi-camiden-9-yil-once-calinan-hat-beyoglundaki-antikaciya-satilmaya-getirilince-vakiflar-muzesine-dondu_54e8279.jpg?resize=300%2C200 300w, https:\/\/i0.wp.com\/www.tvturk.com\/wp-content\/uploads\/2019\/02\/tarihi-camiden-9-yil-once-calinan-hat-beyoglundaki-antikaciya-satilmaya-getirilince-vakiflar-muzesine-dondu_54e8279.jpg?resize=768%2C511 768w, https:\/\/i0.wp.com\/www.tvturk.com\/wp-content\/uploads\/2019\/02\/tarihi-camiden-9-yil-once-calinan-hat-beyoglundaki-antikaciya-satilmaya-getirilince-vakiflar-muzesine-dondu_54e8279.jpg?resize=170%2C113 170w, https:\/\/i0.wp.com\/www.tvturk.com\/wp-content\/uploads\/2019\/02\/tarihi-camiden-9-yil-once-calinan-hat-beyoglundaki-antikaciya-satilmaya-getirilince-vakiflar-muzesine-dondu_54e8279.jpg?resize=120%2C80 120w\" width=\"496\" height=\"330\" loading=\"lazy\" data-original-width=\"496\" data-original-height=\"330\" itemprop=\"http:\/\/schema.org\/image\" title=\"Tarihi camiden 9 y\u0131l \u00f6nce \u00e7al\u0131nan hat Beyo\u011flu\u2019ndaki antikac\u0131ya sat\u0131lmaya getirilince Vak\u0131flar m\u00fczesine d\u00f6nd\u00fc\" alt=\"Tarihi camiden 9 y\u0131l \u00f6nce \u00e7al\u0131nan hat Beyo\u011flu\u2019ndaki antikac\u0131ya sat\u0131lmaya getirilince Vak\u0131flar m\u00fczesine d\u00f6nd\u00fc\" style=\"width: 496px; height: 330px;\" \/> <\/a> <\/div> <\/div> <!-- close group --> <\/div> <!-- close row --> <\/div><\/p>\n","protected":false},"excerpt":{"rendered":"<p>BURSA\u2019DAK\u0130 TAR\u0130H\u0130 KAYHAN CAM\u0130S\u0130NDEN 2009 YILINDA \u00c7ALINAN AL\u0130 SIRRI \u0130MZALI 140 YA\u015eINDAK\u0130 TAR\u0130H\u0130 HAT, K\u00dcLT\u00dcRL\u00dc B\u0130R ANT\u0130KACININ FEDAKARLI\u011eI \u0130LE VAKIFLAR\u2019A YEN\u0130DEN KAZANDIRILDI<\/p>\n","protected":false},"author":1,"featured_media":14969,"comment_status":"closed","ping_status":"open","sticky":false,"template":"","format":"standard","meta":{"jetpack_post_was_ever_published":false,"_jetpack_newsletter_access":"","_jetpack_dont_email_post_to_subs":false,"_jetpack_newsletter_tier_id":0,"_jetpack_memberships_contains_paywalled_content":false,"_jetpack_memberships_contains_paid_content":false,"footnotes":"","jetpack_publicize_message":"","jetpack_publicize_feature_enabled":true,"jetpack_social_post_already_shared":false,"jetpack_social_options":{"image_generator_settings":{"template":"highway","default_image_id":0,"font":"","enabled":false},"version":2}},"categories":[656],"tags":[7329,7328,7326,5526,990,7331,7327,6264,232,7330,800,7332,231],"class_list":["post-14968","post","type-post","status-publish","format-standard","has-post-thumbnail","hentry","category-kultur-sanat","tag-antikaciya","tag-beyoglundaki","tag-calinan","tag-camiden","tag-dondu","tag-getirilince","tag-hat","tag-muzesine","tag-once","tag-satilmaya","tag-tarihi","tag-vakiflar","tag-yil"],"jetpack_publicize_connections":[],"jetpack_featured_media_url":"https:\/\/i0.wp.com\/www.tvturk.com\/wp-content\/uploads\/2019\/02\/tarihi-camiden-9-yil-once-calinan-hat-beyoglundaki-antikaciya-satilmaya-getirilince-vakiflar-muzesine-dondu_ee946db.jpg?fit=1000%2C666","jetpack_sharing_enabled":true,"jetpack_shortlink":"https:\/\/wp.me\/paKIfm-3Tq","_links":{"self":[{"href":"http:\/\/www.tvturk.com\/index.php\/wp-json\/wp\/v2\/posts\/14968","targetHints":{"allow":["GET"]}}],"collection":[{"href":"http:\/\/www.tvturk.com\/index.php\/wp-json\/wp\/v2\/posts"}],"about":[{"href":"http:\/\/www.tvturk.com\/index.php\/wp-json\/wp\/v2\/types\/post"}],"author":[{"embeddable":true,"href":"http:\/\/www.tvturk.com\/index.php\/wp-json\/wp\/v2\/users\/1"}],"replies":[{"embeddable":true,"href":"http:\/\/www.tvturk.com\/index.php\/wp-json\/wp\/v2\/comments?post=14968"}],"version-history":[{"count":1,"href":"http:\/\/www.tvturk.com\/index.php\/wp-json\/wp\/v2\/posts\/14968\/revisions"}],"predecessor-version":[{"id":14974,"href":"http:\/\/www.tvturk.com\/index.php\/wp-json\/wp\/v2\/posts\/14968\/revisions\/14974"}],"wp:featuredmedia":[{"embeddable":true,"href":"http:\/\/www.tvturk.com\/index.php\/wp-json\/wp\/v2\/media\/14969"}],"wp:attachment":[{"href":"http:\/\/www.tvturk.com\/index.php\/wp-json\/wp\/v2\/media?parent=14968"}],"wp:term":[{"taxonomy":"category","embeddable":true,"href":"http:\/\/www.tvturk.com\/index.php\/wp-json\/wp\/v2\/categories?post=14968"},{"taxonomy":"post_tag","embeddable":true,"href":"http:\/\/www.tvturk.com\/index.php\/wp-json\/wp\/v2\/tags?post=14968"}],"curies":[{"name":"wp","href":"https:\/\/api.w.org\/{rel}","templated":true}]}}