{"id":149714,"date":"2019-04-28T08:23:50","date_gmt":"2019-04-28T05:23:50","guid":{"rendered":"http:\/\/www.tvturk.com\/index.php\/bakan-cavusoglu-irakta\/"},"modified":"2019-04-28T08:23:50","modified_gmt":"2019-04-28T05:23:50","slug":"bakan-cavusoglu-irakta","status":"publish","type":"post","link":"http:\/\/www.tvturk.com\/index.php\/bakan-cavusoglu-irakta\/","title":{"rendered":"Bakan \u00c7avu\u015fo\u011flu Irak\u2019ta"},"content":{"rendered":"<p>D\u0131\u015fi\u015fleri Bakan\u0131 Mevl\u00fct \u00c7avu\u015fo\u011flu temaslarda bulunmak \u00fczere Irak\u2019a geldi.<\/p>\n<p>D\u0131\u015fi\u015fleri Bakan\u0131 Mevl\u00fct \u00c7avu\u015fo\u011flu \u00e7e\u015fitli temaslarda bulunmak amac\u0131 ile Irak\u2019 geldi. Ziyaretine ili\u015fkin sosyal medya hesab\u0131 \u00fczerinden a\u00e7\u0131klama yapan \u00c7avu\u015fo\u011flu, \u201cBa\u011fdat, Basra ve Erbil\u2019de temaslarda bulunmak \u00fczere Irak\u2019tay\u0131z\u201d ifadelerini kulland\u0131.<\/p>\n","protected":false},"excerpt":{"rendered":"<p>BAKAN \u00c7AVU\u015eO\u011eLU IRAK\u2019TA<\/p>\n","protected":false},"author":1,"featured_media":149715,"comment_status":"closed","ping_status":"open","sticky":false,"template":"","format":"standard","meta":{"jetpack_post_was_ever_published":false,"_jetpack_newsletter_access":"","_jetpack_dont_email_post_to_subs":false,"_jetpack_newsletter_tier_id":0,"_jetpack_memberships_contains_paywalled_content":false,"_jetpack_memberships_contains_paid_content":false,"footnotes":"","jetpack_publicize_message":"","jetpack_publicize_feature_enabled":true,"jetpack_social_post_already_shared":true,"jetpack_social_options":{"image_generator_settings":{"template":"highway","default_image_id":0,"font":"","enabled":false},"version":2}},"categories":[10],"tags":[742,1499,14607],"class_list":["post-149714","post","type-post","status-publish","format-standard","has-post-thumbnail","hentry","category-dunya","tag-bakan","tag-cavusoglu","tag-irakta"],"jetpack_publicize_connections":[],"jetpack_featured_media_url":"https:\/\/i0.wp.com\/www.tvturk.com\/wp-content\/uploads\/2019\/04\/bakan-cavusoglu-irakta_ebdb49f.jpg?fit=1000%2C736","jetpack_sharing_enabled":true,"jetpack_shortlink":"https:\/\/wp.me\/paKIfm-CWK","_links":{"self":[{"href":"http:\/\/www.tvturk.com\/index.php\/wp-json\/wp\/v2\/posts\/149714","targetHints":{"allow":["GET"]}}],"collection":[{"href":"http:\/\/www.tvturk.com\/index.php\/wp-json\/wp\/v2\/posts"}],"about":[{"href":"http:\/\/www.tvturk.com\/index.php\/wp-json\/wp\/v2\/types\/post"}],"author":[{"embeddable":true,"href":"http:\/\/www.tvturk.com\/index.php\/wp-json\/wp\/v2\/users\/1"}],"replies":[{"embeddable":true,"href":"http:\/\/www.tvturk.com\/index.php\/wp-json\/wp\/v2\/comments?post=149714"}],"version-history":[{"count":0,"href":"http:\/\/www.tvturk.com\/index.php\/wp-json\/wp\/v2\/posts\/149714\/revisions"}],"wp:featuredmedia":[{"embeddable":true,"href":"http:\/\/www.tvturk.com\/index.php\/wp-json\/wp\/v2\/media\/149715"}],"wp:attachment":[{"href":"http:\/\/www.tvturk.com\/index.php\/wp-json\/wp\/v2\/media?parent=149714"}],"wp:term":[{"taxonomy":"category","embeddable":true,"href":"http:\/\/www.tvturk.com\/index.php\/wp-json\/wp\/v2\/categories?post=149714"},{"taxonomy":"post_tag","embeddable":true,"href":"http:\/\/www.tvturk.com\/index.php\/wp-json\/wp\/v2\/tags?post=149714"}],"curies":[{"name":"wp","href":"https:\/\/api.w.org\/{rel}","templated":true}]}}