{"id":14995,"date":"2019-02-09T12:26:49","date_gmt":"2019-02-09T09:26:49","guid":{"rendered":"http:\/\/www.tvturk.com\/index.php\/biga-belediyesi-turk-halk-muzigi-korosundan-konser\/"},"modified":"2019-02-09T12:26:52","modified_gmt":"2019-02-09T09:26:52","slug":"biga-belediyesi-turk-halk-muzigi-korosundan-konser","status":"publish","type":"post","link":"http:\/\/www.tvturk.com\/index.php\/biga-belediyesi-turk-halk-muzigi-korosundan-konser\/","title":{"rendered":"Biga Belediyesi T\u00fcrk Halk  M\u00fczi\u011fi Korosu\u2019ndan  konser"},"content":{"rendered":"<p>\u00c7anakkale\u2019nin Biga il\u00e7esinde,  Biga Musiki Derne\u011fi kurucu ba\u015fkan\u0131 ve \u015fefi \u015eerife G\u00fcm\u00fclcine y\u00f6netiminde Biga Belediyesi T\u00fcrk Halk  M\u00fczi\u011fi Korosu konser verdi.<\/p>\n<p>Atat\u00fcrk K\u00fclt\u00fcr Merkezinde d\u00fczenlenen konsere Belediye Ba\u015fkan\u0131 \u0130smail I\u015f\u0131k\u2019\u0131n e\u015fi Ruhan I\u015f\u0131k, Belediye Meclis \u00fcyeleri ve halk m\u00fczi\u011fi severler kat\u0131ld\u0131. T\u00fcrk\u00fcler bizi s\u00f6yler  konulu konser iki b\u00f6l\u00fcmden olu\u015ftu. Beraber ve solo t\u00fcrk\u00fclerin ile TRT repertuar\u0131ndan ge\u00e7mi\u015f t\u00fcrk\u00fclerin yer ald\u0131\u011f\u0131 konser sonunda solistlere ve koro \u015fefi \u015eerife G\u00fcm\u00fclcine\u00b4ye Ruhan I\u015f\u0131k \u00e7i\u00e7ek takdim etti.<div class=\"tiled-gallery type-rectangular tiled-gallery-unresized\" data-original-width=\"500\" data-carousel-extra='null' itemscope itemtype=\"http:\/\/schema.org\/ImageGallery\" > <div class=\"gallery-row\" style=\"width: 500px; height: 224px;\" data-original-width=\"500\" data-original-height=\"224\" > <div class=\"gallery-group images-1\" style=\"width: 334px; height: 224px;\" data-original-width=\"334\" data-original-height=\"224\" > <div class=\"tiled-gallery-item tiled-gallery-item-large\" itemprop=\"associatedMedia\" itemscope itemtype=\"http:\/\/schema.org\/ImageObject\"> <a href=\"http:\/\/www.tvturk.com\/index.php\/biga-belediyesi-turk-halk-muzigi-korosundan-konser\/biga-belediyesi-turk-halk-muzigi-korosundan-konser-3\/\" border=\"0\" itemprop=\"url\"> <meta itemprop=\"width\" content=\"330\"> <meta itemprop=\"height\" content=\"220\"> <img decoding=\"async\" class=\"\" data-attachment-id=\"14997\" data-orig-file=\"http:\/\/www.tvturk.com\/wp-content\/uploads\/2019\/02\/biga-belediyesi-turk-halk-muzigi-korosundan-konser_e410c12.jpg\" data-orig-size=\"800,533\" data-comments-opened=\"\" data-image-meta=\"{&quot;aperture&quot;:&quot;4&quot;,&quot;credit&quot;:&quot;IHA&quot;,&quot;camera&quot;:&quot;NIKON D3100&quot;,&quot;caption&quot;:&quot;\\u00c7ANAKKALE\\u2019N\\u0130N B\\u0130GA \\u0130L\\u00c7ES\\u0130NDE, B\\u0130GA MUS\\u0130K\\u0130 DERNE\\u011e\\u0130 KURUCU BA\\u015eKANI VE \\u015eEF\\u0130 \\u015eER\\u0130FE G\\u00dcM\\u00dcLC\\u0130NE Y\\u00d6NET\\u0130M\\u0130NDE B\\u0130GA BELED\\u0130YES\\u0130 T\\u00dcRK HALK M\\u00dcZ\\u0130\\u011e\\u0130 KOROSU KONSER VERD\\u0130. (TOPRAK AKKAYA\\\/\\u00c7ANAKKALE-\\u0130HA)&quot;,&quot;created_timestamp&quot;:&quot;1549743660&quot;,&quot;copyright&quot;:&quot;\\u0130HLAS HABER AJANSI, www.iha.com.tr&quot;,&quot;focal_length&quot;:&quot;25&quot;,&quot;iso&quot;:&quot;720&quot;,&quot;shutter_speed&quot;:&quot;0.066666666666667&quot;,&quot;title&quot;:&quot;B\\u0130GA BELED\\u0130YES\\u0130 T\\u00dcRK HALK M\\u00dcZ\\u0130\\u011e\\u0130 KOROSU\\u2019NDAN KONSER&quot;,&quot;orientation&quot;:&quot;1&quot;}\" data-image-title=\"Biga Belediyesi T\u00fcrk Halk M\u00fczi\u011fi Korosu\u2019ndan konser\" data-image-description=\"&lt;p&gt;Biga Belediyesi T\u00fcrk Halk M\u00fczi\u011fi Korosu\u2019ndan konser&lt;\/p&gt; \" data-medium-file=\"https:\/\/i0.wp.com\/www.tvturk.com\/wp-content\/uploads\/2019\/02\/biga-belediyesi-turk-halk-muzigi-korosundan-konser_e410c12.jpg?fit=300%2C200\" data-large-file=\"https:\/\/i0.wp.com\/www.tvturk.com\/wp-content\/uploads\/2019\/02\/biga-belediyesi-turk-halk-muzigi-korosundan-konser_e410c12.jpg?fit=800%2C533\" src=\"https:\/\/i0.wp.com\/www.tvturk.com\/wp-content\/uploads\/2019\/02\/biga-belediyesi-turk-halk-muzigi-korosundan-konser_e410c12.jpg?w=330&#038;h=220\" srcset=\"https:\/\/i0.wp.com\/www.tvturk.com\/wp-content\/uploads\/2019\/02\/biga-belediyesi-turk-halk-muzigi-korosundan-konser_e410c12.jpg?w=800 800w, https:\/\/i0.wp.com\/www.tvturk.com\/wp-content\/uploads\/2019\/02\/biga-belediyesi-turk-halk-muzigi-korosundan-konser_e410c12.jpg?resize=150%2C100 150w, https:\/\/i0.wp.com\/www.tvturk.com\/wp-content\/uploads\/2019\/02\/biga-belediyesi-turk-halk-muzigi-korosundan-konser_e410c12.jpg?resize=300%2C200 300w, https:\/\/i0.wp.com\/www.tvturk.com\/wp-content\/uploads\/2019\/02\/biga-belediyesi-turk-halk-muzigi-korosundan-konser_e410c12.jpg?resize=768%2C512 768w, https:\/\/i0.wp.com\/www.tvturk.com\/wp-content\/uploads\/2019\/02\/biga-belediyesi-turk-halk-muzigi-korosundan-konser_e410c12.jpg?resize=170%2C113 170w, https:\/\/i0.wp.com\/www.tvturk.com\/wp-content\/uploads\/2019\/02\/biga-belediyesi-turk-halk-muzigi-korosundan-konser_e410c12.jpg?resize=120%2C80 120w\" width=\"330\" height=\"220\" loading=\"lazy\" data-original-width=\"330\" data-original-height=\"220\" itemprop=\"http:\/\/schema.org\/image\" title=\"Biga Belediyesi T\u00fcrk Halk M\u00fczi\u011fi Korosu\u2019ndan konser\" alt=\"Biga Belediyesi T\u00fcrk Halk M\u00fczi\u011fi Korosu\u2019ndan konser\" style=\"width: 330px; height: 220px;\" \/> <\/a> <\/div> <\/div> <!-- close group --> <div class=\"gallery-group images-2\" style=\"width: 166px; height: 224px;\" data-original-width=\"166\" data-original-height=\"224\" > <div class=\"tiled-gallery-item tiled-gallery-item-small\" itemprop=\"associatedMedia\" itemscope itemtype=\"http:\/\/schema.org\/ImageObject\"> <a href=\"http:\/\/www.tvturk.com\/index.php\/biga-belediyesi-turk-halk-muzigi-korosundan-konser\/biga-belediyesi-turk-halk-muzigi-korosundan-konser-4\/\" border=\"0\" itemprop=\"url\"> <meta itemprop=\"width\" content=\"162\"> <meta itemprop=\"height\" content=\"108\"> <img decoding=\"async\" class=\"\" data-attachment-id=\"14998\" data-orig-file=\"http:\/\/www.tvturk.com\/wp-content\/uploads\/2019\/02\/biga-belediyesi-turk-halk-muzigi-korosundan-konser_bc32e65.jpg\" data-orig-size=\"800,533\" data-comments-opened=\"\" data-image-meta=\"{&quot;aperture&quot;:&quot;5.6&quot;,&quot;credit&quot;:&quot;IHA&quot;,&quot;camera&quot;:&quot;NIKON D3100&quot;,&quot;caption&quot;:&quot;\\u00c7ANAKKALE\\u2019N\\u0130N B\\u0130GA \\u0130L\\u00c7ES\\u0130NDE, B\\u0130GA MUS\\u0130K\\u0130 DERNE\\u011e\\u0130 KURUCU BA\\u015eKANI VE \\u015eEF\\u0130 \\u015eER\\u0130FE G\\u00dcM\\u00dcLC\\u0130NE Y\\u00d6NET\\u0130M\\u0130NDE B\\u0130GA BELED\\u0130YES\\u0130 T\\u00dcRK HALK M\\u00dcZ\\u0130\\u011e\\u0130 KOROSU KONSER VERD\\u0130. (TOPRAK AKKAYA\\\/\\u00c7ANAKKALE-\\u0130HA)&quot;,&quot;created_timestamp&quot;:&quot;1549743660&quot;,&quot;copyright&quot;:&quot;\\u0130HLAS HABER AJANSI, www.iha.com.tr&quot;,&quot;focal_length&quot;:&quot;105&quot;,&quot;iso&quot;:&quot;2200&quot;,&quot;shutter_speed&quot;:&quot;0.016666666666667&quot;,&quot;title&quot;:&quot;B\\u0130GA BELED\\u0130YES\\u0130 T\\u00dcRK HALK M\\u00dcZ\\u0130\\u011e\\u0130 KOROSU\\u2019NDAN KONSER&quot;,&quot;orientation&quot;:&quot;1&quot;}\" data-image-title=\"Biga Belediyesi T\u00fcrk Halk M\u00fczi\u011fi Korosu\u2019ndan konser\" data-image-description=\"&lt;p&gt;Biga Belediyesi T\u00fcrk Halk M\u00fczi\u011fi Korosu\u2019ndan konser&lt;\/p&gt; \" data-medium-file=\"https:\/\/i0.wp.com\/www.tvturk.com\/wp-content\/uploads\/2019\/02\/biga-belediyesi-turk-halk-muzigi-korosundan-konser_bc32e65.jpg?fit=300%2C200\" data-large-file=\"https:\/\/i0.wp.com\/www.tvturk.com\/wp-content\/uploads\/2019\/02\/biga-belediyesi-turk-halk-muzigi-korosundan-konser_bc32e65.jpg?fit=800%2C533\" src=\"https:\/\/i0.wp.com\/www.tvturk.com\/wp-content\/uploads\/2019\/02\/biga-belediyesi-turk-halk-muzigi-korosundan-konser_bc32e65.jpg?w=162&#038;h=108\" srcset=\"https:\/\/i0.wp.com\/www.tvturk.com\/wp-content\/uploads\/2019\/02\/biga-belediyesi-turk-halk-muzigi-korosundan-konser_bc32e65.jpg?w=800 800w, https:\/\/i0.wp.com\/www.tvturk.com\/wp-content\/uploads\/2019\/02\/biga-belediyesi-turk-halk-muzigi-korosundan-konser_bc32e65.jpg?resize=150%2C100 150w, https:\/\/i0.wp.com\/www.tvturk.com\/wp-content\/uploads\/2019\/02\/biga-belediyesi-turk-halk-muzigi-korosundan-konser_bc32e65.jpg?resize=300%2C200 300w, https:\/\/i0.wp.com\/www.tvturk.com\/wp-content\/uploads\/2019\/02\/biga-belediyesi-turk-halk-muzigi-korosundan-konser_bc32e65.jpg?resize=768%2C512 768w, https:\/\/i0.wp.com\/www.tvturk.com\/wp-content\/uploads\/2019\/02\/biga-belediyesi-turk-halk-muzigi-korosundan-konser_bc32e65.jpg?resize=170%2C113 170w, https:\/\/i0.wp.com\/www.tvturk.com\/wp-content\/uploads\/2019\/02\/biga-belediyesi-turk-halk-muzigi-korosundan-konser_bc32e65.jpg?resize=120%2C80 120w\" width=\"162\" height=\"108\" loading=\"lazy\" data-original-width=\"162\" data-original-height=\"108\" itemprop=\"http:\/\/schema.org\/image\" title=\"Biga Belediyesi T\u00fcrk Halk M\u00fczi\u011fi Korosu\u2019ndan konser\" alt=\"Biga Belediyesi T\u00fcrk Halk M\u00fczi\u011fi Korosu\u2019ndan konser\" style=\"width: 162px; height: 108px;\" \/> <\/a> <\/div> <div class=\"tiled-gallery-item tiled-gallery-item-small\" itemprop=\"associatedMedia\" itemscope itemtype=\"http:\/\/schema.org\/ImageObject\"> <a href=\"http:\/\/www.tvturk.com\/index.php\/biga-belediyesi-turk-halk-muzigi-korosundan-konser\/biga-belediyesi-turk-halk-muzigi-korosundan-konser-5\/\" border=\"0\" itemprop=\"url\"> <meta itemprop=\"width\" content=\"162\"> <meta itemprop=\"height\" content=\"108\"> <img decoding=\"async\" class=\"\" data-attachment-id=\"14999\" data-orig-file=\"http:\/\/www.tvturk.com\/wp-content\/uploads\/2019\/02\/biga-belediyesi-turk-halk-muzigi-korosundan-konser_a7ab84f.jpg\" data-orig-size=\"800,533\" data-comments-opened=\"\" data-image-meta=\"{&quot;aperture&quot;:&quot;4.8&quot;,&quot;credit&quot;:&quot;IHA&quot;,&quot;camera&quot;:&quot;NIKON D3100&quot;,&quot;caption&quot;:&quot;\\u00c7ANAKKALE\\u2019N\\u0130N B\\u0130GA \\u0130L\\u00c7ES\\u0130NDE, B\\u0130GA MUS\\u0130K\\u0130 DERNE\\u011e\\u0130 KURUCU BA\\u015eKANI VE \\u015eEF\\u0130 \\u015eER\\u0130FE G\\u00dcM\\u00dcLC\\u0130NE Y\\u00d6NET\\u0130M\\u0130NDE B\\u0130GA BELED\\u0130YES\\u0130 T\\u00dcRK HALK M\\u00dcZ\\u0130\\u011e\\u0130 KOROSU KONSER VERD\\u0130. (TOPRAK AKKAYA\\\/\\u00c7ANAKKALE-\\u0130HA)&quot;,&quot;created_timestamp&quot;:&quot;1549743660&quot;,&quot;copyright&quot;:&quot;\\u0130HLAS HABER AJANSI, www.iha.com.tr&quot;,&quot;focal_length&quot;:&quot;48&quot;,&quot;iso&quot;:&quot;800&quot;,&quot;shutter_speed&quot;:&quot;0.066666666666667&quot;,&quot;title&quot;:&quot;B\\u0130GA BELED\\u0130YES\\u0130 T\\u00dcRK HALK M\\u00dcZ\\u0130\\u011e\\u0130 KOROSU\\u2019NDAN KONSER&quot;,&quot;orientation&quot;:&quot;1&quot;}\" data-image-title=\"Biga Belediyesi T\u00fcrk Halk M\u00fczi\u011fi Korosu\u2019ndan konser\" data-image-description=\"&lt;p&gt;Biga Belediyesi T\u00fcrk Halk M\u00fczi\u011fi Korosu\u2019ndan konser&lt;\/p&gt; \" data-medium-file=\"https:\/\/i0.wp.com\/www.tvturk.com\/wp-content\/uploads\/2019\/02\/biga-belediyesi-turk-halk-muzigi-korosundan-konser_a7ab84f.jpg?fit=300%2C200\" data-large-file=\"https:\/\/i0.wp.com\/www.tvturk.com\/wp-content\/uploads\/2019\/02\/biga-belediyesi-turk-halk-muzigi-korosundan-konser_a7ab84f.jpg?fit=800%2C533\" src=\"https:\/\/i0.wp.com\/www.tvturk.com\/wp-content\/uploads\/2019\/02\/biga-belediyesi-turk-halk-muzigi-korosundan-konser_a7ab84f.jpg?w=162&#038;h=108\" srcset=\"https:\/\/i0.wp.com\/www.tvturk.com\/wp-content\/uploads\/2019\/02\/biga-belediyesi-turk-halk-muzigi-korosundan-konser_a7ab84f.jpg?w=800 800w, https:\/\/i0.wp.com\/www.tvturk.com\/wp-content\/uploads\/2019\/02\/biga-belediyesi-turk-halk-muzigi-korosundan-konser_a7ab84f.jpg?resize=150%2C100 150w, https:\/\/i0.wp.com\/www.tvturk.com\/wp-content\/uploads\/2019\/02\/biga-belediyesi-turk-halk-muzigi-korosundan-konser_a7ab84f.jpg?resize=300%2C200 300w, https:\/\/i0.wp.com\/www.tvturk.com\/wp-content\/uploads\/2019\/02\/biga-belediyesi-turk-halk-muzigi-korosundan-konser_a7ab84f.jpg?resize=768%2C512 768w, https:\/\/i0.wp.com\/www.tvturk.com\/wp-content\/uploads\/2019\/02\/biga-belediyesi-turk-halk-muzigi-korosundan-konser_a7ab84f.jpg?resize=170%2C113 170w, https:\/\/i0.wp.com\/www.tvturk.com\/wp-content\/uploads\/2019\/02\/biga-belediyesi-turk-halk-muzigi-korosundan-konser_a7ab84f.jpg?resize=120%2C80 120w\" width=\"162\" height=\"108\" loading=\"lazy\" data-original-width=\"162\" data-original-height=\"108\" itemprop=\"http:\/\/schema.org\/image\" title=\"Biga Belediyesi T\u00fcrk Halk M\u00fczi\u011fi Korosu\u2019ndan konser\" alt=\"Biga Belediyesi T\u00fcrk Halk M\u00fczi\u011fi Korosu\u2019ndan konser\" style=\"width: 162px; height: 108px;\" \/> <\/a> <\/div> <\/div> <!-- close group --> <\/div> <!-- close row --> <\/div><\/p>\n","protected":false},"excerpt":{"rendered":"<p>\u00c7ANAKKALE\u2019N\u0130N B\u0130GA \u0130L\u00c7ES\u0130NDE,  B\u0130GA MUS\u0130K\u0130 DERNE\u011e\u0130 KURUCU BA\u015eKANI VE \u015eEF\u0130 \u015eER\u0130FE G\u00dcM\u00dcLC\u0130NE Y\u00d6NET\u0130M\u0130NDE B\u0130GA BELED\u0130YES\u0130 T\u00dcRK HALK  M\u00dcZ\u0130\u011e\u0130 KOROSU KONSER VERD\u0130.<\/p>\n","protected":false},"author":1,"featured_media":14996,"comment_status":"closed","ping_status":"open","sticky":false,"template":"","format":"standard","meta":{"jetpack_post_was_ever_published":false,"_jetpack_newsletter_access":"","_jetpack_dont_email_post_to_subs":false,"_jetpack_newsletter_tier_id":0,"_jetpack_memberships_contains_paywalled_content":false,"_jetpack_memberships_contains_paid_content":false,"footnotes":"","jetpack_publicize_message":"","jetpack_publicize_feature_enabled":true,"jetpack_social_post_already_shared":false,"jetpack_social_options":{"image_generator_settings":{"template":"highway","default_image_id":0,"font":"","enabled":false},"version":2}},"categories":[655],"tags":[383,6419,1933,1523,7341,7340,957],"class_list":["post-14995","post","type-post","status-publish","format-standard","has-post-thumbnail","hentry","category-son-dakika","tag-belediyesi","tag-biga","tag-halk","tag-konser","tag-korosundan","tag-muzigi","tag-turk"],"jetpack_publicize_connections":[],"jetpack_featured_media_url":"https:\/\/i0.wp.com\/www.tvturk.com\/wp-content\/uploads\/2019\/02\/biga-belediyesi-turk-halk-muzigi-korosundan-konser_22f4556.jpg?fit=800%2C533","jetpack_sharing_enabled":true,"jetpack_shortlink":"https:\/\/wp.me\/paKIfm-3TR","_links":{"self":[{"href":"http:\/\/www.tvturk.com\/index.php\/wp-json\/wp\/v2\/posts\/14995","targetHints":{"allow":["GET"]}}],"collection":[{"href":"http:\/\/www.tvturk.com\/index.php\/wp-json\/wp\/v2\/posts"}],"about":[{"href":"http:\/\/www.tvturk.com\/index.php\/wp-json\/wp\/v2\/types\/post"}],"author":[{"embeddable":true,"href":"http:\/\/www.tvturk.com\/index.php\/wp-json\/wp\/v2\/users\/1"}],"replies":[{"embeddable":true,"href":"http:\/\/www.tvturk.com\/index.php\/wp-json\/wp\/v2\/comments?post=14995"}],"version-history":[{"count":1,"href":"http:\/\/www.tvturk.com\/index.php\/wp-json\/wp\/v2\/posts\/14995\/revisions"}],"predecessor-version":[{"id":15000,"href":"http:\/\/www.tvturk.com\/index.php\/wp-json\/wp\/v2\/posts\/14995\/revisions\/15000"}],"wp:featuredmedia":[{"embeddable":true,"href":"http:\/\/www.tvturk.com\/index.php\/wp-json\/wp\/v2\/media\/14996"}],"wp:attachment":[{"href":"http:\/\/www.tvturk.com\/index.php\/wp-json\/wp\/v2\/media?parent=14995"}],"wp:term":[{"taxonomy":"category","embeddable":true,"href":"http:\/\/www.tvturk.com\/index.php\/wp-json\/wp\/v2\/categories?post=14995"},{"taxonomy":"post_tag","embeddable":true,"href":"http:\/\/www.tvturk.com\/index.php\/wp-json\/wp\/v2\/tags?post=14995"}],"curies":[{"name":"wp","href":"https:\/\/api.w.org\/{rel}","templated":true}]}}