{"id":149950,"date":"2019-04-28T17:08:09","date_gmt":"2019-04-28T14:08:09","guid":{"rendered":"http:\/\/www.tvturk.com\/index.php\/hayvanseverler-ankarada-bulustu\/"},"modified":"2019-04-28T17:08:09","modified_gmt":"2019-04-28T14:08:09","slug":"hayvanseverler-ankarada-bulustu","status":"publish","type":"post","link":"http:\/\/www.tvturk.com\/index.php\/hayvanseverler-ankarada-bulustu\/","title":{"rendered":"Hayvanseverler Ankara\u2019da bulu\u015ftu"},"content":{"rendered":"<p>Hayvan haklar\u0131n\u0131 savunan sivil toplum kurulu\u015flar\u0131 ve hayvanseverler son d\u00f6nemde hayvanlara y\u00f6nelik \u015fiddetin artmas\u0131na tepki i\u00e7in Ankara\u2019da eylem yapt\u0131.<\/p>\n<p>Son d\u00f6nemde hayvanlara y\u00f6nelik \u015fiddetin artmas\u0131n\u0131 protesto etmek amac\u0131yla Ulus\u2019ta bulunan Atat\u00fcrk Heykeli \u00f6n\u00fcnde toplanan hayvanseverler, yanlar\u0131nda getirdikleri d\u00fcd\u00fckleri \u00e7alarak, &#8220;Katiller d\u0131\u015far\u0131, yetkililer nerede&#8221;, &#8220;S\u00f6yler misiniz kim duyacak sesimizi kim&#8221; sloganlar\u0131 att\u0131. Grup ad\u0131na konu\u015fma yapan Hayvanlar\u0131n Ya\u015fam Haklar\u0131 Konfederasyonu Ba\u015fkan Yard\u0131mc\u0131s\u0131 Haydar \u00d6zkan, hayvanlar\u0131 koruma kanununda de\u011fi\u015fiklik \u00f6ng\u00f6ren yasa tasar\u0131s\u0131n\u0131n yetersiz oldu\u011funu s\u00f6yledi. \u00d6ng\u00f6r\u00fclen tasar\u0131n\u0131n sadece ki\u015filere ceza verilmesini i\u00e7erdi\u011fini aktaran \u00d6zkan, belediyeler i\u00e7in ceza getirilmedi\u011fini belirterek, &#8220;Oysa belediyeler, \u015fah\u0131slar\u0131n bin misli i\u015fkence edip, vurup, zehirleyip, saatlerce k\u0131vrand\u0131r\u0131p \u00f6ld\u00fcrmekte. Belediye, bak\u0131m evlerinde a\u00e7l\u0131k, susuzluk ile buzlu beton odalarda zor \u00f6l\u00fcmlere mahkum etmekteler. Belediyeler de ceza kapsam\u0131na al\u0131nmazsa, bu belediye i\u015fkenceleri artarak devam edecek. Talebimiz, belediyelerin de ceza kapsam\u0131na al\u0131nmas\u0131d\u0131r&#8221; diye konu\u015ftu.<\/p>\n<p>\u00d6zkan, hayvanlar i\u00e7in devasa bar\u0131naklar yerine k\u0131s\u0131rla\u015ft\u0131rma merkezleri kurulmas\u0131 talebinde bulundu. T\u00fcrkiye\u2019nin bir\u00e7ok \u015fehrinden bir araya gelen hayvanseverler ve STK\u2019lar eyleme yo\u011fun ilgi g\u00f6sterdi.<\/p>\n","protected":false},"excerpt":{"rendered":"<p>HAYVAN HAKLARI&#8217;NI SAVUNAN S\u0130V\u0130L TOPLUM KURULU\u015eLARI VE HAYVANSEVERLER SON D\u00d6NEMDE HAYVANLARA Y\u00d6NEL\u0130K \u015e\u0130DDET\u0130N ARTMASINA TEPK\u0130 \u0130\u00c7\u0130N ANKARA&#8217;DA EYLEM YAPTI.<\/p>\n","protected":false},"author":1,"featured_media":149951,"comment_status":"closed","ping_status":"open","sticky":false,"template":"","format":"standard","meta":{"jetpack_post_was_ever_published":false,"_jetpack_newsletter_access":"","_jetpack_dont_email_post_to_subs":false,"_jetpack_newsletter_tier_id":0,"_jetpack_memberships_contains_paywalled_content":false,"_jetpack_memberships_contains_paid_content":false,"footnotes":"","jetpack_publicize_message":"","jetpack_publicize_feature_enabled":true,"jetpack_social_post_already_shared":true,"jetpack_social_options":{"image_generator_settings":{"template":"highway","default_image_id":0,"font":"","enabled":false},"version":2}},"categories":[1],"tags":[5444,389,12024],"class_list":["post-149950","post","type-post","status-publish","format-standard","has-post-thumbnail","hentry","category-genel","tag-ankarada","tag-bulustu","tag-hayvanseverler"],"jetpack_publicize_connections":[],"jetpack_featured_media_url":"https:\/\/i0.wp.com\/www.tvturk.com\/wp-content\/uploads\/2019\/04\/hayvanseverler-ankarada-bulustu_efbda81.jpg?fit=1000%2C750","jetpack_sharing_enabled":true,"jetpack_shortlink":"https:\/\/wp.me\/paKIfm-D0y","_links":{"self":[{"href":"http:\/\/www.tvturk.com\/index.php\/wp-json\/wp\/v2\/posts\/149950","targetHints":{"allow":["GET"]}}],"collection":[{"href":"http:\/\/www.tvturk.com\/index.php\/wp-json\/wp\/v2\/posts"}],"about":[{"href":"http:\/\/www.tvturk.com\/index.php\/wp-json\/wp\/v2\/types\/post"}],"author":[{"embeddable":true,"href":"http:\/\/www.tvturk.com\/index.php\/wp-json\/wp\/v2\/users\/1"}],"replies":[{"embeddable":true,"href":"http:\/\/www.tvturk.com\/index.php\/wp-json\/wp\/v2\/comments?post=149950"}],"version-history":[{"count":0,"href":"http:\/\/www.tvturk.com\/index.php\/wp-json\/wp\/v2\/posts\/149950\/revisions"}],"wp:featuredmedia":[{"embeddable":true,"href":"http:\/\/www.tvturk.com\/index.php\/wp-json\/wp\/v2\/media\/149951"}],"wp:attachment":[{"href":"http:\/\/www.tvturk.com\/index.php\/wp-json\/wp\/v2\/media?parent=149950"}],"wp:term":[{"taxonomy":"category","embeddable":true,"href":"http:\/\/www.tvturk.com\/index.php\/wp-json\/wp\/v2\/categories?post=149950"},{"taxonomy":"post_tag","embeddable":true,"href":"http:\/\/www.tvturk.com\/index.php\/wp-json\/wp\/v2\/tags?post=149950"}],"curies":[{"name":"wp","href":"https:\/\/api.w.org\/{rel}","templated":true}]}}