{"id":150261,"date":"2019-04-29T13:10:38","date_gmt":"2019-04-29T10:10:38","guid":{"rendered":"http:\/\/www.tvturk.com\/index.php\/hasan-cavusoglu-uzuntu-icerisindeyiz\/"},"modified":"2019-04-29T13:10:38","modified_gmt":"2019-04-29T10:10:38","slug":"hasan-cavusoglu-uzuntu-icerisindeyiz","status":"publish","type":"post","link":"http:\/\/www.tvturk.com\/index.php\/hasan-cavusoglu-uzuntu-icerisindeyiz\/","title":{"rendered":"Hasan \u00c7avu\u015fo\u011flu: \u201c\u00dcz\u00fcnt\u00fc i\u00e7erisindeyiz\u201d"},"content":{"rendered":"<p>Kayseri deplasman\u0131 d\u00f6n\u00fc\u015f\u00fcnde ger\u00e7ekle\u015fen trafik kazas\u0131nda hayat\u0131n\u0131 kaybeden Alanyasporlu futbolcu Josef Sural\u2019la ilgili olarak Ba\u015fkan Hasan \u00c7avu\u015fo\u011flu, &#8220;Sural ameliyata al\u0131nd\u0131 ve maalesef ameliyattan \u00e7\u0131kt\u0131ktan bir saat sonra kaybettik. \u00dcz\u00fcnt\u00fc i\u00e7erisindeyiz. T\u00fcrkiye\u2019nin her yerindeki kul\u00fcp ba\u015fkanlar\u0131 ac\u0131m\u0131z\u0131 payla\u015ft\u0131lar. Zor durum ailesi i\u00e7in de bizim i\u00e7in de zor durum\u201d dedi.<\/p>\n<p>D\u00fcn deplasmanda oynanan Kayserispor ma\u00e7\u0131 d\u00f6n\u00fc\u015f\u00fcnde ya\u015fanan trafik kazas\u0131 sonras\u0131nda hayat\u0131n\u0131 kaybeden \u00c7ek futbolcu Josef Sural i\u00e7in Aytemiz Alanyaspor Ba\u015fkan\u0131 Hasan \u00c7avu\u015fo\u011flu, bas\u0131n mensuplar\u0131na a\u00e7\u0131klamada bulundu.<\/p>\n<p>\u201cNe dersek diyelim anlam\u0131 olmuyor\u201d<\/p>\n<p>\u00c7ok \u00fczg\u00fcn olduklar\u0131n\u0131 belirten Ba\u015fkan \u00c7avu\u015fo\u011flu, &#8220;Ne diyece\u011fimizi bilmiyoruz. \u00c7ok \u00fczg\u00fcn\u00fcz ve camiam\u0131z yasta. Gece 2 sular\u0131nda Kayseri\u2019den futbolcular\u0131m\u0131z kiralanan \u00f6zel ara\u00e7la d\u00f6nerken \u015fehir giri\u015finde \u015fof\u00f6rlerin uyumas\u0131yla birlikte meydana gelen trafik kazas\u0131nda a\u011f\u0131r yaralanan futbolcumuz Sural\u2019\u0131 kaybettik. Ara\u00e7ta 7 futbolcumuz vard\u0131. Di\u011ferlerinde s\u0131yr\u0131kl\u0131 ve baz\u0131 yaralar var ama sa\u011fl\u0131k durumlar\u0131 iyi. Herhangi bir hayati tehlike s\u00f6z konusu de\u011fil. Sural ameliyata al\u0131nd\u0131 ve maalesef ameliyattan \u00e7\u0131kt\u0131ktan bir saat sonra kaybettik. \u00dcz\u00fcnt\u00fc i\u00e7erisindeyiz. T\u00fcrkiye\u2019nin her yerinden kul\u00fcp ba\u015fkanlar\u0131 ac\u0131m\u0131z\u0131 payla\u015ft\u0131lar. Zor durum, ailesi i\u00e7in de bizim i\u00e7in de zor durum. E\u015fine anlat\u0131rken bile zor anlar ya\u015fad\u0131k. 2.5 ayl\u0131k k\u0131z \u00e7ocu\u011fu var ve yine 4 ya\u015f\u0131nda bir k\u0131z\u0131 var. Zor. Ne dersek diyelim anlam\u0131 olmuyor. Biz de ne diyece\u011fimizi bilmiyoruz do\u011frusu, ilk kez kamera kar\u015f\u0131s\u0131nda ne diyece\u011fimiz, bilmiyorum\u201d \u015feklinde konu\u015ftu.<\/p>\n<p>\u201cDi\u011fer oyuncular\u0131n tedavileri s\u00fcr\u00fcyor\u201d<\/p>\n<p>Cenaze konusunda da a\u00e7\u0131klamalar yapan \u00c7avu\u015folu, &#8220;Kul\u00fcp binas\u0131nda bir t\u00f6ren planlamay\u0131 d\u00fc\u015f\u00fcn\u00fcyoruz. D\u0131\u015fi\u015fleri Bakan\u0131\u2019n\u0131n da gelmesine g\u00f6re saatler belli olacak. Kazaya kar\u0131\u015fan s\u00fcr\u00fcc\u00fclerle ilgili Emniyet M\u00fcd\u00fcrl\u00fc\u011f\u00fc \u00e7al\u0131\u015fma yap\u0131yor. Ben de onlardan ald\u0131\u011f\u0131m bilgiye g\u00f6re iki \u015fof\u00f6r\u00fcn oldu\u011funu, ikisinin de olay\u0131 hat\u0131rlamad\u0131\u011f\u0131n\u0131 ve uyudu\u011funu emniyetten ald\u0131\u011f\u0131m bilgiye g\u00f6re s\u00f6yl\u00fcyorum. Di\u011fer oyuncular\u0131n tedavileri s\u00fcr\u00fcyor, en k\u0131sa s\u00fcrede evlerine g\u00f6nderirler diye d\u00fc\u015f\u00fcn\u00fcyorum\u201d ifadelerini kulland\u0131.<\/p>\n<p>\u201cBu kolay bir i\u015f de\u011fil\u201d<\/p>\n<p>Bir sonraki hafta sahalar\u0131nda kar\u015f\u0131la\u015facaklar\u0131 Konyaspor ma\u00e7\u0131n\u0131n ertelenip ertelenmeyece\u011fi hakk\u0131nda da konu\u015fan Aytemiz Alanyaspor Ba\u015fkan\u0131 Hasan \u00c7avu\u015fo\u011flu, \u015funlar\u0131 s\u00f6yledi:<\/p>\n<p>\u201cOnunla alakal\u0131 bir \u00e7al\u0131\u015fmam\u0131z olacak. Hakikaten de zor bir s\u00fcre\u00e7 i\u00e7erisindeyiz. Bu kolay bir i\u015f de\u011fil. Onunla ilgili \u00e7al\u0131\u015fmam\u0131z olacak, \u00f6n\u00fcm\u00fczdeki ma\u00e7 pazartesi oldu\u011fu i\u00e7in izin i\u015flerini teknik ekip belirliyor. Ma\u00e7 pazartesi oldu\u011funda genelde 2 g\u00fcn izin kullan\u0131l\u0131yor. O izinden dolay\u0131 serbest b\u0131rak\u0131ld\u0131 yoksa kazaya kar\u0131\u015fan futbolcular kafileyle d\u00f6n\u00fcyorlard\u0131. Oyuncalar\u0131m\u0131z\u0131n psikolojileri hi\u00e7 iyi de\u011fil. Hem kaza atlatt\u0131lar hem de arkada\u015flar\u0131n\u0131, aile i\u00e7indeki bir ferdimizi kaybettik. Herkesin psikolojisi alt \u00fcst oldu. Sergen hoca da ak\u015fam \u0130stanbul\u2019a gitmi\u015fti, ilk u\u00e7akla tekrar geliyor.\u201d<\/p>\n","protected":false},"excerpt":{"rendered":"<p>KAYSER\u0130 D\u00d6N\u00dc\u015e\u00dcNDE GER\u00c7EKLE\u015eEN TRAF\u0130K KAZASI SONRASI HAYATINI KAYBEDEN ALANYASPOR FUTBOLCUSU JOSEF SURAL&#8217;LA \u0130LG\u0130L\u0130 OLARAK KUL\u00dcP BA\u015eKANI HASAN \u00c7AVU\u015eO\u011eLU,\u201d SURAL AMEL\u0130YATA ALINDI VE MAALESEF AMEL\u0130YATTAN ALINDIKTAN B\u0130R SAAT SONRA KAYBETT\u0130K. \u00dcZ\u00dcNT\u00dc \u0130\u00c7ER\u0130S\u0130NDEY\u0130Z. T\u00dcRK\u0130YE&#8217;N\u0130N HER YER\u0130NDEK\u0130 KUL\u00dcP BA\u015eKANLARI ACIMIZI PAYLA\u015eTILAR. ZOR DURUM A\u0130LES\u0130 \u0130\u00c7\u0130N DE B\u0130Z\u0130M \u0130\u00c7\u0130N DE ZOR DURUM\u201d DED\u0130.<\/p>\n","protected":false},"author":1,"featured_media":150262,"comment_status":"closed","ping_status":"open","sticky":false,"template":"","format":"standard","meta":{"jetpack_post_was_ever_published":false,"_jetpack_newsletter_access":"","_jetpack_dont_email_post_to_subs":false,"_jetpack_newsletter_tier_id":0,"_jetpack_memberships_contains_paywalled_content":false,"_jetpack_memberships_contains_paid_content":false,"footnotes":"","jetpack_publicize_message":"","jetpack_publicize_feature_enabled":true,"jetpack_social_post_already_shared":true,"jetpack_social_options":{"image_generator_settings":{"template":"highway","default_image_id":0,"font":"","enabled":false},"version":2}},"categories":[657],"tags":[1499,5846,16799,16810],"class_list":["post-150261","post","type-post","status-publish","format-standard","has-post-thumbnail","hentry","category-spor","tag-cavusoglu","tag-hasan","tag-icerisindeyiz","tag-uzuntu"],"jetpack_publicize_connections":[],"jetpack_featured_media_url":"https:\/\/i0.wp.com\/www.tvturk.com\/wp-content\/uploads\/2019\/04\/hasan-cavusoglu-uzuntu-icerisindeyiz_c61acd0.jpg?fit=728%2C1000","jetpack_sharing_enabled":true,"jetpack_shortlink":"https:\/\/wp.me\/paKIfm-D5z","_links":{"self":[{"href":"http:\/\/www.tvturk.com\/index.php\/wp-json\/wp\/v2\/posts\/150261","targetHints":{"allow":["GET"]}}],"collection":[{"href":"http:\/\/www.tvturk.com\/index.php\/wp-json\/wp\/v2\/posts"}],"about":[{"href":"http:\/\/www.tvturk.com\/index.php\/wp-json\/wp\/v2\/types\/post"}],"author":[{"embeddable":true,"href":"http:\/\/www.tvturk.com\/index.php\/wp-json\/wp\/v2\/users\/1"}],"replies":[{"embeddable":true,"href":"http:\/\/www.tvturk.com\/index.php\/wp-json\/wp\/v2\/comments?post=150261"}],"version-history":[{"count":0,"href":"http:\/\/www.tvturk.com\/index.php\/wp-json\/wp\/v2\/posts\/150261\/revisions"}],"wp:featuredmedia":[{"embeddable":true,"href":"http:\/\/www.tvturk.com\/index.php\/wp-json\/wp\/v2\/media\/150262"}],"wp:attachment":[{"href":"http:\/\/www.tvturk.com\/index.php\/wp-json\/wp\/v2\/media?parent=150261"}],"wp:term":[{"taxonomy":"category","embeddable":true,"href":"http:\/\/www.tvturk.com\/index.php\/wp-json\/wp\/v2\/categories?post=150261"},{"taxonomy":"post_tag","embeddable":true,"href":"http:\/\/www.tvturk.com\/index.php\/wp-json\/wp\/v2\/tags?post=150261"}],"curies":[{"name":"wp","href":"https:\/\/api.w.org\/{rel}","templated":true}]}}