{"id":150281,"date":"2019-04-29T13:43:01","date_gmt":"2019-04-29T10:43:01","guid":{"rendered":"http:\/\/www.tvturk.com\/index.php\/genel-mudur-erdurmus-coban-konusunda-girisimler-baslatildi\/"},"modified":"2019-04-29T13:43:01","modified_gmt":"2019-04-29T10:43:01","slug":"genel-mudur-erdurmus-coban-konusunda-girisimler-baslatildi","status":"publish","type":"post","link":"http:\/\/www.tvturk.com\/index.php\/genel-mudur-erdurmus-coban-konusunda-girisimler-baslatildi\/","title":{"rendered":"Genel M\u00fcd\u00fcr Erdurmu\u015f: &#8220;\u00c7oban konusunda giri\u015fimler ba\u015flat\u0131ld\u0131&#8221;"},"content":{"rendered":"<p>Hayvanc\u0131l\u0131k Genel M\u00fcd\u00fcr\u00fc Zekeriyya Erdurmu\u015f, &#8220;\u00c7oban konusu \u00e7ok ciddi bir sorun. Bu konuda giri\u015fimlerimizi ba\u015flatt\u0131k&#8221; dedi.<\/p>\n<p>Tar\u0131mda Milli Birlik Projesi kapsam\u0131nda d\u00fczenlenen Hayvanc\u0131l\u0131k \u015euras\u0131 Antalya\u2019da ba\u015flad\u0131. T\u00fcrkiye Dam\u0131zl\u0131k Koyun Ke\u00e7i Yeti\u015ftiricileri Merkez Birli\u011fi (T\u00dcDK\u0130YEB) taraf\u0131ndan ger\u00e7ekle\u015ftirilen programda sekt\u00f6r\u00fcn sorunlar\u0131n\u0131 dinleyen ve bir konu\u015fma ger\u00e7ekle\u015ftiren Hayvanc\u0131l\u0131k Genel M\u00fcd\u00fcr\u00fc Zekeriyya Erdurmu\u015f, k\u00fc\u00e7\u00fckba\u015fla ilgili \u00e7al\u0131\u015fma yap\u0131l\u0131rken sekt\u00f6r\u00fcn t\u00fcm payda\u015flar\u0131yla bir araya gelindi\u011fini kaydetti. T\u00fcrkiye\u2019nin k\u00fc\u00e7\u00fckba\u015f hayvan varl\u0131\u011f\u0131nda art\u0131\u015f meydana geldi\u011fini ve 46 milyon seviyesinde oldu\u011funu ifade eden Erdurmu\u015f, ayn\u0131 \u015fekilde b\u00fcy\u00fckba\u015f ve s\u00fctte de bir art\u0131\u015f oldu\u011funu aktard\u0131. Erdurmu\u015f, T\u00fcrkiye\u2019deki canl\u0131 hayvan varl\u0131\u011f\u0131ndaki art\u0131\u015f\u0131n d\u00fcnya \u00fclkelerinin hi\u00e7birinde olmad\u0131\u011f\u0131n\u0131 s\u00f6yledi. Erdurmu\u015f, &#8220;Bundan sonraki g\u00fcnlerimiz ge\u00e7mi\u015f ya\u015fad\u0131\u011f\u0131m\u0131z g\u00fcnlerden \u00e7ok daha g\u00fczel olacak. Tabi bizler sekt\u00f6r\u00fcn sorunlar\u0131yla ilgilenirken gelecekle ilgili \u00e7al\u0131\u015fmalar\u0131m\u0131z\u0131 da s\u00fcrd\u00fcr\u00fcyoruz. \u015eu anda bir ba\u015far\u0131 hikayemiz var ve yerimizde sayamay\u0131z, kendimizi geli\u015ftirmemiz laz\u0131m. \u0130lk \u00e7al\u0131\u015fmam\u0131z k\u00fc\u00e7\u00fckba\u015f \u00fczerine, bu konuda projemizi haz\u0131rlad\u0131k. \u00dclkenin gelece\u011fini co\u011frafyan\u0131n kaderine uygun olarak k\u00fc\u00e7\u00fckba\u015f \u00fczerine uygulamaya devam edece\u011fiz&#8221; \u015feklinde konu\u015ftu.<\/p>\n<p>&#8220;\u00c7oban ciddi bir sorun&#8221;<\/p>\n<p>Hayvanc\u0131l\u0131k sekt\u00f6r\u00fcndeki sorunlar \u00fczerinden spek\u00fclasyon yap\u0131ld\u0131\u011f\u0131n\u0131n alt\u0131n\u0131 \u00e7izen Erdurmu\u015f, bu t\u00fcr spek\u00fclasyonlar\u0131n \u00fcreticinin eme\u011fine sayg\u0131s\u0131zl\u0131k oldu\u011funu s\u00f6yledi. Erdurmu\u015f, &#8220;Bu co\u011frafya kendi kaderini \u00e7izebilir, yeter ki biz inanal\u0131m, devlet \u00fcreticinin arkas\u0131nda&#8221; mesaj\u0131n\u0131 verdi.<\/p>\n<p>\u00c7oban konusunun ciddi bir sorun oldu\u011funun alt\u0131n\u0131 \u00e7izen Erdurmu\u015f, bu konuda giri\u015fimlerin ba\u015flat\u0131ld\u0131\u011f\u0131n\u0131 ve ilgili bakanl\u0131klarla temasa ge\u00e7ildi\u011fini a\u00e7\u0131klad\u0131. Bir di\u011fer konu olan meran\u0131n \u00f6nemli bir k\u00fclt\u00fcr oldu\u011funu dile getiren Erdurmu\u015f, bu konuyu sosyolojik yap\u0131yla ele almak gerekti\u011fini kaydetti.  Erdurmu\u015f, &#8220;K\u00fc\u00e7\u00fckba\u015ftaki hedefimize hep birlikte h\u0131zl\u0131 bir \u015fekilde ula\u015faca\u011f\u0131z&#8221; mesaj\u0131n\u0131 verdi.<\/p>\n","protected":false},"excerpt":{"rendered":"<p>HAYVANCILIK GENEL M\u00dcD\u00dcR\u00dc ZEKER\u0130YYA ERDURMU\u015e, &#8220;\u00c7OBAN KONUSU \u00c7OK C\u0130DD\u0130 B\u0130R SORUN. BU KONUDA G\u0130R\u0130\u015e\u0130MLER\u0130M\u0130Z\u0130 BA\u015eLATTIK&#8221; DED\u0130.<\/p>\n","protected":false},"author":1,"featured_media":150282,"comment_status":"closed","ping_status":"open","sticky":false,"template":"","format":"standard","meta":{"jetpack_post_was_ever_published":false,"_jetpack_newsletter_access":"","_jetpack_dont_email_post_to_subs":false,"_jetpack_newsletter_tier_id":0,"_jetpack_memberships_contains_paywalled_content":false,"_jetpack_memberships_contains_paid_content":false,"footnotes":"","jetpack_publicize_message":"","jetpack_publicize_feature_enabled":true,"jetpack_social_post_already_shared":true,"jetpack_social_options":{"image_generator_settings":{"template":"highway","default_image_id":0,"font":"","enabled":false},"version":2}},"categories":[19],"tags":[2235,13228,33845,869,33846,272,4418],"class_list":["post-150281","post","type-post","status-publish","format-standard","has-post-thumbnail","hentry","category-ekonomi","tag-baslatildi","tag-coban","tag-erdurmus","tag-genel","tag-girisimler","tag-konusunda","tag-mudur"],"jetpack_publicize_connections":[],"jetpack_featured_media_url":"https:\/\/i0.wp.com\/www.tvturk.com\/wp-content\/uploads\/2019\/04\/genel-mudur-erdurmus-coban-konusunda-girisimler-baslatildi_cbbf4cc.jpg?fit=1000%2C665","jetpack_sharing_enabled":true,"jetpack_shortlink":"https:\/\/wp.me\/paKIfm-D5T","_links":{"self":[{"href":"http:\/\/www.tvturk.com\/index.php\/wp-json\/wp\/v2\/posts\/150281","targetHints":{"allow":["GET"]}}],"collection":[{"href":"http:\/\/www.tvturk.com\/index.php\/wp-json\/wp\/v2\/posts"}],"about":[{"href":"http:\/\/www.tvturk.com\/index.php\/wp-json\/wp\/v2\/types\/post"}],"author":[{"embeddable":true,"href":"http:\/\/www.tvturk.com\/index.php\/wp-json\/wp\/v2\/users\/1"}],"replies":[{"embeddable":true,"href":"http:\/\/www.tvturk.com\/index.php\/wp-json\/wp\/v2\/comments?post=150281"}],"version-history":[{"count":0,"href":"http:\/\/www.tvturk.com\/index.php\/wp-json\/wp\/v2\/posts\/150281\/revisions"}],"wp:featuredmedia":[{"embeddable":true,"href":"http:\/\/www.tvturk.com\/index.php\/wp-json\/wp\/v2\/media\/150282"}],"wp:attachment":[{"href":"http:\/\/www.tvturk.com\/index.php\/wp-json\/wp\/v2\/media?parent=150281"}],"wp:term":[{"taxonomy":"category","embeddable":true,"href":"http:\/\/www.tvturk.com\/index.php\/wp-json\/wp\/v2\/categories?post=150281"},{"taxonomy":"post_tag","embeddable":true,"href":"http:\/\/www.tvturk.com\/index.php\/wp-json\/wp\/v2\/tags?post=150281"}],"curies":[{"name":"wp","href":"https:\/\/api.w.org\/{rel}","templated":true}]}}