{"id":150287,"date":"2019-04-29T13:55:51","date_gmt":"2019-04-29T10:55:51","guid":{"rendered":"http:\/\/www.tvturk.com\/index.php\/yok-baskani-sarac-doktorali-insan-kaynagimizi-arttirmaliyiz\/"},"modified":"2019-04-29T13:55:51","modified_gmt":"2019-04-29T10:55:51","slug":"yok-baskani-sarac-doktorali-insan-kaynagimizi-arttirmaliyiz","status":"publish","type":"post","link":"http:\/\/www.tvturk.com\/index.php\/yok-baskani-sarac-doktorali-insan-kaynagimizi-arttirmaliyiz\/","title":{"rendered":"Y\u00d6K Ba\u015fkan\u0131 Sara\u00e7: &#8220;Doktoral\u0131 insan kayna\u011f\u0131m\u0131z\u0131 artt\u0131rmal\u0131y\u0131z&#8221;"},"content":{"rendered":"<p>Y\u00fcksek\u00f6\u011fretim Kurulu (Y\u00d6K) Ba\u015fkan\u0131 Prof. Dr. Yekta Sara\u00e7, doktoral\u0131 mezun say\u0131s\u0131n\u0131n \u00c7in\u2019de 1000 ki\u015fiye 2,2, ABD\u2019de 1000 ki\u015fiye 1,7, Avrupa Birli\u011fi (AB) \u00fclkelerinde 1000 ki\u015fiye 1,5 ki\u015fi d\u00fc\u015ferken, T\u00fcrkiye\u2019de bu oran\u0131n 1000 ki\u015fiye 0,4 oldu\u011funa de\u011finerek, &#8220;Kalk\u0131nm\u0131\u015f \u00fclkeler aras\u0131ndaki s\u0131ralamam\u0131z\u0131 y\u00fckseltebilmemiz i\u00e7in doktoral\u0131 insan kayna\u011f\u0131m\u0131z\u0131 da art\u0131rmam\u0131z \u015fart&#8221; dedi.<\/p>\n<p>Y\u00d6K Ba\u015fkan\u0131 Prof. Dr. Yekta Sara\u00e7, \u2019Y\u00d6K 100\/2000 Doktora Bursiyerleri\u2019 program\u0131 kapsam\u0131nda Akdeniz \u00dcniversitesi\u2019nde (A\u00dc) farkl\u0131 \u00fcniversitelerin rekt\u00f6rleri, akademisyenler ve \u00f6\u011frenciler ile bir araya geldi. Atat\u00fcrk Konferans Salonu\u2019ndaki toplant\u0131da konu\u015fan Prof. Dr. Sara\u00e7, Akdeniz \u00dcniversitesi\u2019nde ikincisini ger\u00e7ekle\u015ftirdikleri Y\u00d6K 100\/2000 doktora bursiyerleri toplant\u0131s\u0131na Akdeniz, S\u00fcleyman Demirel, Isparta Uygulamal\u0131 Bilimler, Burdur Mehmet Akif Ersoy, Anadolu, Eski\u015fehir Osmangazi, Eski\u015fehir Teknik, Necmettin Erbakan, Sel\u00e7uk, Konya Teknik, Pamukkale \u00dcniversitelerinin doktorantlar\u0131 ile bir arada olduklar\u0131n\u0131 s\u00f6yledi.<\/p>\n<p>T\u00fcrkiye\u2019deki \u00fcniversitelerde bug\u00fcn itibariyle 43 bin 265\u2019i k\u0131z toplam 97 bin \u00f6\u011frencinin doktora yapt\u0131\u011f\u0131n\u0131 kaydeden Prof.Dr. Sara\u00e7, \u201cBunlar\u0131n bir k\u0131sm\u0131 ara\u015ft\u0131rma g\u00f6revlisi stat\u00fcs\u00fcnde, bir k\u0131sm\u0131 ba\u015fka bir i\u015fte \u00e7al\u0131\u015f\u0131yor ayr\u0131ca bir \u00fcniversitede de d\u0131\u015far\u0131dan takip ederek ders ve tezlerini y\u00fcr\u00fct\u00fcyorlar. Bu doktora \u00f6\u011frencilerinden bir k\u0131sm\u0131 ara\u015ft\u0131rma safhas\u0131nda tam-zamanl\u0131 olarak \u00fcniversite koridorlar\u0131nda, laboratuvarlar\u0131nda olamad\u0131klar\u0131 i\u00e7in kendilerinin potansiyellerini tam olarak g\u00f6remiyoruz. Tabii ki g\u00f6rd\u00fcklerimiz de var\u201d diye konu\u015ftu.<\/p>\n<p>T\u00fcrkiye\u2019nin yeti\u015fmi\u015f doktoral\u0131 eleman say\u0131s\u0131nda \u00e7ok b\u00fcy\u00fck mesafe katetmesi gerekti\u011finin alt\u0131n\u0131 \u00e7izen Sara\u00e7, y\u00fcksek\u00f6\u011fretim kurulu say\u0131s\u0131n\u0131n 206, \u00f6\u011frenci say\u0131s\u0131n\u0131n ise 7 milyon 737 bine ula\u015ft\u0131\u011f\u0131n\u0131 belirtti.<\/p>\n<p>2014\u2019te 48 bin olan yabanc\u0131 uyruklu \u00f6\u011frenci say\u0131s\u0131n\u0131n bug\u00fcn 148 bini a\u015ft\u0131\u011f\u0131n\u0131 dile getiren Sara\u00e7, \u00c7in\u2019de 1000 ki\u015fiye 2,2; Amerika\u2019da 1000 ki\u015fiye 1,7; Avrupa Birli\u011fi \u00fclkelerinde 1000 ki\u015fiye 1,5 doktoral\u0131 ki\u015fi d\u00fc\u015ferken T\u00fcrkiye\u2019de bu oran\u0131n 1000 ki\u015fiye 0,4 olarak ger\u00e7ekle\u015fti\u011fine de\u011findi.<\/p>\n<p>&#8220;Bir prestij projesi&#8221;<\/p>\n<p>T\u00fcrkiye\u2019nin kalk\u0131nm\u0131\u015f \u00fclkeler aras\u0131ndaki s\u0131ralamas\u0131n\u0131 de\u011fi\u015ftirebilmesi i\u00e7in doktoral\u0131 insan kayna\u011f\u0131n\u0131 artt\u0131rmas\u0131 gerekti\u011fini vurgulayan Prof. Dr. Sara\u00e7, \u201c100\/2000 projesi de bu fikirle ortaya \u00e7\u0131kt\u0131. Biz Y\u00d6K 100-2000\u2019i s\u0131radan bir burs program\u0131 olarak g\u00f6rm\u00fcyoruz. 100\/2000 projesini biz bir T\u00fcrkiye projesi, bir prestij projesi olarak g\u00f6rmekteyiz. Bilindi\u011fi gibi devletimizin 2023 i\u00e7in \u00e7izdi\u011fi vizyonda \u2019net kalk\u0131nma de\u011ferini kendi beyin g\u00fcc\u00fcne dayanarak art\u0131rabilen\u2019 bir T\u00fcrkiye hedeflenmektedir.  Bizim 100\/2000 dedi\u011fimiz gibi, Almanya, \u00c7in, Kore, Japonya, Tayvan, Rusya \u00e7e\u015fitli isimler alt\u0131nda 100\/2000 benzeri m\u00fckemmeliyeti hedefleyen doktora programlar\u0131 ba\u015flatm\u0131\u015flard\u0131r. 2016\u2019da planlamay\u0131 yaparken bu burs program\u0131ndaki doktora alanlar\u0131n\u0131n \u00fclkenin ivedilikle ihtiyac\u0131 olan \u00f6ncelikli alanlardan olmas\u0131na b\u00fcy\u00fck \u00f6nem atfettik. Bunlar\u0131n hepsi tematik alanlard\u0131 ve bu programlarda k\u00fcm\u00fclatif bir kitle olu\u015fmas\u0131n\u0131 sa\u011flad\u0131k\u201d ifadelerine yer verdi.<\/p>\n<p>&#8220;100 alan&#8221;<\/p>\n<p>Bu projenin kurgusu, amac\u0131 ve s\u00fcre\u00e7leri itibariyle bir ilk oldu\u011funa vurgu yapan Prof.Dr. Yekta Sara\u00e7, \u201cBu program kapsam\u0131nda her \u00e7a\u011fr\u0131 d\u00f6neminde ba\u015fkanl\u0131\u011f\u0131m\u0131z taraf\u0131ndan belirlenen, revize edilen 100 \u00f6ncelikli tematik alanda devlet \u00fcniversitelerinin doktora programlar\u0131nda \u00f6\u011frenim g\u00f6ren veya g\u00f6recek olan \u00f6\u011frencilerin desteklenmesi hedeflenmektedir. 2000\u2019li y\u0131llara kadar doktora program\u0131n\u0131n ana hedefi, gerek T\u00fcrkiye\u2019de gerek d\u00fcnyadaki \u00f6rneklerinde akademisyen, \u00f6\u011fretim \u00fcyesi yeti\u015ftirmek olarak g\u00f6r\u00fcl\u00fcyordu. 2000\u2019li y\u0131llardan sonra \u00f6zellikle geli\u015fmi\u015f \u00fcniversitelerde doktora programlar\u0131n\u0131 inovatif doktora programlar\u0131, end\u00fcstriyel doktora programlar\u0131, gelece\u011fin akademiye hedeflenen doktora programlar\u0131 olarak s\u0131n\u0131flayabilmek m\u00fcmk\u00fcnd\u00fcr\u201d dedi.<\/p>\n<p>&#8220;3 bin 700 \u00f6\u011frenci bursland\u0131r\u0131ld\u0131&#8221;<\/p>\n<p>Sara\u00e7 \u015f\u00f6yle devam etti: \u201c\u00dcniversitelerimize de yeni d\u00fcnya d\u00fczeninde \u00f6nemli bir literat\u00fcr olan ak\u0131ll\u0131 uzmanla\u015fma konusunda kapsay\u0131c\u0131 \u00e7al\u0131\u015fmalar yapmalar\u0131n\u0131 \u00f6neriyoruz. \u0130\u015fte tam da bu noktada Y\u00d6K\u2019\u00fcn doktora konusuna verdi\u011fi \u00f6nem ve \u2019akademide ve end\u00fcstride \u00fclkemizin gelece\u011finin de\u011feri\u2019 noktas\u0131nda sizlere ciddi \u00fcmitler ba\u011flam\u0131\u015f durumday\u0131z. 100 \/2000 Y\u00d6K Doktora Burs Program\u0131 ile burs verilen alt alanlar \u2019Temel Bilimler ve M\u00fchendislik\u2019, \u2019Sa\u011fl\u0131k\u2019, \u2019Sosyal Bilimler\u2019 ile \u2019Mimarl\u0131k ve Tasar\u0131m\u2019dan olu\u015fan 4 ana ba\u015fl\u0131k alt\u0131nda kurgulanm\u0131\u015ft\u0131r. Bu \u00fcst alanlar alt\u0131nda 100 alt alan olu\u015fturulmu\u015ftur. Bu burs program\u0131nda 2018-2019 e\u011fitim \u00f6\u011fretim y\u0131l\u0131 bahar d\u00f6nemi itibar\u0131yla 5. kez \u00e7a\u011fr\u0131ya \u00e7\u0131k\u0131lm\u0131\u015f olup bu 5 \u00e7a\u011fr\u0131 d\u00f6nemi sonucunda (feragat edenler, bursu kesilenler, kayd\u0131 silinenler hari\u00e7) halihaz\u0131rda yakla\u015f\u0131k 3 bin 700 \u00f6\u011frenci bursland\u0131r\u0131lm\u0131\u015ft\u0131r.\u201d<\/p>\n<p>&#8220;Beklentilerimiz var&#8221;<\/p>\n<p>Prof.Dr. Sara\u00e7, ana gayelerinin gelece\u011fe g\u00fc\u00e7l\u00fc nesiller yeti\u015ftirmek oldu\u011funun alt\u0131n\u0131 \u00e7izerek, \u201c\u00dclke ad\u0131na sizlerle ilgili hayallerimiz, beklentilerimiz var. Bilim kurumlar\u0131 her \u015feyden \u00f6nce kendi \u00fclkesinin de\u011ferlerini referans al\u0131r. Kendi de\u011ferlerini evrensel olanla kucakla\u015ft\u0131r\u0131r. \u0130\u00e7inde bulundu\u011fu toplumun bir c\u00fcz\u00fc olarak \u00fclkesine hizmeti ve \u00fclkesi i\u00e7in \u00fcretmeyi \u00f6nceler. Bu nedenledir ki \u00fcniversiteler toplumun m\u00fckemmeliyet merkezi olarak addedilirler ve de bunun i\u00e7indir ki \u00fcniversiteler \u00fclke kalk\u0131nmas\u0131na katk\u0131 sa\u011flayan bilimsel icatlar yapan insanlar yeti\u015ftirir, insan mutlulu\u011funun en temel unsuru sa\u011fl\u0131kta uzmanlar yeti\u015ftirir, insan\u0131n do\u011fas\u0131nda, f\u0131trat\u0131nda bulunan estetik ve g\u00fczellik duygular\u0131n\u0131 bilimsel bir zeminde ye\u015fertecek sanat\u00e7\u0131lar yeti\u015ftirir, karanl\u0131k \u00e7\u00f6kt\u00fc\u011f\u00fcnde bir \u0131\u015f\u0131k olarak toplumun yolunu ayd\u0131nlatacak sosyal bilimciler yeti\u015ftirir\u201d ifadelerini kulland\u0131.<\/p>\n<p>Y\u00d6K Ba\u015fkan\u0131 Prof. Dr. Yekta Sara\u00e7\u2019\u0131n konu\u015fmas\u0131n\u0131n ard\u0131ndan farkl\u0131 \u00fcniversitelerden bursiyer \u00f6\u011frenciler, yapt\u0131klar\u0131 \u00e7al\u0131\u015fmalar hakk\u0131nda sunum yapt\u0131. Daha sonra Prof. Dr. Sara\u00e7 kat\u0131l\u0131mc\u0131 \u00fcniversitelerin rekt\u00f6rleriyle bir toplant\u0131 ger\u00e7ekle\u015ftirdi.<\/p>\n<p>Programa Antalya Valisi M\u00fcnir Karalo\u011flu, Akdeniz \u00dcniversitesi Rekt\u00f6r\u00fc Prof.Dr. Mustafa \u00dcnal da kat\u0131ld\u0131.<\/p>\n","protected":false},"excerpt":{"rendered":"<p>Y\u00dcKSEK\u00d6\u011eRET\u0130M KURULU (Y\u00d6K) BA\u015eKANI PROF. DR. YEKTA SARA\u00c7, DOKTORALI MEZUN SAYISININ \u00c7\u0130N&#8217;DE 1000 K\u0130\u015e\u0130YE 2,2, ABD&#8217;DE 1000 K\u0130\u015e\u0130YE 1,7, AVRUPA B\u0130RL\u0130\u011e\u0130 (AB) \u00dcLKELER\u0130NDE 1000 K\u0130\u015e\u0130YE 1,5 K\u0130\u015e\u0130 D\u00dc\u015eERKEN, T\u00dcRK\u0130YE&#8217;DE BU ORANIN 1000 K\u0130\u015e\u0130YE 0,4 OLDU\u011eUNA DE\u011e\u0130NEREK, \u201cKALKINMI\u015e \u00dcLKELER ARASINDAK\u0130 SIRALAMAMIZI Y\u00dcKSELTEB\u0130LMEM\u0130Z \u0130\u00c7\u0130N DOKTORALI \u0130NSAN KAYNA\u011eIMIZI DA ARTIRMAMIZ \u015eART&#8221; DED\u0130.<\/p>\n","protected":false},"author":1,"featured_media":150288,"comment_status":"closed","ping_status":"open","sticky":false,"template":"","format":"standard","meta":{"jetpack_post_was_ever_published":false,"_jetpack_newsletter_access":"","_jetpack_dont_email_post_to_subs":false,"_jetpack_newsletter_tier_id":0,"_jetpack_memberships_contains_paywalled_content":false,"_jetpack_memberships_contains_paid_content":false,"footnotes":"","jetpack_publicize_message":"","jetpack_publicize_feature_enabled":true,"jetpack_social_post_already_shared":true,"jetpack_social_options":{"image_generator_settings":{"template":"highway","default_image_id":0,"font":"","enabled":false},"version":2}},"categories":[1],"tags":[33848,33850,216,1381,33849,33847,664],"class_list":["post-150287","post","type-post","status-publish","format-standard","has-post-thumbnail","hentry","category-genel","tag-doktorali","tag-arttirmaliyiz","tag-baskani","tag-insan","tag-kaynagimizi","tag-sarac","tag-yok"],"jetpack_publicize_connections":[],"jetpack_featured_media_url":"https:\/\/i0.wp.com\/www.tvturk.com\/wp-content\/uploads\/2019\/04\/yok-baskani-sarac-doktorali-insan-kaynagimizi-arttirmaliyiz_1f47118.jpg?fit=1000%2C666","jetpack_sharing_enabled":true,"jetpack_shortlink":"https:\/\/wp.me\/paKIfm-D5Z","_links":{"self":[{"href":"http:\/\/www.tvturk.com\/index.php\/wp-json\/wp\/v2\/posts\/150287","targetHints":{"allow":["GET"]}}],"collection":[{"href":"http:\/\/www.tvturk.com\/index.php\/wp-json\/wp\/v2\/posts"}],"about":[{"href":"http:\/\/www.tvturk.com\/index.php\/wp-json\/wp\/v2\/types\/post"}],"author":[{"embeddable":true,"href":"http:\/\/www.tvturk.com\/index.php\/wp-json\/wp\/v2\/users\/1"}],"replies":[{"embeddable":true,"href":"http:\/\/www.tvturk.com\/index.php\/wp-json\/wp\/v2\/comments?post=150287"}],"version-history":[{"count":0,"href":"http:\/\/www.tvturk.com\/index.php\/wp-json\/wp\/v2\/posts\/150287\/revisions"}],"wp:featuredmedia":[{"embeddable":true,"href":"http:\/\/www.tvturk.com\/index.php\/wp-json\/wp\/v2\/media\/150288"}],"wp:attachment":[{"href":"http:\/\/www.tvturk.com\/index.php\/wp-json\/wp\/v2\/media?parent=150287"}],"wp:term":[{"taxonomy":"category","embeddable":true,"href":"http:\/\/www.tvturk.com\/index.php\/wp-json\/wp\/v2\/categories?post=150287"},{"taxonomy":"post_tag","embeddable":true,"href":"http:\/\/www.tvturk.com\/index.php\/wp-json\/wp\/v2\/tags?post=150287"}],"curies":[{"name":"wp","href":"https:\/\/api.w.org\/{rel}","templated":true}]}}