{"id":150321,"date":"2019-04-29T14:30:28","date_gmt":"2019-04-29T11:30:28","guid":{"rendered":"http:\/\/www.tvturk.com\/index.php\/numarali-gozlukler-tarih-oluyor\/"},"modified":"2019-04-29T14:30:28","modified_gmt":"2019-04-29T11:30:28","slug":"numarali-gozlukler-tarih-oluyor","status":"publish","type":"post","link":"http:\/\/www.tvturk.com\/index.php\/numarali-gozlukler-tarih-oluyor\/","title":{"rendered":"Numaral\u0131 g\u00f6zl\u00fckler tarih oluyor"},"content":{"rendered":"<p>Ak\u0131ll\u0131 g\u00f6z mercekleriyle g\u00f6rme kusurlar\u0131ndan ve g\u00f6zl\u00fcklerden kurtulman\u0131n m\u00fcmk\u00fcn oldu\u011funu anlatan G\u00f6z Hastal\u0131klar\u0131 Uzman\u0131 Op. Dr. Mehmet Helvac\u0131o\u011flu, her hastan\u0131n smart mercekler i\u00e7in uygun olmad\u0131\u011f\u0131n\u0131 belirterek, &#8220;Ki\u015finin ya\u015f\u0131, beklentisi, mesle\u011fi, kornea, retinada ve makulada problem olup olmad\u0131\u011f\u0131 ayr\u0131nt\u0131l\u0131 olarak ara\u015ft\u0131r\u0131l\u0131p operasyona karar veriliyor&#8221; dedi.<\/p>\n<p>Ak\u0131ll\u0131 g\u00f6z i\u00e7i mercekler ile uzak, yak\u0131n ve orta mesafe g\u00f6rme bozukluklar\u0131ndan ayn\u0131 zamanda da katarakttan veya katarakt riskinden kurtulman\u0131n m\u00fcmk\u00fcn oldu\u011funu belirten Atag\u00f6z G\u00f6z Hastal\u0131klar\u0131 Dal Merkezi Kurucu Orta\u011f\u0131 Op. Dr. Mehmet Helvac\u0131o\u011flu, halk aras\u0131nda ak\u0131ll\u0131 lens veya ak\u0131ll\u0131 mercek olarak adland\u0131r\u0131lan smart mercekler hakk\u0131nda bilgi verdi. Smart merceklerin, Bifokal ve Multifokal olmak \u00fczere gruplara ayr\u0131ld\u0131\u011f\u0131n\u0131 ifade eden Helvac\u0131o\u011flu, &#8220;Bunlar \u00f6zellikle katarakt\u0131 olan ki\u015filerde tercih etti\u011fimiz ama g\u00f6rme kusurlar\u0131 olan ve g\u00f6zl\u00fckten kurtulmak isteyen ki\u015filerde de katarakt\u0131 olsun veya olmas\u0131n tercih edilen bir tedavi y\u00f6ntemidir. Multifokal merceklerde \u00f6nemli olan ki\u015finin ya\u015f\u0131, hangi mesafede daha aktif \u00e7al\u0131\u015ft\u0131\u011f\u0131 ve retina dedi\u011fimiz g\u00f6z arkas\u0131nda problem olup olmad\u0131\u011f\u0131d\u0131r. Retinada problemi olan ki\u015filerde ve sar\u0131 nokta dedi\u011fimiz makulada \u00f6dem, kanama ya da farkl\u0131 sorunlar\u0131 olanlarda smart mercekleri kullanam\u0131yoruz&#8221; diye aktard\u0131.<\/p>\n<p>Ak\u0131ll\u0131 lens tedavisi uygulanacak hastan\u0131n ayr\u0131nt\u0131l\u0131 olarak muayene edilmesi gerekti\u011fine vurgu yapan Op. Dr. Mehmet Helvac\u0131o\u011flu, &#8220;Bizler gelen hastalar\u0131m\u0131z\u0131n \u00f6nce g\u00f6z numaralar\u0131n\u0131 belirliyoruz. \u2019Ard\u0131ndan kornea ve retinada problem var m\u0131?\u2019 diye bak\u0131yoruz; g\u00f6rme alan\u0131, tomografi ve di\u011fer te\u015fhis y\u00f6ntemleriyle ayr\u0131nt\u0131l\u0131 muayene ediyoruz. Smart mercek i\u00e7in uygun olanlar\u0131 ameliyat i\u00e7in ele al\u0131yoruz&#8221; \u015feklinde konu\u015ftu.<\/p>\n<p>&#8220;Bu y\u00fczden \u00e7ok g\u00fcvenilir ve ki\u015fiye ba\u011fl\u0131 hatalar\u0131 da ortadan kald\u0131ran sistem&#8221;<\/p>\n<p>Ya\u015f kriterinin ak\u0131ll\u0131 mercek tedavisi i\u00e7in \u00f6nemli bir etken oldu\u011funa de\u011finen Op. Dr. Helvac\u0131o\u011flu, &#8220;Smart mercek tedavi y\u00f6ntemiyle g\u00f6zl\u00fckten kurtulmak i\u00e7in ba\u015fvuran hastalar\u0131m\u0131zda \u00f6ncelikle ya\u015f kriterine bak\u0131yoruz. K\u0131rk ya\u015f \u00fcst\u00fc ki\u015filerde hem katarakt\u0131 ve \u00f6m\u00fcr boyu bir daha katarakt riskini, hem de uzak yak\u0131n ve orta mesafe g\u00f6zl\u00fck ihtiyac\u0131n\u0131 ortadan kald\u0131r\u0131yoruz. Biz operasyonlar\u0131m\u0131z\u0131 Catalys dedi\u011fimiz g\u00f6ze giri\u015flerin de lazer ile oldu\u011fu tam b\u0131\u00e7aks\u0131z ameliyat y\u00f6ntemi ile ger\u00e7ekle\u015ftiriyoruz. Bu y\u00f6ntem hata pay\u0131n\u0131 ortadan kald\u0131rd\u0131\u011f\u0131 i\u00e7in komplikasyon a\u00e7\u0131s\u0131ndan \u00e7ok minimum komplikasyon oranlar\u0131na sahip, bu y\u00fczden \u00e7ok g\u00fcvenilir ve ki\u015fiye ba\u011fl\u0131 hatalar\u0131 da ortadan kald\u0131ran \u00e7ok m\u00fckemmel bir sistem&#8221; \u015feklinde konu\u015ftu.<\/p>\n<p>Helvac\u0131o\u011flu, \u015f\u00f6yle devam etti:<\/p>\n<p>&#8220;Ki\u015finin ya\u015f ve g\u00f6z numaras\u0131na uygun olarak smart merce\u011fi implante ediyoruz. Smart mercekte ki\u015finin ya\u015f\u0131 kadar mesle\u011fini de g\u00f6z \u00f6n\u00fcnde bulunduruyoruz. Masa ba\u015f\u0131nda \u00e7al\u0131\u015fan, bilgisayar ekran\u0131na bakan, di\u015f doktoru, terzi gibi yak\u0131n mesafeyi daha s\u0131k kullanan ki\u015filerde smart mercekleri tercih ediyoruz. Ki\u015finin beklentisi de se\u00e7ilecek tedavi y\u00f6nteminde belirleyici bir etken.<\/p>\n<p>Yani ak\u0131ll\u0131 lensler ile miyopi, hipermetropi ve astigmat gibi g\u00f6z\u00fcn t\u00fcm k\u0131rma kusurlar\u0131n\u0131 ki\u015finin hayat \u015fartlar\u0131n\u0131, mesle\u011fini, beklentisini dikkate alarak ortadan kald\u0131r\u0131p, g\u00f6zl\u00fckten kurtarabiliyoruz. Ayn\u0131 zamanda katarakt riskini de \u00f6nlemi\u015f oluyoruz.&#8221;<\/p>\n","protected":false},"excerpt":{"rendered":"<p>G\u00d6Z HASTALIKLARI UZMANI OP. DR. MEHMET HELVACIO\u011eLU, AKILLI G\u00d6Z MERCEKLER\u0130YLE G\u00d6RME KUSURLARINDAN VE G\u00d6ZL\u00dcKLERDEN KURTULMANIN M\u00dcMK\u00dcN OLDU\u011eUNU S\u00d6YLED\u0130.<\/p>\n","protected":false},"author":1,"featured_media":150322,"comment_status":"closed","ping_status":"open","sticky":false,"template":"","format":"standard","meta":{"jetpack_post_was_ever_published":false,"_jetpack_newsletter_access":"","_jetpack_dont_email_post_to_subs":false,"_jetpack_newsletter_tier_id":0,"_jetpack_memberships_contains_paywalled_content":false,"_jetpack_memberships_contains_paid_content":false,"footnotes":"","jetpack_publicize_message":"","jetpack_publicize_feature_enabled":true,"jetpack_social_post_already_shared":true,"jetpack_social_options":{"image_generator_settings":{"template":"highway","default_image_id":0,"font":"","enabled":false},"version":2}},"categories":[1],"tags":[24376,19684,145,1330],"class_list":["post-150321","post","type-post","status-publish","format-standard","has-post-thumbnail","hentry","category-genel","tag-gozlukler","tag-numarali","tag-oluyor","tag-tarih"],"jetpack_publicize_connections":[],"jetpack_featured_media_url":"https:\/\/i0.wp.com\/www.tvturk.com\/wp-content\/uploads\/2019\/04\/numarali-gozlukler-tarih-oluyor_e3d38a8.jpg?fit=1000%2C750","jetpack_sharing_enabled":true,"jetpack_shortlink":"https:\/\/wp.me\/paKIfm-D6x","_links":{"self":[{"href":"http:\/\/www.tvturk.com\/index.php\/wp-json\/wp\/v2\/posts\/150321","targetHints":{"allow":["GET"]}}],"collection":[{"href":"http:\/\/www.tvturk.com\/index.php\/wp-json\/wp\/v2\/posts"}],"about":[{"href":"http:\/\/www.tvturk.com\/index.php\/wp-json\/wp\/v2\/types\/post"}],"author":[{"embeddable":true,"href":"http:\/\/www.tvturk.com\/index.php\/wp-json\/wp\/v2\/users\/1"}],"replies":[{"embeddable":true,"href":"http:\/\/www.tvturk.com\/index.php\/wp-json\/wp\/v2\/comments?post=150321"}],"version-history":[{"count":0,"href":"http:\/\/www.tvturk.com\/index.php\/wp-json\/wp\/v2\/posts\/150321\/revisions"}],"wp:featuredmedia":[{"embeddable":true,"href":"http:\/\/www.tvturk.com\/index.php\/wp-json\/wp\/v2\/media\/150322"}],"wp:attachment":[{"href":"http:\/\/www.tvturk.com\/index.php\/wp-json\/wp\/v2\/media?parent=150321"}],"wp:term":[{"taxonomy":"category","embeddable":true,"href":"http:\/\/www.tvturk.com\/index.php\/wp-json\/wp\/v2\/categories?post=150321"},{"taxonomy":"post_tag","embeddable":true,"href":"http:\/\/www.tvturk.com\/index.php\/wp-json\/wp\/v2\/tags?post=150321"}],"curies":[{"name":"wp","href":"https:\/\/api.w.org\/{rel}","templated":true}]}}