{"id":150541,"date":"2019-04-30T09:17:49","date_gmt":"2019-04-30T06:17:49","guid":{"rendered":"http:\/\/www.tvturk.com\/index.php\/dijital-fikirler-ve-basarilar-uzmanlarca-ele-alindi\/"},"modified":"2019-04-30T09:17:49","modified_gmt":"2019-04-30T06:17:49","slug":"dijital-fikirler-ve-basarilar-uzmanlarca-ele-alindi","status":"publish","type":"post","link":"http:\/\/www.tvturk.com\/index.php\/dijital-fikirler-ve-basarilar-uzmanlarca-ele-alindi\/","title":{"rendered":"Dijital fikirler ve ba\u015far\u0131lar uzmanlarca ele al\u0131nd\u0131"},"content":{"rendered":"<p>\u00dcniversite-sekt\u00f6r i\u015fbirli\u011fini artt\u0131rmak, \u00f6\u011frencileri sekt\u00f6r\u00fcn profesyonelleriyle bir araya getirerek kendi alanlar\u0131yla ilgili bir a\u011f olu\u015fturmalar\u0131n\u0131 sa\u011flamak ad\u0131na bu y\u0131l 3\u2019\u00fcnc\u00fcs\u00fc d\u00fczenlenen \u201cBeykent \u0130leti\u015fim G\u00fcnleri\u201d d\u00fczenlenen paneller, s\u00f6yle\u015filer ve yar\u0131\u015fmalarla ger\u00e7ekle\u015fti.<\/p>\n<p>Dijital \u00e7a\u011fa y\u00f6n vermek ve \u00e7a\u011f\u0131n niteliklerine uyum sa\u011flayan e\u011fitimli profesyoneller yeti\u015ftirmek hedefiyle d\u00fczenlenen \u201c3. Beykent \u0130leti\u015fim G\u00fcnleri\u201d, Beykent \u00dcniversitesi Ayaza\u011fa-Maslak Yerleke\u015fkesinde ger\u00e7ekle\u015ftirildi. \u00d6\u011frencilerin sekt\u00f6rle ilgili ak\u0131llar\u0131ndaki sorulara yan\u0131t buldu\u011fu s\u00f6yle\u015filerin ger\u00e7ekle\u015ftirildi\u011fi etkinli\u011fin ilk g\u00fcn\u00fcnde; poltio.com kurucu orta\u011f\u0131 Vildan Ay D\u00f6\u015fl\u00fco\u011flu, 4129Grey Kreatif Direkt\u00f6r\u00fc Ahmet Terzio\u011flu, Admatic Medya A\u015e Reklam Grup Ba\u015fkan\u0131 Sava\u015f Y\u0131lmazer, MediaCat Genel Yay\u0131n Y\u00f6netmeni Pelin \u00d6zkan ve GittiGidiyor.com Dijital Pazarlama ve CRM M\u00fcd\u00fcr\u00fc Mine Kohen gibi isimler, paneller d\u00fczenleyerek kendi uzmanl\u0131k alanlar\u0131yla ilgili \u00f6\u011frencilere bilgi payla\u015f\u0131mlar\u0131nda bulundu.<\/p>\n<p>\u201c\u0130leti\u015fim g\u00fcnleri bizim i\u00e7in yaln\u0131zca bir toplant\u0131 de\u011fil\u201d diyen Beykent \u00dcniversitesi \u0130leti\u015fim Fak\u00fcltesi Dekan\u0131 Prof. Dr. O\u011fuz Makal, \u201cDijital d\u00fcnya g\u00fcn\u00fcm\u00fczde en \u00e7ok konu\u015fulan konudur. Bu durum g\u00fcnl\u00fck hayat\u0131m\u0131zda cep telefonlar\u0131m\u0131zdan web sitelerine kadar uzanan, sosyal a\u011flardan internet televizyonculu\u011funa giden bir s\u00fcre\u00e7tir.  Hem b\u00fcy\u00fcyor hem de geli\u015fiyor. Akademik bazda de\u011ferlendirirsek; Yeni Medya diye bir olgu var art\u0131k. \u00dcniversitelerde okutuluyor. Bizler etkinli\u011fimizle b\u00fct\u00fcn bunlar\u0131n hem fark\u0131na var\u0131lmas\u0131n\u0131 ama\u00e7lad\u0131k hem de de\u011ferlendirmesini yapt\u0131k. Asl\u0131nda kendimize de bir ayna tutmu\u015f olduk. D\u0131\u015far\u0131ya da konunun \u00f6nemine dair \u00e7ok \u00f6nemli bir pencere a\u00e7t\u0131k. Burada bunlar\u0131n konu\u015fulmas\u0131, gelecekte ileti\u015fimde her \u015feyin nas\u0131l ve neden de\u011fi\u015fmekte oldu\u011funun da cevab\u0131 olacakt\u0131r\u201d \u015feklinde konu\u015ftu.<\/p>\n<p>\u201c\u00d6\u011frencilerimizi sekt\u00f6r\u00fcn profesyonelleriyle bulu\u015fturduk\u201d<\/p>\n<p>\u00d6\u011frencileri sekt\u00f6r\u00fcn \u00f6nde gelen isimleriyle bulu\u015fturduklar\u0131n\u0131 kaydeden etkinlik koordinat\u00f6r\u00fc, Beykent \u00dcniversitesi \u0130leti\u015fim Fak\u00fcltesi Dekan Yard\u0131mc\u0131s\u0131 Dr. \u00d6\u011fr. \u00dcyesi Asuman Kutlu ise &#8220;\u00d6\u011frencilerimiz \u00fcniversitemizden mezun olduktan sonra sekt\u00f6r\u00fcn i\u00e7ine girecekler. Onlar\u0131n profesyonellerle bir a\u011f olu\u015fturmalar\u0131 gerekiyor. Bunun yan\u0131nda \u2018D\u00fcnyada neler oluyor?\u2019 bilgisini onlara akademinin i\u00e7erisindeyken vermek istiyoruz. O nedenle bu tarz etkinler d\u00fczenleyerek onlar\u0131 sekt\u00f6r\u00fcn profesyonelleriyle bulu\u015fturmaya gayret ediyoruz. Bu kapsamda bu y\u0131l \u00fc\u00e7\u00fcnc\u00fcs\u00fcn\u00fc d\u00fczenledi\u011fimiz etkinli\u011fimizde \u2018Dijital Fikirler, Dijital Ba\u015far\u0131lar\u2019 temas\u0131n\u0131 ele ald\u0131k. Dijital d\u00fcnyada isim yapm\u0131\u015f ki\u015filerle s\u00f6yle\u015filer yapt\u0131k. Ayr\u0131ca \u2018\u0130letini Tasarla\u2019 ad\u0131nda bu y\u0131l \u00fc\u00e7\u00fcnc\u00fcs\u00fcn\u00fc d\u00fczenledi\u011fimiz bir yar\u0131\u015fmam\u0131z oldu. Hem sekt\u00f6rden hem de akademiden j\u00fcri \u00fcyelerinin bulundu\u011fu yar\u0131\u015fmada \u00f6\u011frencilerimiz projelerini sergiledi. \u00d6\u011frencilerimizin \u00f6nde gelen projelerini \u00f6d\u00fcllendirdik\u201d dedi.<\/p>\n<p>\u00d6\u011frenciler eserlerini sergiledi<\/p>\n<p>Etkinli\u011fin ikinci g\u00fcn\u00fcnde \u2018\u0130letini Tasarla\u2019 ad\u0131nda \u00f6\u011frencilere y\u00f6nelik bir yar\u0131\u015fma d\u00fczenlendi. Yar\u0131\u015fmada akademisyenler taraf\u0131ndan yap\u0131lan \u00f6n eleme sonras\u0131 se\u00e7ilen eserler, sekt\u00f6rden uzmanlar taraf\u0131ndan de\u011ferlendirildi. Dereceye giren eserler \u00f6d\u00fcllendirildi. \u00d6\u011frenci eserlerinden bir se\u00e7ki de etkinlik alan\u0131nda sergilendi.<\/p>\n","protected":false},"excerpt":{"rendered":"<p>\u00dcN\u0130VERS\u0130TE-SEKT\u00d6R \u0130\u015eB\u0130RL\u0130\u011e\u0130N\u0130 ARTTIRMAK, \u00d6\u011eRENC\u0130LER\u0130 SEKT\u00d6R\u00dcN PROFESYONELLER\u0130YLE B\u0130R ARAYA GET\u0130REREK KEND\u0130 ALANLARIYLA \u0130LG\u0130L\u0130 B\u0130R A\u011e OLU\u015eTURMALARINI SA\u011eLAMAK ADINA BU YIL 3\u2019\u00dcNC\u00dcS\u00dc D\u00dcZENLENEN \u201cBEYKENT \u0130LET\u0130\u015e\u0130M G\u00dcNLER\u0130\u201d D\u00dcZENLENEN PANELLER, S\u00d6YLE\u015e\u0130LER VE YARI\u015eMALARLA GER\u00c7EKLE\u015eT\u0130.<\/p>\n","protected":false},"author":1,"featured_media":150542,"comment_status":"closed","ping_status":"open","sticky":false,"template":"","format":"standard","meta":{"jetpack_post_was_ever_published":false,"_jetpack_newsletter_access":"","_jetpack_dont_email_post_to_subs":false,"_jetpack_newsletter_tier_id":0,"_jetpack_memberships_contains_paywalled_content":false,"_jetpack_memberships_contains_paid_content":false,"footnotes":"","jetpack_publicize_message":"","jetpack_publicize_feature_enabled":true,"jetpack_social_post_already_shared":true,"jetpack_social_options":{"image_generator_settings":{"template":"highway","default_image_id":0,"font":"","enabled":false},"version":2}},"categories":[1],"tags":[15536,1014,33942,6695,385,33943],"class_list":["post-150541","post","type-post","status-publish","format-standard","has-post-thumbnail","hentry","category-genel","tag-fikirler","tag-alindi","tag-basarilar","tag-dijital","tag-ele","tag-uzmanlarca"],"jetpack_publicize_connections":[],"jetpack_featured_media_url":"https:\/\/i0.wp.com\/www.tvturk.com\/wp-content\/uploads\/2019\/04\/dijital-fikirler-ve-basarilar-uzmanlarca-ele-alindi_7d77ca2.jpg?fit=1000%2C666","jetpack_sharing_enabled":true,"jetpack_shortlink":"https:\/\/wp.me\/paKIfm-Da5","_links":{"self":[{"href":"http:\/\/www.tvturk.com\/index.php\/wp-json\/wp\/v2\/posts\/150541","targetHints":{"allow":["GET"]}}],"collection":[{"href":"http:\/\/www.tvturk.com\/index.php\/wp-json\/wp\/v2\/posts"}],"about":[{"href":"http:\/\/www.tvturk.com\/index.php\/wp-json\/wp\/v2\/types\/post"}],"author":[{"embeddable":true,"href":"http:\/\/www.tvturk.com\/index.php\/wp-json\/wp\/v2\/users\/1"}],"replies":[{"embeddable":true,"href":"http:\/\/www.tvturk.com\/index.php\/wp-json\/wp\/v2\/comments?post=150541"}],"version-history":[{"count":0,"href":"http:\/\/www.tvturk.com\/index.php\/wp-json\/wp\/v2\/posts\/150541\/revisions"}],"wp:featuredmedia":[{"embeddable":true,"href":"http:\/\/www.tvturk.com\/index.php\/wp-json\/wp\/v2\/media\/150542"}],"wp:attachment":[{"href":"http:\/\/www.tvturk.com\/index.php\/wp-json\/wp\/v2\/media?parent=150541"}],"wp:term":[{"taxonomy":"category","embeddable":true,"href":"http:\/\/www.tvturk.com\/index.php\/wp-json\/wp\/v2\/categories?post=150541"},{"taxonomy":"post_tag","embeddable":true,"href":"http:\/\/www.tvturk.com\/index.php\/wp-json\/wp\/v2\/tags?post=150541"}],"curies":[{"name":"wp","href":"https:\/\/api.w.org\/{rel}","templated":true}]}}