{"id":150571,"date":"2019-04-30T10:01:12","date_gmt":"2019-04-30T07:01:12","guid":{"rendered":"http:\/\/www.tvturk.com\/index.php\/abd-adalet-bakan-yardimcisi-rosenstein-istifa-etti\/"},"modified":"2019-04-30T10:01:12","modified_gmt":"2019-04-30T07:01:12","slug":"abd-adalet-bakan-yardimcisi-rosenstein-istifa-etti","status":"publish","type":"post","link":"http:\/\/www.tvturk.com\/index.php\/abd-adalet-bakan-yardimcisi-rosenstein-istifa-etti\/","title":{"rendered":"ABD Adalet Bakan Yard\u0131mc\u0131s\u0131 Rosenstein istifa etti"},"content":{"rendered":"<p>ABD Adalet Bakan Yard\u0131mc\u0131s\u0131 Rod Rosenstein istifa etti.<\/p>\n<p>ABD Ba\u015fkan\u0131 Donald Trump\u2019la iyi ili\u015fkileri olan ve Rusya soru\u015fturmas\u0131n\u0131 y\u00fcr\u00fcten ABD Adalet Bakan Yard\u0131mc\u0131s\u0131 Rod Rosenstein istifa etti. Rosenstein, istifa mektubunu ABD Ba\u015fkan\u0131 Donald Trump\u2019a sundu. Rosenstein, mektubunda Trump\u2019a \u00f6vg\u00fcde bulunarak, &#8220;Bana hizmet etme f\u0131rsat\u0131 verdi\u011finiz i\u00e7in, bireysel konu\u015fmalar\u0131m\u0131zda g\u00f6sterdi\u011finiz nezaket ve mizah, g\u00f6reve geldi\u011finizdeki konu\u015fman\u0131zda belirledi\u011finiz hedefler i\u00e7in vatanseverlik, birlik, g\u00fcvenlik, e\u011fitim ve refah i\u00e7in minnettar\u0131m&#8221; ifadelerini kulland\u0131.<\/p>\n<p>Uzun y\u0131llar federal savc\u0131l\u0131k yapan Rosenstein\u2019in, ABD Adalet Bakan\u0131 William Barr\u2019\u0131n g\u00f6reve ba\u015flamas\u0131 ile g\u00f6revi b\u0131rakaca\u011f\u0131 belirtiliyordu ancak Barr\u2019\u0131n kendisine Rusya soru\u015fturmas\u0131 tamamlanana kadar g\u00f6revde kalmas\u0131n\u0131 istemi\u015fti.<\/p>\n","protected":false},"excerpt":{"rendered":"<p>ABD ADALET BAKAN YARDIMCISI ROD ROSENSTE\u0130N \u0130ST\u0130FA ETT\u0130.<\/p>\n","protected":false},"author":1,"featured_media":150572,"comment_status":"closed","ping_status":"open","sticky":false,"template":"","format":"standard","meta":{"jetpack_post_was_ever_published":false,"_jetpack_newsletter_access":"","_jetpack_dont_email_post_to_subs":false,"_jetpack_newsletter_tier_id":0,"_jetpack_memberships_contains_paywalled_content":false,"_jetpack_memberships_contains_paid_content":false,"footnotes":"","jetpack_publicize_message":"","jetpack_publicize_feature_enabled":true,"jetpack_social_post_already_shared":true,"jetpack_social_options":{"image_generator_settings":{"template":"highway","default_image_id":0,"font":"","enabled":false},"version":2}},"categories":[10],"tags":[171,1936,742,207,31,33952,199],"class_list":["post-150571","post","type-post","status-publish","format-standard","has-post-thumbnail","hentry","category-dunya","tag-adalet","tag-abd","tag-bakan","tag-etti","tag-istifa","tag-rosenstein","tag-yardimcisi"],"jetpack_publicize_connections":[],"jetpack_featured_media_url":"https:\/\/i0.wp.com\/www.tvturk.com\/wp-content\/uploads\/2019\/04\/abd-adalet-bakan-yardimcisi-rosenstein-istifa-etti_d478dab.jpg?fit=1000%2C666","jetpack_sharing_enabled":true,"jetpack_shortlink":"https:\/\/wp.me\/paKIfm-Daz","_links":{"self":[{"href":"http:\/\/www.tvturk.com\/index.php\/wp-json\/wp\/v2\/posts\/150571","targetHints":{"allow":["GET"]}}],"collection":[{"href":"http:\/\/www.tvturk.com\/index.php\/wp-json\/wp\/v2\/posts"}],"about":[{"href":"http:\/\/www.tvturk.com\/index.php\/wp-json\/wp\/v2\/types\/post"}],"author":[{"embeddable":true,"href":"http:\/\/www.tvturk.com\/index.php\/wp-json\/wp\/v2\/users\/1"}],"replies":[{"embeddable":true,"href":"http:\/\/www.tvturk.com\/index.php\/wp-json\/wp\/v2\/comments?post=150571"}],"version-history":[{"count":0,"href":"http:\/\/www.tvturk.com\/index.php\/wp-json\/wp\/v2\/posts\/150571\/revisions"}],"wp:featuredmedia":[{"embeddable":true,"href":"http:\/\/www.tvturk.com\/index.php\/wp-json\/wp\/v2\/media\/150572"}],"wp:attachment":[{"href":"http:\/\/www.tvturk.com\/index.php\/wp-json\/wp\/v2\/media?parent=150571"}],"wp:term":[{"taxonomy":"category","embeddable":true,"href":"http:\/\/www.tvturk.com\/index.php\/wp-json\/wp\/v2\/categories?post=150571"},{"taxonomy":"post_tag","embeddable":true,"href":"http:\/\/www.tvturk.com\/index.php\/wp-json\/wp\/v2\/tags?post=150571"}],"curies":[{"name":"wp","href":"https:\/\/api.w.org\/{rel}","templated":true}]}}