{"id":150583,"date":"2019-04-30T10:08:03","date_gmt":"2019-04-30T07:08:03","guid":{"rendered":"http:\/\/www.tvturk.com\/index.php\/halk-ekmege-zam-yok-ramazan-pidesi-1-tl\/"},"modified":"2019-04-30T10:08:03","modified_gmt":"2019-04-30T07:08:03","slug":"halk-ekmege-zam-yok-ramazan-pidesi-1-tl","status":"publish","type":"post","link":"http:\/\/www.tvturk.com\/index.php\/halk-ekmege-zam-yok-ramazan-pidesi-1-tl\/","title":{"rendered":"Halk ekme\u011fe zam yok, ramazan pidesi 1 TL"},"content":{"rendered":"<p>Ankara B\u00fcy\u00fck\u015fehir Belediyesi Halk Ekmek Fabrikas\u0131, halk ekme\u011fine zam yapmama karar\u0131 ald\u0131.<\/p>\n<p>Ankara B\u00fcy\u00fck\u015fehir Belediye Ba\u015fkan\u0131 Mansur Yava\u015f\u2019\u0131n halk ekme\u011fine zam yap\u0131lmamas\u0131 y\u00f6n\u00fcnde talimat\u0131 sonras\u0131 250 graml\u0131k halk ekmek, 70 kuru\u015ftan sat\u0131lmaya devam edecek. Halk ekmek ramazan pidesi ise bu y\u0131l 1 TL\u2019den sat\u0131\u015fa sunulacak. 250 graml\u0131k ramazan pidesi, Ramazan ay\u0131 boyunca Halk Ekmek Sat\u0131\u015f Ma\u011fazalar\u0131 ve b\u00fcfelerdeki yerini alacak.<\/p>\n<p>Ba\u015fkentlilerin ucuz ve sa\u011fl\u0131kl\u0131 ekmek t\u00fcketebilmesi i\u00e7in halk ekme\u011fine zam yap\u0131lmayaca\u011f\u0131n\u0131 s\u00f6yleyen Ba\u015fkan Yava\u015f, &#8220;Vatanda\u015flar\u0131m\u0131z\u0131n ekonomisine katk\u0131da bulanabilecek t\u00fcm imkanlar\u0131 kullanmaya kararl\u0131y\u0131z\u201d dedi.<\/p>\n<p>Hijyenik ve el de\u011fmeden \u00fcretilen, ba\u015fkentlilerin uzun y\u0131llard\u0131r sofralar\u0131n\u0131n vazge\u00e7ilmezi haline d\u00f6n\u00fc\u015fen halk ekme\u011fine zam yap\u0131lmazken, mevcut tarife ge\u00e7erli olacak.<\/p>\n<p>Kapasite art\u0131r\u0131lacak<\/p>\n<p>Halk Ekmek Fabrikas\u0131, piyasada ekmek fiyatlar\u0131na yap\u0131lan art\u0131\u015ftan sonra kapasite art\u0131rma karar\u0131 da ald\u0131. Zamlardan \u00f6nce g\u00fcnl\u00fck 750 bin adet ekmek ve ekmek \u00e7e\u015fidi \u00fcreten Halk Ekmek Fabrikas\u0131, talebin artmas\u0131 \u00fczerine kapasitesini 815 bine \u00e7\u0131kard\u0131. Ba\u015fkentlilerin yo\u011fun talepte bulundu\u011fu halk ekmek ve \u00e7e\u015fitlerine y\u00f6nelik kapasite art\u0131r\u0131m\u0131n\u0131n k\u0131sa bir s\u00fcre i\u00e7inde 910 bine \u00e7\u0131kar\u0131lmas\u0131 planlan\u0131yor.<\/p>\n","protected":false},"excerpt":{"rendered":"<p>ANKARA B\u00dcY\u00dcK\u015eEH\u0130R BELED\u0130YES\u0130 HALK EKMEK FABR\u0130KASI, HALK EKME\u011eE ZAM YAPMAMA KARARI ALDI.<\/p>\n","protected":false},"author":1,"featured_media":150584,"comment_status":"closed","ping_status":"open","sticky":false,"template":"","format":"standard","meta":{"jetpack_post_was_ever_published":false,"_jetpack_newsletter_access":"","_jetpack_dont_email_post_to_subs":false,"_jetpack_newsletter_tier_id":0,"_jetpack_memberships_contains_paywalled_content":false,"_jetpack_memberships_contains_paid_content":false,"footnotes":"","jetpack_publicize_message":"","jetpack_publicize_feature_enabled":true,"jetpack_social_post_already_shared":true,"jetpack_social_options":{"image_generator_settings":{"template":"highway","default_image_id":0,"font":"","enabled":false},"version":2}},"categories":[1],"tags":[25816,1933,33034,28330,5535,664,4652],"class_list":["post-150583","post","type-post","status-publish","format-standard","has-post-thumbnail","hentry","category-genel","tag-ekmege","tag-halk","tag-pidesi","tag-ramazan","tag-tl","tag-yok","tag-zam"],"jetpack_publicize_connections":[],"jetpack_featured_media_url":"https:\/\/i0.wp.com\/www.tvturk.com\/wp-content\/uploads\/2019\/04\/halk-ekmege-zam-yok-ramazan-pidesi-1-tl_f66ddb7.jpg?fit=1000%2C665","jetpack_sharing_enabled":true,"jetpack_shortlink":"https:\/\/wp.me\/paKIfm-DaL","_links":{"self":[{"href":"http:\/\/www.tvturk.com\/index.php\/wp-json\/wp\/v2\/posts\/150583","targetHints":{"allow":["GET"]}}],"collection":[{"href":"http:\/\/www.tvturk.com\/index.php\/wp-json\/wp\/v2\/posts"}],"about":[{"href":"http:\/\/www.tvturk.com\/index.php\/wp-json\/wp\/v2\/types\/post"}],"author":[{"embeddable":true,"href":"http:\/\/www.tvturk.com\/index.php\/wp-json\/wp\/v2\/users\/1"}],"replies":[{"embeddable":true,"href":"http:\/\/www.tvturk.com\/index.php\/wp-json\/wp\/v2\/comments?post=150583"}],"version-history":[{"count":0,"href":"http:\/\/www.tvturk.com\/index.php\/wp-json\/wp\/v2\/posts\/150583\/revisions"}],"wp:featuredmedia":[{"embeddable":true,"href":"http:\/\/www.tvturk.com\/index.php\/wp-json\/wp\/v2\/media\/150584"}],"wp:attachment":[{"href":"http:\/\/www.tvturk.com\/index.php\/wp-json\/wp\/v2\/media?parent=150583"}],"wp:term":[{"taxonomy":"category","embeddable":true,"href":"http:\/\/www.tvturk.com\/index.php\/wp-json\/wp\/v2\/categories?post=150583"},{"taxonomy":"post_tag","embeddable":true,"href":"http:\/\/www.tvturk.com\/index.php\/wp-json\/wp\/v2\/tags?post=150583"}],"curies":[{"name":"wp","href":"https:\/\/api.w.org\/{rel}","templated":true}]}}