{"id":150655,"date":"2019-04-30T11:27:03","date_gmt":"2019-04-30T08:27:03","guid":{"rendered":"http:\/\/www.tvturk.com\/index.php\/siemens-turkiye-opera-yarismasinin-iletisimiyle-altin-pusulada-iki-odul-birden-kazandi\/"},"modified":"2019-04-30T11:27:03","modified_gmt":"2019-04-30T08:27:03","slug":"siemens-turkiye-opera-yarismasinin-iletisimiyle-altin-pusulada-iki-odul-birden-kazandi","status":"publish","type":"post","link":"http:\/\/www.tvturk.com\/index.php\/siemens-turkiye-opera-yarismasinin-iletisimiyle-altin-pusulada-iki-odul-birden-kazandi\/","title":{"rendered":"Siemens T\u00fcrkiye, \u2018Opera Yar\u0131\u015fmas\u0131\u2019n\u0131n ileti\u015fimiyle Alt\u0131n Pusula\u2019da iki \u00f6d\u00fcl birden kazand\u0131"},"content":{"rendered":"<p>Siemens T\u00fcrkiye, \u2018Opera Yar\u0131\u015fmas\u0131\u2019 projesinin ileti\u015fim \u00e7al\u0131\u015fmalar\u0131yla Alt\u0131n Pusula T\u00fcrkiye Halkla \u0130li\u015fkiler \u00d6d\u00fclleri\u2019nde Kurumsal Sorumluluk-K\u00fclt\u00fcr&amp;Sanat ile Dijital \u0130leti\u015fim-Topluluk \u0130leti\u015fimi kategorilerinde Alt\u0131n Pusula \u00f6d\u00fcllerine lay\u0131k g\u00f6r\u00fcld\u00fc.<\/p>\n<p>T\u00fcrkiye Halkla \u0130li\u015fkiler Derne\u011fi (T\u00dcH\u0130D) taraf\u0131ndan bu y\u0131l 18\u2019incisi d\u00fczenlenen Alt\u0131n Pusula T\u00fcrkiye Halkla \u0130li\u015fkiler \u00d6d\u00fclleri\u2019nde en ba\u015far\u0131l\u0131 ileti\u015fim projeleri a\u00e7\u0131kland\u0131. Siemens T\u00fcrkiye, ge\u00e7en y\u0131l 20\u2019ncisini d\u00fczenledi\u011fi \u2018Siemens Opera Yar\u0131\u015fmas\u0131\u2019n\u0131n ileti\u015fim \u00e7al\u0131\u015fmalar\u0131yla iki dalda birden \u00f6d\u00fcle de\u011fer g\u00f6r\u00fcld\u00fc. K\u00fclt\u00fcr, sanat ve e\u011fitime s\u00fcrd\u00fcr\u00fclebilir katk\u0131 sa\u011flamay\u0131 ama\u00e7layan Siemens T\u00fcrkiye, Kurumsal Sorumluluk-K\u00fclt\u00fcr&amp;Sanat ve Dijital \u0130leti\u015fim-Topluluk \u0130leti\u015fimi kategorilerinde Alt\u0131n Pusula \u00f6d\u00fcllerinin sahibi oldu.<\/p>\n<p>T\u00fcrkiye\u2019yi d\u00fcnya opera sahnelerinde temsil ediyorlar<\/p>\n<p>T\u00fcrkiye\u2019nin tek ulusal opera yar\u0131\u015fmas\u0131 konumunda oldu\u011fu belirtilen Siemens Opera Yar\u0131\u015fmas\u0131, gen\u00e7 opera sanat\u00e7\u0131lar\u0131n\u0131 d\u00fcnya sahneleriyle tan\u0131\u015ft\u0131rmak amac\u0131yla d\u00fczenleniyor. Kazananlar yurt d\u0131\u015f\u0131nda e\u011fitimle \u00f6d\u00fcllendirilerek T\u00fcrkiye\u2019yi d\u00fcnya sahnelerinde temsil etme imkan\u0131na sahip oluyor. Ge\u00e7en y\u0131l 20\u2019ncisi d\u00fczenlenen Siemens Opera Yar\u0131\u015fmas\u0131\u2019n\u0131n finali May\u0131s 2018\u2019de \u0130stanbul\u2019da yap\u0131ld\u0131. Toplam 26 ki\u015finin kat\u0131ld\u0131\u011f\u0131 yar\u0131\u015fmada gen\u00e7 sanat\u00e7\u0131 Bar\u0131\u015f Yavuz j\u00fcri taraf\u0131ndan birinci se\u00e7ilirken, Beren Kader Fidan ikinci ve Berk Dalk\u0131l\u0131\u00e7 ise \u00fc\u00e7\u00fcnc\u00fc oldu. Yar\u0131\u015fman\u0131n 21\u2019incisi bu sene Haziran ay\u0131nda d\u00fczenlenecek.<\/p>\n","protected":false},"excerpt":{"rendered":"<p>S\u0130EMENS T\u00dcRK\u0130YE, \u2018OPERA YARI\u015eMASI\u2019 PROJES\u0130N\u0130N \u0130LET\u0130\u015e\u0130M \u00c7ALI\u015eMALARIYLA ALTIN PUSULA T\u00dcRK\u0130YE HALKLA \u0130L\u0130\u015eK\u0130LER \u00d6D\u00dcLLER\u0130\u2019NDE KURUMSAL SORUMLULUK-K\u00dcLT\u00dcR&amp;SANAT \u0130LE D\u0130J\u0130TAL \u0130LET\u0130\u015e\u0130M-TOPLULUK \u0130LET\u0130\u015e\u0130M\u0130 KATEGOR\u0130LER\u0130NDE ALTIN PUSULA \u00d6D\u00dcLLER\u0130NE LAYIK G\u00d6R\u00dcLD\u00dc.<\/p>\n","protected":false},"author":1,"featured_media":150656,"comment_status":"closed","ping_status":"open","sticky":false,"template":"","format":"standard","meta":{"jetpack_post_was_ever_published":false,"_jetpack_newsletter_access":"","_jetpack_dont_email_post_to_subs":false,"_jetpack_newsletter_tier_id":0,"_jetpack_memberships_contains_paywalled_content":false,"_jetpack_memberships_contains_paid_content":false,"footnotes":"","jetpack_publicize_message":"","jetpack_publicize_feature_enabled":true,"jetpack_social_post_already_shared":true,"jetpack_social_options":{"image_generator_settings":{"template":"highway","default_image_id":0,"font":"","enabled":false},"version":2}},"categories":[19],"tags":[596,2141,1220,33988,3801,4204,23302,33989,13973,453,6682],"class_list":["post-150655","post","type-post","status-publish","format-standard","has-post-thumbnail","hentry","category-ekonomi","tag-altin","tag-birden","tag-iki","tag-iletisimiyle","tag-kazandi","tag-odul","tag-opera","tag-pusulada","tag-siemens","tag-turkiye","tag-yarismasinin"],"jetpack_publicize_connections":[],"jetpack_featured_media_url":"https:\/\/i0.wp.com\/www.tvturk.com\/wp-content\/uploads\/2019\/04\/siemens-turkiye-opera-yarismasinin-iletisimiyle-altin-pusulada-iki-odul-birden-kazandi_692c3bf.jpg?fit=1000%2C671","jetpack_sharing_enabled":true,"jetpack_shortlink":"https:\/\/wp.me\/paKIfm-DbV","_links":{"self":[{"href":"http:\/\/www.tvturk.com\/index.php\/wp-json\/wp\/v2\/posts\/150655","targetHints":{"allow":["GET"]}}],"collection":[{"href":"http:\/\/www.tvturk.com\/index.php\/wp-json\/wp\/v2\/posts"}],"about":[{"href":"http:\/\/www.tvturk.com\/index.php\/wp-json\/wp\/v2\/types\/post"}],"author":[{"embeddable":true,"href":"http:\/\/www.tvturk.com\/index.php\/wp-json\/wp\/v2\/users\/1"}],"replies":[{"embeddable":true,"href":"http:\/\/www.tvturk.com\/index.php\/wp-json\/wp\/v2\/comments?post=150655"}],"version-history":[{"count":0,"href":"http:\/\/www.tvturk.com\/index.php\/wp-json\/wp\/v2\/posts\/150655\/revisions"}],"wp:featuredmedia":[{"embeddable":true,"href":"http:\/\/www.tvturk.com\/index.php\/wp-json\/wp\/v2\/media\/150656"}],"wp:attachment":[{"href":"http:\/\/www.tvturk.com\/index.php\/wp-json\/wp\/v2\/media?parent=150655"}],"wp:term":[{"taxonomy":"category","embeddable":true,"href":"http:\/\/www.tvturk.com\/index.php\/wp-json\/wp\/v2\/categories?post=150655"},{"taxonomy":"post_tag","embeddable":true,"href":"http:\/\/www.tvturk.com\/index.php\/wp-json\/wp\/v2\/tags?post=150655"}],"curies":[{"name":"wp","href":"https:\/\/api.w.org\/{rel}","templated":true}]}}