{"id":150699,"date":"2019-04-30T12:21:21","date_gmt":"2019-04-30T09:21:21","guid":{"rendered":"http:\/\/www.tvturk.com\/index.php\/ticaret-bakani-pekcan-ticaret-musavirleriyle-anitkabiri-ziyaret-etti\/"},"modified":"2019-04-30T12:21:21","modified_gmt":"2019-04-30T09:21:21","slug":"ticaret-bakani-pekcan-ticaret-musavirleriyle-anitkabiri-ziyaret-etti","status":"publish","type":"post","link":"http:\/\/www.tvturk.com\/index.php\/ticaret-bakani-pekcan-ticaret-musavirleriyle-anitkabiri-ziyaret-etti\/","title":{"rendered":"Ticaret Bakan\u0131 Pekcan, Ticaret M\u00fc\u015favirleri\u2019yle An\u0131tkabir\u2019i ziyaret etti"},"content":{"rendered":"<p>Ticaret Bakan\u0131 Ruhsar Pekcan, Ticaret M\u00fc\u015favirleri\u2019yle birlikte An\u0131tkabir ziyaretinde bulundu.<\/p>\n<p>Ticaret Bakan\u0131 Ruhsar Pekcan, 131 farkl\u0131 merkezden gelen 166 Ticaret M\u00fc\u015faviri ve Ate\u015fesi\u2019yle birlikte An\u0131ktabir ziyaretini ger\u00e7ekle\u015ftirdi. Aslanl\u0131 Yol\u2019dan y\u00fcr\u00fcyerek Atat\u00fcrk\u2019\u00fcn mozolesine gelen heyet, Ticaret Bakan\u0131 Pekcan\u2019\u0131n mozoleye \u00e7elenk b\u0131rakmas\u0131n\u0131n ard\u0131ndan, sayg\u0131 duru\u015funda bulundu. Daha sonra Misak-\u0131 Milli Kulesi\u2019ne ge\u00e7en Pekcan, An\u0131tkabir \u00f6zel defterine \u015funlar\u0131 yazd\u0131:<\/p>\n<p>&#8220;\u0130stiklal me\u015falemizi yakan b\u00fcy\u00fck Atat\u00fcrk, Ticaret Bakanl\u0131\u011f\u0131 ailesinin, 131 farkl\u0131 merkezden gelmi\u015f, 166 Ticaret M\u00fc\u015faviri ve ate\u015fesi ile huzurunuzda bulunman\u0131n b\u00fcy\u00fck \u015ferefini ya\u015f\u0131yoruz. Kurucusu oldu\u011funuz modern T\u00fcrkiye Cumhuriyeti\u2019nde \u00fcretimin ve ihracat\u0131n artmas\u0131, i\u015f d\u00fcnyam\u0131z\u0131n her sekt\u00f6rde ve her sahada \u00f6nde almas\u0131 i\u00e7in var g\u00fcc\u00fcm\u00fczle \u00e7al\u0131\u015f\u0131yoruz. B\u00fct\u00fcn \u00f6mr\u00fcn\u00fcz\u00fc hizmetine vakfetti\u011finiz T\u00fcrk milletinin 21. y\u00fczy\u0131lda ve cumhuriyetimizin 100. y\u0131l\u0131nda daha m\u00fckellef olmas\u0131 i\u00e7in gayret g\u00f6steriyoruz. Att\u0131\u011f\u0131m\u0131z her ad\u0131mda yolumuzu ayd\u0131nlatan ve uzak ufuklar\u0131 g\u00f6r\u00fcn\u00fcr yapan sizin fikirleriniz ve bize i\u015faret etti\u011finiz muas\u0131r medeniyetler \u00fclk\u00fcs\u00fcd\u00fcr. Hakikatle yatt\u0131\u011f\u0131n\u0131z yer olan kalbimizdeki t\u00fcm a\u015fk ve heyecanla ideallerinizi ger\u00e7ekle\u015ftirmek u\u011fruna hi\u00e7 durmadan \u00e7al\u0131\u015faca\u011f\u0131m\u0131za inan\u0131n\u0131z ve rahat uyuyunuz. Sayg\u0131, sevgi ve \u015f\u00fckranla. Ruhun \u015fad olsun!&#8221;<\/p>\n","protected":false},"excerpt":{"rendered":"<p>T\u0130CARET BAKANI RUHSAR PEKCAN, 131 FARKLI MERKEZDEN GELEN 166 T\u0130CARET M\u00dc\u015eAV\u0130R\u0130 VE ATE\u015eES\u0130&#8217;YLE B\u0130RL\u0130KTE ANIKTAB\u0130R Z\u0130YARET\u0130N\u0130 GER\u00c7EKLE\u015eT\u0130RD\u0130.<\/p>\n","protected":false},"author":1,"featured_media":150700,"comment_status":"closed","ping_status":"open","sticky":false,"template":"","format":"standard","meta":{"jetpack_post_was_ever_published":false,"_jetpack_newsletter_access":"","_jetpack_dont_email_post_to_subs":false,"_jetpack_newsletter_tier_id":0,"_jetpack_memberships_contains_paywalled_content":false,"_jetpack_memberships_contains_paid_content":false,"footnotes":"","jetpack_publicize_message":"","jetpack_publicize_feature_enabled":true,"jetpack_social_post_already_shared":true,"jetpack_social_options":{"image_generator_settings":{"template":"highway","default_image_id":0,"font":"","enabled":false},"version":2}},"categories":[1],"tags":[30086,933,207,34010,3537,373,150],"class_list":["post-150699","post","type-post","status-publish","format-standard","has-post-thumbnail","hentry","category-genel","tag-anitkabiri","tag-bakani","tag-etti","tag-musavirleriyle","tag-pekcan","tag-ticaret","tag-ziyaret"],"jetpack_publicize_connections":[],"jetpack_featured_media_url":"https:\/\/i0.wp.com\/www.tvturk.com\/wp-content\/uploads\/2019\/04\/ticaret-bakani-pekcan-ticaret-musavirleriyle-anitkabiri-ziyaret-etti_1d7f5a6.jpg?fit=1000%2C666","jetpack_sharing_enabled":true,"jetpack_shortlink":"https:\/\/wp.me\/paKIfm-DcD","_links":{"self":[{"href":"http:\/\/www.tvturk.com\/index.php\/wp-json\/wp\/v2\/posts\/150699","targetHints":{"allow":["GET"]}}],"collection":[{"href":"http:\/\/www.tvturk.com\/index.php\/wp-json\/wp\/v2\/posts"}],"about":[{"href":"http:\/\/www.tvturk.com\/index.php\/wp-json\/wp\/v2\/types\/post"}],"author":[{"embeddable":true,"href":"http:\/\/www.tvturk.com\/index.php\/wp-json\/wp\/v2\/users\/1"}],"replies":[{"embeddable":true,"href":"http:\/\/www.tvturk.com\/index.php\/wp-json\/wp\/v2\/comments?post=150699"}],"version-history":[{"count":0,"href":"http:\/\/www.tvturk.com\/index.php\/wp-json\/wp\/v2\/posts\/150699\/revisions"}],"wp:featuredmedia":[{"embeddable":true,"href":"http:\/\/www.tvturk.com\/index.php\/wp-json\/wp\/v2\/media\/150700"}],"wp:attachment":[{"href":"http:\/\/www.tvturk.com\/index.php\/wp-json\/wp\/v2\/media?parent=150699"}],"wp:term":[{"taxonomy":"category","embeddable":true,"href":"http:\/\/www.tvturk.com\/index.php\/wp-json\/wp\/v2\/categories?post=150699"},{"taxonomy":"post_tag","embeddable":true,"href":"http:\/\/www.tvturk.com\/index.php\/wp-json\/wp\/v2\/tags?post=150699"}],"curies":[{"name":"wp","href":"https:\/\/api.w.org\/{rel}","templated":true}]}}