{"id":150753,"date":"2019-04-30T13:00:00","date_gmt":"2019-04-30T10:00:00","guid":{"rendered":"http:\/\/www.tvturk.com\/index.php\/yasam-akademisinin-mayis-programi-belli-oldu\/"},"modified":"2019-04-30T13:00:00","modified_gmt":"2019-04-30T10:00:00","slug":"yasam-akademisinin-mayis-programi-belli-oldu","status":"publish","type":"post","link":"http:\/\/www.tvturk.com\/index.php\/yasam-akademisinin-mayis-programi-belli-oldu\/","title":{"rendered":"Ya\u015fam Akademisi\u2019nin May\u0131s program\u0131 belli oldu"},"content":{"rendered":"<p>Ya\u015fam Akademisi Akbat\u0131\u2019da May\u0131s ay\u0131 program\u0131 belli oldu.<\/p>\n<p>Ya\u015fam Akademisi Akbat\u0131\u2019da May\u0131s ay\u0131nda da iki uzman\u0131 konu edecek. Ek Bi\u00e7 Ye \u0130\u00e7 organizasyonuyla kentte do\u011fal g\u0131da yeti\u015ftirmek \u00fczerine s\u00f6yle\u015filer d\u00fczenleyen Burcu Ar\u0131kan, 2 May\u0131s Per\u015fembe g\u00fcn\u00fc yerel, organik ve damak tad\u0131na uygun g\u0131dalar\u0131 yeti\u015ftirmenin en pratik t\u00fcyolar\u0131n\u0131 anlataca\u011f\u0131 \u2018Kompost At\u00f6lyesi\u2019ni ger\u00e7ekle\u015ftirecek. Akademisyen ve e\u011fitmen Do\u00e7. Dr. Ufuk \u00c7akmak\u00e7\u0131 ise 16 May\u0131s Per\u015fembe g\u00fcn\u00fc \u2018Ya\u015fama Sanat\u0131\u2019 ba\u015fl\u0131kl\u0131 s\u00f6yle\u015fisinde bireylerin mutluluk aray\u0131\u015f\u0131n\u0131 ve \u00e7\u00f6z\u00fcm \u00f6nerilerini anlatacak.<\/p>\n<p>Do\u011fal beslenmeyi l\u00fcks olmaktan \u00e7\u0131kararak kentte yerel, organik ve damak tad\u0131na uygun besinlerin \u00fcretilmesi y\u00f6n\u00fcnde faaliyet g\u00f6steren Ek Bi\u00e7 Ye \u0130\u00e7 isimli ekibin \u00fcyesi Burcu Ar\u0131kan, Kompost At\u00f6lyesi ile yenebilir bir tak\u0131m at\u0131klar\u0131n, a\u011fa\u00e7, dal, yaprak par\u00e7alar\u0131n\u0131n \u00e7\u00fcr\u00fct\u00fclmesi, \u00f6\u011f\u00fct\u00fclmesi sonucu elde edilen do\u011fal g\u00fcbre yap\u0131m\u0131n\u0131 anlatacak. Bu g\u00fcbreyle sebze, meyve ya da \u00e7i\u00e7ek yeti\u015ftirirken kulland\u0131\u011f\u0131n\u0131z toprak zenginle\u015fiyor, topra\u011f\u0131n iyi hava alabilmesi, i\u015flenebilmesi kolayla\u015f\u0131yor. Ya\u015fam Akademisi kapsam\u0131ndaki s\u00f6yle\u015fi, 2 May\u0131s Per\u015fembe g\u00fcn\u00fc ger\u00e7ekle\u015fecek.<\/p>\n<p>Tar\u0131m veya \u00e7i\u00e7ek yeti\u015ftirme i\u00e7in kullan\u0131lacak olan topra\u011f\u0131n yap\u0131s\u0131n\u0131 zenginle\u015ftirmek ve d\u00fczenlemek i\u00e7in kullan\u0131lan kompostu \u00fcretmenin p\u00fcf noktalar\u0131n\u0131 anlatacak olan Ar\u0131kan, ayn\u0131 zamanda at\u0131klar\u0131n da geri d\u00f6n\u00fc\u015ft\u00fcr\u00fclmesini, \u2018\u00e7\u00f6p\u2019 olmamas\u0131n\u0131 aktaracak.<\/p>\n<p>Konsantrasyon ve fark\u0131ndal\u0131k \u00fczerine Uzakdo\u011fu temelli \u00e7al\u0131\u015fmalar yapan Do\u00e7. Dr. Ufuk \u00c7akmak\u00e7\u0131 ise 16 May\u0131s Per\u015fembe g\u00fcn\u00fc, Ya\u015fam Akademisi\u2019nin konu\u011fu olacak. \u00c7akmak\u00e7\u0131, verece\u011fi \u2018Ya\u015fama Sanat\u0131\u2019 ba\u015fl\u0131kl\u0131 s\u00f6yle\u015fisinde zor zamanlarda g\u00fc\u00e7l\u00fc kalmak i\u00e7in gerekli anlay\u0131\u015f ve teknikleri payla\u015facak. S\u00f6yle\u015fisinde mutluluk, ya\u015famsal enerjinin art\u0131r\u0131lmas\u0131, stres ve gerilimin etkilerinden ar\u0131nma y\u00f6ntemlerine de\u011finecek olan \u00c7akmak\u00e7\u0131, hayat\u0131n zorluklar\u0131na kar\u015f\u0131 dayan\u0131kl\u0131 olmak hakk\u0131nda t\u00fcm sorular\u0131 yan\u0131tlayacak.<\/p>\n<p>Burcu Ar\u0131kan kimdir?<\/p>\n<p>2 y\u0131ld\u0131r \u015fehirde; sa\u011fl\u0131kl\u0131, katk\u0131s\u0131z, do\u011fal g\u0131dan\u0131n nas\u0131l daha eri\u015filebilir olabilece\u011fi ve \u00fcretilebilece\u011fi \u00fczerine \u00e7al\u0131\u015fmakta, bu ama\u00e7la \u00e7e\u015fitli projeleri hayata ge\u00e7irmektedir. Permak\u00fclt\u00fcr\u2019e Giri\u015f e\u011fitimleri veren Ar\u0131kan 2018 y\u0131l\u0131nda Ek Bi\u00e7 Ye i\u00e7 ekibine dahil olarak, kentte iyi g\u0131da \u00fcretimi i\u00e7in emek vermeye devam etmektedir.<\/p>\n<p>Ufuk \u00c7akmak\u00e7\u0131 kimdir?<\/p>\n<p>Do\u00e7. Dr. Ufuk \u00c7akmak\u00e7\u0131, konsantrasyon ve fark\u0131ndal\u0131k \u00fczerine Uzakdo\u011fu temelli \u00e7al\u0131\u015fmalar yap\u0131yor. \u015eirketlere liderlik, strateji, \u00fcreticilik ve yenilik\u00e7ilik gibi alanlarda fark\u0131ndal\u0131k e\u011fitimleri veren ve bu \u015firketlerin liderlerine ko\u00e7luk yapan \u00c7akmak\u00e7\u0131, ya\u015famsal enerjinin art\u0131r\u0131lmas\u0131 ve stresin etkilerinden kurtulma y\u00f6ntemlerini payla\u015f\u0131yor.<\/p>\n","protected":false},"excerpt":{"rendered":"<p>YA\u015eAM AKADEM\u0130S\u0130 AKBATI\u2019DA MAYIS AYI PROGRAMI BELL\u0130 OLDU.<\/p>\n","protected":false},"author":1,"featured_media":150754,"comment_status":"closed","ping_status":"open","sticky":false,"template":"","format":"standard","meta":{"jetpack_post_was_ever_published":false,"_jetpack_newsletter_access":"","_jetpack_dont_email_post_to_subs":false,"_jetpack_newsletter_tier_id":0,"_jetpack_memberships_contains_paywalled_content":false,"_jetpack_memberships_contains_paid_content":false,"footnotes":"","jetpack_publicize_message":"","jetpack_publicize_feature_enabled":true,"jetpack_social_post_already_shared":true,"jetpack_social_options":{"image_generator_settings":{"template":"highway","default_image_id":0,"font":"","enabled":false},"version":2}},"categories":[656],"tags":[8899,612,2125,77,1999,294],"class_list":["post-150753","post","type-post","status-publish","format-standard","has-post-thumbnail","hentry","category-kultur-sanat","tag-akademisinin","tag-belli","tag-mayis","tag-oldu","tag-programi","tag-yasam"],"jetpack_publicize_connections":[],"jetpack_featured_media_url":"https:\/\/i0.wp.com\/www.tvturk.com\/wp-content\/uploads\/2019\/04\/yasam-akademisinin-mayis-programi-belli-oldu_9f2a697.jpg?fit=700%2C700","jetpack_sharing_enabled":true,"jetpack_shortlink":"https:\/\/wp.me\/paKIfm-Ddv","_links":{"self":[{"href":"http:\/\/www.tvturk.com\/index.php\/wp-json\/wp\/v2\/posts\/150753","targetHints":{"allow":["GET"]}}],"collection":[{"href":"http:\/\/www.tvturk.com\/index.php\/wp-json\/wp\/v2\/posts"}],"about":[{"href":"http:\/\/www.tvturk.com\/index.php\/wp-json\/wp\/v2\/types\/post"}],"author":[{"embeddable":true,"href":"http:\/\/www.tvturk.com\/index.php\/wp-json\/wp\/v2\/users\/1"}],"replies":[{"embeddable":true,"href":"http:\/\/www.tvturk.com\/index.php\/wp-json\/wp\/v2\/comments?post=150753"}],"version-history":[{"count":0,"href":"http:\/\/www.tvturk.com\/index.php\/wp-json\/wp\/v2\/posts\/150753\/revisions"}],"wp:featuredmedia":[{"embeddable":true,"href":"http:\/\/www.tvturk.com\/index.php\/wp-json\/wp\/v2\/media\/150754"}],"wp:attachment":[{"href":"http:\/\/www.tvturk.com\/index.php\/wp-json\/wp\/v2\/media?parent=150753"}],"wp:term":[{"taxonomy":"category","embeddable":true,"href":"http:\/\/www.tvturk.com\/index.php\/wp-json\/wp\/v2\/categories?post=150753"},{"taxonomy":"post_tag","embeddable":true,"href":"http:\/\/www.tvturk.com\/index.php\/wp-json\/wp\/v2\/tags?post=150753"}],"curies":[{"name":"wp","href":"https:\/\/api.w.org\/{rel}","templated":true}]}}