{"id":150771,"date":"2019-04-30T13:10:28","date_gmt":"2019-04-30T10:10:28","guid":{"rendered":"http:\/\/www.tvturk.com\/index.php\/nejat-carkaci-yeni-single-albumunun-gelirlerini-egitime-katki-icin-bagisliyor\/"},"modified":"2019-04-30T13:10:28","modified_gmt":"2019-04-30T10:10:28","slug":"nejat-carkaci-yeni-single-albumunun-gelirlerini-egitime-katki-icin-bagisliyor","status":"publish","type":"post","link":"http:\/\/www.tvturk.com\/index.php\/nejat-carkaci-yeni-single-albumunun-gelirlerini-egitime-katki-icin-bagisliyor\/","title":{"rendered":"Nejat \u00c7arkac\u0131 yeni single alb\u00fcm\u00fcn\u00fcn gelirlerini e\u011fitime katk\u0131 i\u00e7in ba\u011f\u0131\u015fl\u0131yor"},"content":{"rendered":"<p>Yorumculu\u011fun yan\u0131 s\u0131ra s\u00f6z yazar\u0131 ve besteci kimli\u011fiyle de son y\u0131llarda \u00f6ne \u00e7\u0131kan Nejat \u00c7arkac\u0131, yeni single alb\u00fcm\u00fc \u2019Az\u0131 Karar\u2019 ile t\u00fcm dijital platformlarda yerini ald\u0131. Sanat\u00e7\u0131, yeni alb\u00fcmden elde edece\u011fi gelirin tamam\u0131n\u0131 T\u00fcrkiye de e\u011fitime katk\u0131 sunan vak\u0131f ve derneklere ba\u011f\u0131\u015flayacak.<\/p>\n<p>90\u2019l\u0131 y\u0131llarda seslendirdi\u011fi \u015fark\u0131larla tan\u0131nan Nejat \u00c7arkac\u0131 uzun bir aran\u0131n ard\u0131ndan  2016 y\u0131l\u0131nda yay\u0131mlad\u0131\u011f\u0131 \u2019Sevda Yorgunu\u2019 isimli maxi single, 2017 y\u0131l\u0131nda \u00e7\u0131kan \u2019Vars\u0131n Ayr\u0131l\u0131k Olsun\u2019 ve \u2019Akasya Kokulu Yarim 2017\u2019 adl\u0131 single alb\u00fcmlerle be\u011feni toplam\u0131\u015ft\u0131. Son olarak 2018\u2019in \u015eubat ay\u0131nda DMC etiketi ile yay\u0131mlanan \u2019Sen Beni Bo\u015f Ver\u2019 isimli \u00e7al\u0131\u015fmas\u0131n\u0131n ard\u0131ndan, yine s\u00f6z ve m\u00fczi\u011fi kendisine ait olan yeni single alb\u00fcm \u2019Az\u0131 Karar\u2019 ile yeniden m\u00fczikseverlerle bulu\u015fuyor.<\/p>\n<p>Yaz\u0131n ruhuna uygun hareketli ve g\u00fc\u00e7l\u00fc alt yap\u0131s\u0131yla \u2019Az\u0131 Karar\u2019, a\u015fk\u0131n hallerini ele\u015ftiren, sorgulayan, biraz da kinayesiyle yeniden yorumlayan s\u00f6zlere sahip. \u2019A\u015fk m\u0131 bana, yoksa ben mi sana fazlay\u0131m\u2019 ikilemi i\u00e7inde kalan bir a\u015fk madurunun hikayesini anlatan \u015fark\u0131n\u0131n d\u00fczenlemelerini yeni neslin yetenekli aranj\u00f6rlerinden Serkan Balkan yapt\u0131. Bir\u00e7ok st\u00fcdyo ve m\u00fczisyenin katk\u0131 sa\u011flad\u0131\u011f\u0131 \u00e7al\u0131\u015fman\u0131n vokal ko\u00e7lu\u011funu ve kay\u0131tlar\u0131n\u0131 Volkan Y\u0131rt\u0131c\u0131, mix ve mastering \u00e7al\u0131\u015fmalar\u0131n\u0131 ise Emre K\u0131ral \u00fcstlendi. \u015eak\u0131n\u0131n video klibiyse sanat\u00e7\u0131n\u0131n daha \u00f6nceki projelerinde birlikte \u00e7al\u0131\u015ft\u0131\u011f\u0131 ba\u015far\u0131l\u0131 klip y\u00f6netmeni Burak Sesli taraf\u0131ndan \u00e7ekildi.<\/p>\n<p>Dijital platformlardan elde edilen gelirinin t\u00fcm\u00fc e\u011fitme<\/p>\n<p>Bir\u00e7ok dijital platformda dinleyicilerin be\u011fenisine sunulan \u015fark\u0131n\u0131n gelirlerinin tamam\u0131n\u0131 T\u00fcrkiye de e\u011fitime katk\u0131 sunan vak\u0131f ve derneklere ba\u011f\u0131\u015flayaca\u011f\u0131n\u0131 a\u00e7\u0131klayan sanat\u00e7\u0131, yeni alb\u00fcm\u00fcyle ilgili hislerini ise \u015f\u00f6yle aktard\u0131: &#8220;Her \u015feyin bir \u00f6l\u00e7\u00fcs\u00fc olmal\u0131 hayatta. \u0130\u00e7inde ya\u015fad\u0131\u011f\u0131m\u0131z \u015fu b\u00fcy\u00fck rengarenk evrende, havada u\u00e7u\u015fan her duygu taneci\u011finin ruhumuza dokundu\u011fu an\u0131n bir anlam\u0131 olmal\u0131. O anlam ki i\u00e7inde ba\u015fka nice anlamlar\u0131 besleyen bir ya\u015fam p\u0131nar\u0131n\u0131n yol g\u00f6stereni olmal\u0131. A\u015fk, mutluluk ve huzura giden o yolda her \u015fey can\u0131 g\u00f6n\u00fclden ve yetebildi\u011fince olmal\u0131. Hoyrat\u00e7a sevmektense, duygular\u0131n da bir mant\u0131\u011f\u0131 olmamal\u0131 m\u0131? Evet olmal\u0131 Her zaman siyah ya da beyaz de\u011fil, bazen griler de olmal\u0131. Sizce de her \u015feyin az\u0131 karar \u00e7o\u011fu zarar de\u011fil mi?&#8221;<\/p>\n","protected":false},"excerpt":{"rendered":"<p>YORUMCULU\u011eUN YANI SIRA S\u00d6Z YAZARI VE BESTEC\u0130 K\u0130ML\u0130\u011e\u0130YLE DE SON YILLARDA \u00d6NE \u00c7IKAN NEJAT \u00c7ARKACI, YEN\u0130 S\u0130NGLE ALB\u00dcM\u00dc &#8216;AZI KARAR&#8217; \u0130LE T\u00dcM D\u0130J\u0130TAL PLATFORMLARDA YER\u0130N\u0130 ALDI. SANAT\u00c7I, YEN\u0130 ALB\u00dcMDEN ELDE EDECE\u011e\u0130 GEL\u0130R\u0130N TAMAMINI T\u00dcRK\u0130YE DE E\u011e\u0130T\u0130ME KATKI SUNAN VAKIF VE DERNEKLERE BA\u011eI\u015eLAYACAK.<\/p>\n","protected":false},"author":1,"featured_media":150772,"comment_status":"closed","ping_status":"open","sticky":false,"template":"","format":"standard","meta":{"jetpack_post_was_ever_published":false,"_jetpack_newsletter_access":"","_jetpack_dont_email_post_to_subs":false,"_jetpack_newsletter_tier_id":0,"_jetpack_memberships_contains_paywalled_content":false,"_jetpack_memberships_contains_paid_content":false,"footnotes":"","jetpack_publicize_message":"","jetpack_publicize_feature_enabled":true,"jetpack_social_post_already_shared":true,"jetpack_social_options":{"image_generator_settings":{"template":"highway","default_image_id":0,"font":"","enabled":false},"version":2}},"categories":[1],"tags":[34040,31556,34039,2916,13195,44,7053,34038,33660,87],"class_list":["post-150771","post","type-post","status-publish","format-standard","has-post-thumbnail","hentry","category-genel","tag-albumunun","tag-bagisliyor","tag-carkaci","tag-egitime","tag-gelirlerini","tag-icin","tag-katki","tag-nejat","tag-single","tag-yeni"],"jetpack_publicize_connections":[],"jetpack_featured_media_url":"https:\/\/i0.wp.com\/www.tvturk.com\/wp-content\/uploads\/2019\/04\/nejat-carkaci-yeni-single-albumunun-gelirlerini-egitime-katki-icin-bagisliyor_8fe6ef3.jpg?fit=1000%2C547","jetpack_sharing_enabled":true,"jetpack_shortlink":"https:\/\/wp.me\/paKIfm-DdN","_links":{"self":[{"href":"http:\/\/www.tvturk.com\/index.php\/wp-json\/wp\/v2\/posts\/150771","targetHints":{"allow":["GET"]}}],"collection":[{"href":"http:\/\/www.tvturk.com\/index.php\/wp-json\/wp\/v2\/posts"}],"about":[{"href":"http:\/\/www.tvturk.com\/index.php\/wp-json\/wp\/v2\/types\/post"}],"author":[{"embeddable":true,"href":"http:\/\/www.tvturk.com\/index.php\/wp-json\/wp\/v2\/users\/1"}],"replies":[{"embeddable":true,"href":"http:\/\/www.tvturk.com\/index.php\/wp-json\/wp\/v2\/comments?post=150771"}],"version-history":[{"count":0,"href":"http:\/\/www.tvturk.com\/index.php\/wp-json\/wp\/v2\/posts\/150771\/revisions"}],"wp:featuredmedia":[{"embeddable":true,"href":"http:\/\/www.tvturk.com\/index.php\/wp-json\/wp\/v2\/media\/150772"}],"wp:attachment":[{"href":"http:\/\/www.tvturk.com\/index.php\/wp-json\/wp\/v2\/media?parent=150771"}],"wp:term":[{"taxonomy":"category","embeddable":true,"href":"http:\/\/www.tvturk.com\/index.php\/wp-json\/wp\/v2\/categories?post=150771"},{"taxonomy":"post_tag","embeddable":true,"href":"http:\/\/www.tvturk.com\/index.php\/wp-json\/wp\/v2\/tags?post=150771"}],"curies":[{"name":"wp","href":"https:\/\/api.w.org\/{rel}","templated":true}]}}