{"id":150791,"date":"2019-04-30T13:37:12","date_gmt":"2019-04-30T10:37:12","guid":{"rendered":"http:\/\/www.tvturk.com\/index.php\/diyanet-isleri-baskani-erbas-zekatin-diger-ibadetlerden-ayirt-edilmemesi-gerekiyor\/"},"modified":"2019-04-30T13:37:12","modified_gmt":"2019-04-30T10:37:12","slug":"diyanet-isleri-baskani-erbas-zekatin-diger-ibadetlerden-ayirt-edilmemesi-gerekiyor","status":"publish","type":"post","link":"http:\/\/www.tvturk.com\/index.php\/diyanet-isleri-baskani-erbas-zekatin-diger-ibadetlerden-ayirt-edilmemesi-gerekiyor\/","title":{"rendered":"Diyanet \u0130\u015fleri Ba\u015fkan\u0131 Erba\u015f: \u201cZekat\u0131n, di\u011fer ibadetlerden ay\u0131rt edilmemesi gerekiyor\u201d"},"content":{"rendered":"<p>Bu y\u0131l Ordu\u2019da d\u00fczenlenen \u0130l M\u00fcft\u00fcleri \u0130sti\u015fare Toplant\u0131s\u0131\u2019na kat\u0131lan Diyanet \u0130\u015fleri Ba\u015fkan\u0131 Ali Erba\u015f, zekat\u0131n \u00f6neminden bahsederek, bu y\u0131l Ramazan ay\u0131nda se\u00e7ilen konunun zekat \u00fczerine oldu\u011funu s\u00f6yledi. Erba\u015f, Fethullah\u00e7\u0131 Ter\u00f6r \u00d6rg\u00fct\u00fc\u2019n\u00fcn, ge\u00e7mi\u015fte toplad\u0131\u011f\u0131 zekatlar\u0131 devlete ve millete ihanet i\u00e7in kulland\u0131\u011f\u0131n\u0131 s\u00f6yledi.<\/p>\n<p>Diyanet \u0130\u015fleri Ba\u015fkan\u0131 Ali Erba\u015f, bu y\u0131l Ordu\u2019nun Fatsa il\u00e7esinde d\u00fczenlenen 36. \u0130l M\u00fcft\u00fcleri \u0130sti\u015fare Toplant\u0131s\u0131\u2019na kat\u0131ld\u0131. Bir otelde d\u00fczenlenen toplant\u0131da konu\u015fan Erba\u015f, konu\u015fmas\u0131nda ilk olarak Ramazan ay\u0131n\u0131n \u00f6neminden bahsederek ba\u015flad\u0131. 3 g\u00fcn s\u00fcrecek olan isti\u015fare toplant\u0131s\u0131n\u0131n da faydal\u0131 ve verimli bir toplant\u0131 olaca\u011f\u0131n\u0131 belirten Erba\u015f, bu y\u0131l Ramazan ay\u0131nda se\u00e7ilen konunun ve konudan t\u00fcretilen slogan\u0131n, \u2018Karde\u015fini unutma, beklenen sensin, karde\u015fli\u011fimiz zekat ile bereketlensin\u2019 \u015feklinde oldu\u011funu, di\u011fer ibadetlerde oldu\u011fu gibi bundan sonra zekat ibadetine daha da yo\u011funla\u015facaklar\u0131n\u0131 s\u00f6yledi.<\/p>\n<p>Zekat\u0131n, di\u011fer ibadetlerden ay\u0131rt edilmemesi gerekti\u011fine dikkat \u00e7eken Erba\u015f, &#8220;O y\u00fczden daha metotlu projelerimizi ortaya koyarak milletimizin zekat\u0131n\u0131 emin ellerde yani T\u00fcrkiye Diyanet Vakf\u0131nda ve Diyanet \u0130\u015fleri Ba\u015fkanl\u0131\u011f\u0131nda toplay\u0131p, ger\u00e7ek sahiplerine nas\u0131l ula\u015ft\u0131rabiliriz? bunun gayreti i\u00e7erisindeyiz\u201d dedi.<\/p>\n<p>\u201cFET\u00d6 toplad\u0131\u011f\u0131 zekatlar\u0131, vatan\u0131na ihanet i\u00e7in kullanm\u0131\u015ft\u0131r\u201d<\/p>\n<p>\u201cYak\u0131n ge\u00e7mi\u015fte a\u00e7\u0131k\u00e7a g\u00f6rd\u00fc\u011f\u00fcm\u00fcz gibi, bizim ihmal etti\u011fimiz her alan istismara maruz kalm\u0131\u015ft\u0131r\u201d diyen Erba\u015f, &#8220;Bunun en somut \u00f6rne\u011fini FET\u00d6\u2019de g\u00f6rd\u00fck. \u00d6nce milletimizin zekat, sadaka ve ba\u011f\u0131\u015flar\u0131na ihanet etmi\u015f, hi\u00e7bir dini ahlaki, hukuki ilke tan\u0131madan kendisine yap\u0131lan ba\u011f\u0131\u015flar\u0131 uluslar aras\u0131 kirli merkezlere r\u00fc\u015fvet vermek dahil vatan\u0131na, milletine, devletine ihanet i\u00e7in kullanm\u0131\u015ft\u0131r, biz bo\u015fluk b\u0131rakt\u0131\u011f\u0131m\u0131z i\u00e7in. Dolay\u0131s\u0131 ile b\u00fct\u00fcn mali ibadetler konusunda da b\u00fcy\u00fck bir \u00f6zveri, dikkat, samimiyet ve titizlik i\u00e7erisinde vatanda\u015flar\u0131m\u0131za rehberlik etmeye mecburuz. Onun i\u00e7in bir seferberlik ba\u015flatt\u0131k, zekat seferberli\u011fi. Camilerimizin y\u00f6netimini bir ba\u015fkas\u0131na b\u0131rakm\u0131yorsak, hac ve umrede nas\u0131l \u00f6nderlik yap\u0131yorsak, zek\u00e2tta da in\u015fallah bunu ger\u00e7ekle\u015ftirece\u011fiz\u201d ifadelerine yer vererek, zekat\u0131n \u00f6neminden bahsetti.<\/p>\n<p>\u0130l M\u00fcft\u00fcleri \u0130sti\u015fare Toplant\u0131s\u0131\u2019nda \u0130mam-hatipler, din e\u011fitimi ve bu alanlarda i\u015fbirli\u011fi ve ortak \u00e7al\u0131\u015fma alanlar\u0131 ve imkan\u0131 gibi hususlar\u0131 m\u00fczakere etmek amac\u0131yla, Milli E\u011fitim Bakanl\u0131\u011f\u0131 Din \u00d6\u011fretimi Genel M\u00fcd\u00fcrl\u00fc\u011f\u00fc yetkilileri ile birlikte olduklar\u0131na da dikkat \u00e7eken Erba\u015f, din e\u011fitimi ve \u00f6\u011fretimi ba\u011flam\u0131nda Diyanet \u0130\u015fleri Ba\u015fkanl\u0131\u011f\u0131 olarak, kendilerini s\u00fcrekli geli\u015ftirip, yenilemeleri gerekti\u011fini aktard\u0131.<\/p>\n<p>Yaz Kur\u2019an kurslar\u0131n\u0131n \u00f6nemine de de\u011finen Diyanet \u0130\u015fleri Ba\u015fkan\u0131 Erba\u015f, her y\u0131l yakla\u015f\u0131k 1 milyon ki\u015finin yaz kurslar\u0131na kay\u0131t yapt\u0131rd\u0131\u011f\u0131n\u0131 belirterek, \u201c4-6 ya\u015f Kur\u2019an kurslar\u0131m\u0131z milletimizin \u00e7ok b\u00fcy\u00fck bir tevecc\u00fch\u00fcne mazhar olmaktad\u0131r. Bu alanda m\u00fcft\u00fclerimizin b\u00fcy\u00fck bir \u00f6zveri ile \u00e7al\u0131\u015ft\u0131klar\u0131n\u0131 g\u00f6rmek bizleri memnun etmektedir. Hedefimiz bu kurslar\u0131m\u0131z\u0131 her a\u00e7\u0131dan en ileri d\u00fczeye ve milletimizin b\u00fct\u00fcn taleplerini kar\u015f\u0131layacak hale getirmektir. Kur\u2019an kurslar\u0131m\u0131z toplumla din e\u011fitimi d\u00fczleminde bulu\u015ftu\u011fumuz en \u00f6nemli m\u00fcesseselerdir. \u015eu ana kadar her y\u0131l \u00e7o\u011funlu\u011fu han\u0131mlardan olu\u015fan ortalama bir milyon vatanda\u015f\u0131m\u0131z Kur\u2019an kurslar\u0131m\u0131za kay\u0131t yapt\u0131rmaktad\u0131r. Bu b\u00fcy\u00fck bir nimeti ve imk\u00e2n\u0131 hakk\u0131yla de\u011ferlendirip de\u011ferlendiremedi\u011fimizi muhasebe etmek durumunday\u0131z. Haf\u0131zl\u0131k kurslar\u0131m\u0131z\u0131 hem metot hem de e\u011fitim s\u00fcre\u00e7leri a\u00e7\u0131s\u0131ndan en ideal d\u00fczeye ta\u015f\u0131mak zorunday\u0131z\u201d \u015feklinde konu\u015ftu.<\/p>\n<p>Diyanet \u0130\u015fleri Ba\u015fkan\u0131 Erba\u015f, yakla\u015fan Ramazan ay\u0131n\u0131 da tebrik ederek, isti\u015fare toplant\u0131s\u0131n\u0131n hay\u0131rl\u0131 olmas\u0131 temennisinde bulundu.<\/p>\n<p>36. \u0130l M\u00fcft\u00fcleri \u0130sti\u015fare Toplant\u0131s\u0131\u201dna, Diyanet \u0130\u015fleri Ba\u015fkan\u0131 Ali Erba\u015f ve E\u015fi Seher Erba\u015f, Ordu Valisi Seddar Yavuz, Din \u0130\u015fleri Y\u00fcksek Kurulu Ba\u015fkan\u0131 Dr. Ekrem Kele\u015f, Diyanet \u0130\u015fleri Ba\u015fkan Yard\u0131mc\u0131s\u0131 Prof. Dr. Ramazan Muslu, Milli E\u011fitim Bakanl\u0131\u011f\u0131 Din \u00d6\u011fretimi Genel M\u00fcd\u00fcr\u00fc Nazif Y\u0131lmaz, Ordu B\u00fcy\u00fck\u015fehir Belediye Ba\u015fkan Vekili Celal Tezcan, Vali Yard\u0131mc\u0131s\u0131 Ahmet Ar\u0131k, Fatsa Kaymakam\u0131 Mehmet Yap\u0131c\u0131, Fatsa Belediye Ba\u015fkan\u0131 \u0130brahim Etem Kibar, AK Parti \u0130l Ba\u015fkan\u0131 Halit Tomakin, baz\u0131 ilahiyat fak\u00fcltelerinin dekanlar\u0131, Diyanet \u0130\u015fleri Ba\u015fkanl\u0131\u011f\u0131 ve Milli E\u011fitim Bakanl\u0131\u011f\u0131 b\u00fcrokratlar\u0131 ile 81 \u0130l M\u00fcft\u00fcs\u00fc ile kad\u0131n vaizler kat\u0131ld\u0131.<\/p>\n","protected":false},"excerpt":{"rendered":"<p>D\u0130YANET \u0130\u015eLER\u0130 BA\u015eKANI AL\u0130 ERBA\u015e, ZEKATIN \u00d6NEM\u0130NDEN BAHSEDEREK, BU YIL RAMAZAN AYINDA SE\u00c7\u0130LEN KONUNUN ZEKAT \u00dcZER\u0130NE OLDU\u011eUNU S\u00d6YLED\u0130.<\/p>\n","protected":false},"author":1,"featured_media":150792,"comment_status":"closed","ping_status":"open","sticky":false,"template":"","format":"standard","meta":{"jetpack_post_was_ever_published":false,"_jetpack_newsletter_access":"","_jetpack_dont_email_post_to_subs":false,"_jetpack_newsletter_tier_id":0,"_jetpack_memberships_contains_paywalled_content":false,"_jetpack_memberships_contains_paid_content":false,"footnotes":"","jetpack_publicize_message":"","jetpack_publicize_feature_enabled":true,"jetpack_social_post_already_shared":true,"jetpack_social_options":{"image_generator_settings":{"template":"highway","default_image_id":0,"font":"","enabled":false},"version":2}},"categories":[1],"tags":[34046,28320,216,13540,3150,34048,10687,4459,34047,3151],"class_list":["post-150791","post","type-post","status-publish","format-standard","has-post-thumbnail","hentry","category-genel","tag-zekatin","tag-ayirt","tag-baskani","tag-diger","tag-diyanet","tag-edilmemesi","tag-erbas","tag-gerekiyor","tag-ibadetlerden","tag-isleri"],"jetpack_publicize_connections":[],"jetpack_featured_media_url":"https:\/\/i0.wp.com\/www.tvturk.com\/wp-content\/uploads\/2019\/04\/diyanet-isleri-baskani-erbas-zekatin-diger-ibadetlerden-ayirt-edilmemesi-gerekiyor_b9cb830.jpg?fit=1000%2C662","jetpack_sharing_enabled":true,"jetpack_shortlink":"https:\/\/wp.me\/paKIfm-De7","_links":{"self":[{"href":"http:\/\/www.tvturk.com\/index.php\/wp-json\/wp\/v2\/posts\/150791","targetHints":{"allow":["GET"]}}],"collection":[{"href":"http:\/\/www.tvturk.com\/index.php\/wp-json\/wp\/v2\/posts"}],"about":[{"href":"http:\/\/www.tvturk.com\/index.php\/wp-json\/wp\/v2\/types\/post"}],"author":[{"embeddable":true,"href":"http:\/\/www.tvturk.com\/index.php\/wp-json\/wp\/v2\/users\/1"}],"replies":[{"embeddable":true,"href":"http:\/\/www.tvturk.com\/index.php\/wp-json\/wp\/v2\/comments?post=150791"}],"version-history":[{"count":0,"href":"http:\/\/www.tvturk.com\/index.php\/wp-json\/wp\/v2\/posts\/150791\/revisions"}],"wp:featuredmedia":[{"embeddable":true,"href":"http:\/\/www.tvturk.com\/index.php\/wp-json\/wp\/v2\/media\/150792"}],"wp:attachment":[{"href":"http:\/\/www.tvturk.com\/index.php\/wp-json\/wp\/v2\/media?parent=150791"}],"wp:term":[{"taxonomy":"category","embeddable":true,"href":"http:\/\/www.tvturk.com\/index.php\/wp-json\/wp\/v2\/categories?post=150791"},{"taxonomy":"post_tag","embeddable":true,"href":"http:\/\/www.tvturk.com\/index.php\/wp-json\/wp\/v2\/tags?post=150791"}],"curies":[{"name":"wp","href":"https:\/\/api.w.org\/{rel}","templated":true}]}}