{"id":150823,"date":"2019-04-30T14:18:10","date_gmt":"2019-04-30T11:18:10","guid":{"rendered":"http:\/\/www.tvturk.com\/index.php\/gocmenler-diyarbakirda-yasama-tutunmaya-calisiyor\/"},"modified":"2019-04-30T14:18:10","modified_gmt":"2019-04-30T11:18:10","slug":"gocmenler-diyarbakirda-yasama-tutunmaya-calisiyor","status":"publish","type":"post","link":"http:\/\/www.tvturk.com\/index.php\/gocmenler-diyarbakirda-yasama-tutunmaya-calisiyor\/","title":{"rendered":"G\u00f6\u00e7menler Diyarbak\u0131r\u2019da ya\u015fama tutunmaya \u00e7al\u0131\u015f\u0131yor"},"content":{"rendered":"<p>Yasa d\u0131\u015f\u0131 yollardan T\u00fcrkiye\u2019ye gelen Afgan, \u00d6zbek ve T\u00fcrkmenlerin de bulundu\u011fu 200\u2019den fazla g\u00f6\u00e7men, geldikleri Diyarbak\u0131r\u2019da otogar ve yan\u0131ndaki cami in\u015faat\u0131nda kalarak ya\u015fama tutunuyor.<\/p>\n<p>\u00dclkelerindeki yoksulluk ve i\u00e7 sava\u015f nedeniyle yasa d\u0131\u015f\u0131 yollarla \u0130ran\u2019a, oradan da T\u00fcrkiye\u2019ye ge\u00e7en Afgan, \u00d6zbek ve T\u00fcrkmenlerden olu\u015fan yakla\u015f\u0131k 200 ki\u015filik g\u00f6\u00e7men grubu \u0130stanbul\u2019a oradan da Avrupa\u2019ya ge\u00e7me haliyle Diyarbak\u0131r\u2019da b\u0131rak\u0131ld\u0131. Ellerindeki paralar\u0131 bitti\u011fi i\u00e7in bat\u0131 illerine gidemeyen g\u00f6\u00e7men grubu, otogar ve yak\u0131n\u0131ndaki cami in\u015faat\u0131nda kal\u0131yor. \u00c7evredeki esnaf, aileler ve T\u00fcrk K\u0131z\u0131lay Diyarbak\u0131r \u015eubesi taraf\u0131ndan yiyecek, elbise ve ila\u00e7 ihtiya\u00e7lar\u0131 kar\u015f\u0131lanan g\u00f6\u00e7men grubu, zor \u015fartlar alt\u0131nda hayatta kalmaya \u00e7al\u0131\u015f\u0131yor.<\/p>\n<p>\u00d6zbekistanl\u0131 Murat Murattenha, Afganistan\u2019dan \u0130ran\u2019a kadar gelip oradan da Van\u2019a ve \u00e7e\u015fitli yollardan Diyarbak\u0131r\u2019a geldiklerini ifade etti. Murattenha, &#8220;Biz ka\u00e7ak yollardan geldik, \u00e7ok s\u0131k\u0131nt\u0131 ya\u015fad\u0131k. Yiyecek bir \u015fey yok, i\u00e7ecek bir \u015fey yok, elbise yok. \u00c7ok zor durumda geldik. S\u0131n\u0131rdan ge\u00e7ti\u011fimiz zaman \u00f6l\u00fcler g\u00f6rd\u00fck. 10-15 ki\u015fi her s\u0131n\u0131rda \u00f6lm\u00fc\u015ft\u00fc. \u00c7ok zor durumda geldik buralara kadar. Biz 200 kadar var\u0131z. Gelirken arabada kaza ge\u00e7irdi 6 ki\u015fi \u00f6ld\u00fc. \u00c7ocuklarda vard\u0131 Aileleri vard\u0131 anneleri \u00f6ld\u00fc orada 2 \u00e7ocuk yetim kald\u0131. Bizleri \u0130stanbul\u2019a kadar g\u00f6t\u00fcreceklerdi. \u0130stanbul\u2019dan sonra arkada\u015flar\u0131 kendileri Avrupa\u2019ya gideceklerdi, \u0130stanbul\u2019da \u00e7al\u0131\u015facak olanlar vard\u0131. Afganistan\u2019\u0131n durumu \u00e7ok k\u00f6t\u00fcyd\u00fc, sava\u015f vard\u0131 o y\u00fczden buraya geldik. Biz istiyoruz ki bizi direkt g\u00f6t\u00fcrs\u00fcnler \u0130stanbul\u2019a kadar otob\u00fcsle g\u00f6t\u00fcrs\u00fcnler ba\u015fka bir \u015fey istemiyoruz. Biz yemek versinler yard\u0131m etsinler&#8221; dedi.<\/p>\n<p>&#8220;Kimlikleri olmad\u0131\u011f\u0131 i\u00e7in hi\u00e7bir yere gidemiyorlar&#8221;<\/p>\n<p>\u00c7evre sakinlerinden Mustafa Yal\u00e7\u0131n, g\u00f6\u00e7menleri ge\u00e7en cuma gecesi gelip gruplar halinde k\u00fcmelendiklerini s\u00f6yledi. Yal\u00e7\u0131n, &#8220;Vatanda\u015flardan toplad\u0131\u011f\u0131m\u0131z yard\u0131m ile yemek getirdik, yemek verdik. Sonra K\u0131z\u0131lay\u2019\u0131n bilgisi vard\u0131, K\u0131z\u0131lay art\u0131k olaya el koydu. K\u0131z\u0131lay\u2019da kendi imkanlar\u0131nda yemek vermeye \u00e7al\u0131\u015ft\u0131. Bizim tan\u0131d\u0131\u011f\u0131m\u0131z arkada\u015flara da bilgi verdik sa\u011f olsunlar elbise yard\u0131m\u0131, ayakkab\u0131 yard\u0131m\u0131, battaniye yard\u0131m\u0131 ve son g\u00fcnlerde Diyarbak\u0131r geceleri \u00e7ok so\u011fuk oluyordu sa\u011fl\u0131k sorunlar\u0131 ya\u015fanmaya ba\u015fland\u0131. Onlara k\u0131smi olarak ila\u00e7 da\u011f\u0131tmaya ba\u015flad\u0131k. Kimlikleri olmad\u0131\u011f\u0131 i\u00e7in hi\u00e7bir \u015fekilde hi\u00e7bir yere gidemiyorlar. Ka\u00e7ak\u00e7\u0131lar onlar\u0131 \u0130ran s\u0131n\u0131r\u0131ndan ge\u00e7irip Van\u2019a b\u0131rakm\u0131\u015flar. Van\u2019dan 5-6 g\u00fcn boyunca y\u00fcr\u00fcyerek ve kamyonlara binerek bu \u015fekilde buraya ula\u015fm\u0131\u015flar. Otob\u00fcs firmalar\u0131ndan bilet istemi\u015fler kimlikleri olmad\u0131\u011f\u0131 i\u00e7in pasaport ve g\u00f6\u00e7men belgeleri olmad\u0131\u011f\u0131 i\u00e7in bu \u015fekilde burada kalm\u0131\u015flar. \u0130l G\u00f6\u00e7 \u0130daresi ile g\u00f6r\u00fc\u015ft\u00fck yava\u015f yava\u015f onlar\u0131 ald\u0131racaklar\u0131n\u0131 s\u00f6ylediler. Onlar da, \u2018E\u011fer kolluk kuvvetler bize teslim ederlerse bar\u0131nma, giyinme b\u00fct\u00fcn ihtiya\u00e7lar\u0131n\u0131 kar\u015f\u0131lar sa\u011fl\u0131k taramalar\u0131n\u0131 yapar\u0131z\u2019 dediler\u201d diye konu\u015ftu.<\/p>\n","protected":false},"excerpt":{"rendered":"<p>YASA DI\u015eI YOLLARDAN T\u00dcRK\u0130YE&#8217;YE GELEN AFGAN, \u00d6ZBEK VE T\u00dcRKMENLER\u0130N DE BULUNDU\u011eU 200\u2019DEN FAZLA G\u00d6\u00c7MEN, GELD\u0130KLER\u0130 D\u0130YARBAKIR&#8217;DA OTOGAR VE YANINDAK\u0130 CAM\u0130 \u0130N\u015eAATINDA KALARAK YA\u015eAMA TUTUNUYOR.<\/p>\n","protected":false},"author":1,"featured_media":150824,"comment_status":"closed","ping_status":"open","sticky":false,"template":"","format":"standard","meta":{"jetpack_post_was_ever_published":false,"_jetpack_newsletter_access":"","_jetpack_dont_email_post_to_subs":false,"_jetpack_newsletter_tier_id":0,"_jetpack_memberships_contains_paywalled_content":false,"_jetpack_memberships_contains_paid_content":false,"footnotes":"","jetpack_publicize_message":"","jetpack_publicize_feature_enabled":true,"jetpack_social_post_already_shared":true,"jetpack_social_options":{"image_generator_settings":{"template":"highway","default_image_id":0,"font":"","enabled":false},"version":2}},"categories":[1],"tags":[3736,1422,62,26358,19435],"class_list":["post-150823","post","type-post","status-publish","format-standard","has-post-thumbnail","hentry","category-genel","tag-gocmenler","tag-calisiyor","tag-diyarbakirda","tag-tutunmaya","tag-yasama"],"jetpack_publicize_connections":[],"jetpack_featured_media_url":"https:\/\/i0.wp.com\/www.tvturk.com\/wp-content\/uploads\/2019\/04\/gocmenler-diyarbakirda-yasama-tutunmaya-calisiyor_3ea317a.jpg?fit=1000%2C562","jetpack_sharing_enabled":true,"jetpack_shortlink":"https:\/\/wp.me\/paKIfm-DeD","_links":{"self":[{"href":"http:\/\/www.tvturk.com\/index.php\/wp-json\/wp\/v2\/posts\/150823","targetHints":{"allow":["GET"]}}],"collection":[{"href":"http:\/\/www.tvturk.com\/index.php\/wp-json\/wp\/v2\/posts"}],"about":[{"href":"http:\/\/www.tvturk.com\/index.php\/wp-json\/wp\/v2\/types\/post"}],"author":[{"embeddable":true,"href":"http:\/\/www.tvturk.com\/index.php\/wp-json\/wp\/v2\/users\/1"}],"replies":[{"embeddable":true,"href":"http:\/\/www.tvturk.com\/index.php\/wp-json\/wp\/v2\/comments?post=150823"}],"version-history":[{"count":0,"href":"http:\/\/www.tvturk.com\/index.php\/wp-json\/wp\/v2\/posts\/150823\/revisions"}],"wp:featuredmedia":[{"embeddable":true,"href":"http:\/\/www.tvturk.com\/index.php\/wp-json\/wp\/v2\/media\/150824"}],"wp:attachment":[{"href":"http:\/\/www.tvturk.com\/index.php\/wp-json\/wp\/v2\/media?parent=150823"}],"wp:term":[{"taxonomy":"category","embeddable":true,"href":"http:\/\/www.tvturk.com\/index.php\/wp-json\/wp\/v2\/categories?post=150823"},{"taxonomy":"post_tag","embeddable":true,"href":"http:\/\/www.tvturk.com\/index.php\/wp-json\/wp\/v2\/tags?post=150823"}],"curies":[{"name":"wp","href":"https:\/\/api.w.org\/{rel}","templated":true}]}}