{"id":150931,"date":"2019-04-30T16:31:29","date_gmt":"2019-04-30T13:31:29","guid":{"rendered":"http:\/\/www.tvturk.com\/index.php\/lojistik-koy-5-bin-400-kisiye-istihdam-saglayacak\/"},"modified":"2019-04-30T16:31:29","modified_gmt":"2019-04-30T13:31:29","slug":"lojistik-koy-5-bin-400-kisiye-istihdam-saglayacak","status":"publish","type":"post","link":"http:\/\/www.tvturk.com\/index.php\/lojistik-koy-5-bin-400-kisiye-istihdam-saglayacak\/","title":{"rendered":"Lojistik K\u00f6y 5 bin 400 ki\u015fiye istihdam sa\u011flayacak"},"content":{"rendered":"<p>Diyarbak\u0131r\u2019da Lojistik K\u00f6y bilgilendirme toplant\u0131s\u0131 Vali G\u00fczelo\u011flu\u2019nun ba\u015fkanl\u0131\u011f\u0131nda ger\u00e7ekle\u015fti. 229 hektarl\u0131k alana kurulacak olan Lojistik K\u00f6y\u2019\u00fcn ilk etapta 5 bin 400 ki\u015fiye istihdam sa\u011flanmas\u0131 bekleniyor.<\/p>\n<p>Diyarbak\u0131r\u2019da bir otelin toplant\u0131 salonunda ger\u00e7ekle\u015fen Lojistik K\u00f6y bilgilendirme toplant\u0131s\u0131na Diyarbak\u0131r Valisi Hasan Basri G\u00fczelo\u011flu, Diyarbak\u0131r Ticaret ve Sanayi Odas\u0131 Ba\u015fkan\u0131 Mehmet Kaya, lojistik firmalar\u0131n\u0131n y\u00f6neticileri ve temsilcileri kat\u0131ld\u0131.<\/p>\n<p>Toplant\u0131 a\u00e7\u0131l\u0131\u015f konu\u015fmas\u0131 yapan Diyarbak\u0131r Valisi Hasan Basri G\u00fczelo\u011flu, Lojistik K\u00f6y bilgilendirme toplant\u0131s\u0131nda birlikte olmaktan mutluluk oldu\u011funu dile getirerek toplant\u0131n\u0131n hem Diyarbak\u0131r hem sekt\u00f6r hem de \u00fclke i\u00e7in olumlu, anlaml\u0131 ve kazan\u00e7l\u0131 sonu\u00e7lar getirmesini diledi\u011fini s\u00f6yledi. Vali G\u00fczelo\u011flu, \u201cDiyarbak\u0131r\u2019da yeni bir d\u00f6neme ekonomik ve sosyal kalk\u0131nma perspektifinde bug\u00fcnk\u00fc \u00f6zel g\u00fcndemimizde lojisti\u011fi konu\u015fuyoruz. Diyarbak\u0131r Lojistik K\u00f6y\u00fc yeni d\u00f6nemde Diyarbak\u0131r kent alt yap\u0131s\u0131nda belki sanayinin geli\u015fmesine \u00fcretim fakt\u00f6rlerinin ve alanlar\u0131n\u0131n bu anlamda belirlenmesine buna ba\u011fl\u0131 olarak Diyarbak\u0131r\u2019\u0131n kalk\u0131nma ve geli\u015fmesine de y\u00f6n verecek. Biz inan\u0131yoruz ve biliyoruz ki elimizde bu varl\u0131\u011f\u0131 ve zenginli\u011fi do\u011fru y\u00f6netti\u011fimiz takdirde sadece Diyarbak\u0131r ad\u0131na de\u011fil \u00fclkemiz ve b\u00f6lgemiz ad\u0131na da \u00e7ok \u00f6nemli bir kazan\u0131m elde edece\u011fiz. Lojisti\u011fin yeni d\u00f6nemde \u00fcretim, hem maliyetleri hem de pazar a\u00e7\u0131s\u0131ndan belirleyici etkisini biliyoruz. Lojistik kavram\u0131n\u0131n sadece Diyarbak\u0131r de\u011fil T\u00fcrkiye i\u00e7in de \u00e7ok \u00f6nemli bir \u00fcst\u00fcnl\u00fck oldu\u011funun da ay\u0131rd\u0131nday\u0131z. Asl\u0131nda sadece Diyarbak\u0131r de\u011fil, b\u00f6lgesel \u00f6l\u00e7ekte bir geli\u015fme, kalk\u0131nma ve kal\u0131c\u0131 k\u0131lma projesini konu\u015fuyoruz. Niyetimiz bu y\u0131l sonu itibariyle olay\u0131n \u00e7er\u00e7evesinin \u00e7izilmesi, yol haritas\u0131 ve \u00e7ok s\u00fcratle projenin ilk etaplar\u0131ndan ba\u015flayarak hayata ge\u00e7irilmesidir&#8221; dedi.<\/p>\n<p>Diyarbak\u0131r-Elaz\u0131\u011f karayolunun bat\u0131s\u0131nda bulunan G\u00f6zalan Mahallesi\u2019nde, yakla\u015f\u0131k 229 hektarl\u0131k alana kurulmas\u0131 planlanan Lojistik K\u00f6y, Diyarbak\u0131r\u2019\u0131n b\u00f6lgesel merkez rol\u00fcn\u00fc g\u00fc\u00e7lendirmek, Diyarbak\u0131r\u2019\u0131 yurt i\u00e7ine ve yurt d\u0131\u015f\u0131na y\u00f6nelik ticari operasyonlar\u0131n merkezi konumuna getirmek, lojistik altyap\u0131s\u0131n\u0131 g\u00fc\u00e7lendirerek hem b\u00f6lgeyi yat\u0131r\u0131mlar a\u00e7\u0131s\u0131ndan daha avantajl\u0131 bir konuma y\u00fckseltmek hem de b\u00f6lgedeki i\u015fletmelerin lojistik maliyetlerini d\u00fc\u015f\u00fcrerek rekabet g\u00fc\u00e7lerini artt\u0131rmak ama\u00e7lan\u0131yor. 2 bin 500 metrekare b\u00fcy\u00fckl\u00fc\u011f\u00fcnde 23 adet k\u00fc\u00e7\u00fck depo, 5 bin metrekare b\u00fcy\u00fckl\u00fc\u011f\u00fcnde 11 adet orta depo, 10 bin metre kare b\u00fcy\u00fckl\u00fc\u011f\u00fcnde 24 adet b\u00fcy\u00fck depo olmak \u00fczere toplam 58 adet deponun yer alaca\u011f\u0131 Lojistik K\u00f6y\u2019de ilk etapta yakla\u015f\u0131k 5 bin 400 ki\u015finin istihdam edilmesi bekleniyor.<\/p>\n","protected":false},"excerpt":{"rendered":"<p>D\u0130YARBAKIR\u2019DA LOJ\u0130ST\u0130K K\u00d6Y VE B\u0130LG\u0130LEND\u0130RME TOPLANTISI VAL\u0130 G\u00dcZELO\u011eLU\u2019NUN BA\u015eKANLI\u011eINDA GER\u00c7EKLE\u015eT\u0130. 229 HEKTAR B\u00dcY\u00dcKL\u00dc\u011e\u00dcNDE KURULACAK OLAN LOJ\u0130ST\u0130K K\u00d6Y \u0130LK ETAPTA 5 B\u0130N 400 K\u0130\u015e\u0130YE \u0130ST\u0130HDAM SA\u011eLANMASI BEKLEN\u0130YOR.<\/p>\n","protected":false},"author":1,"featured_media":150932,"comment_status":"closed","ping_status":"open","sticky":false,"template":"","format":"standard","meta":{"jetpack_post_was_ever_published":false,"_jetpack_newsletter_access":"","_jetpack_dont_email_post_to_subs":false,"_jetpack_newsletter_tier_id":0,"_jetpack_memberships_contains_paywalled_content":false,"_jetpack_memberships_contains_paid_content":false,"footnotes":"","jetpack_publicize_message":"","jetpack_publicize_feature_enabled":true,"jetpack_social_post_already_shared":true,"jetpack_social_options":{"image_generator_settings":{"template":"highway","default_image_id":0,"font":"","enabled":false},"version":2}},"categories":[1],"tags":[6270,213,2034,2667,1703,16013,6808],"class_list":["post-150931","post","type-post","status-publish","format-standard","has-post-thumbnail","hentry","category-genel","tag-6270","tag-bin","tag-istihdam","tag-kisiye","tag-koy","tag-lojistik","tag-saglayacak"],"jetpack_publicize_connections":[],"jetpack_featured_media_url":"https:\/\/i0.wp.com\/www.tvturk.com\/wp-content\/uploads\/2019\/04\/lojistik-koy-5-bin-400-kisiye-istihdam-saglayacak_17b0e0a.jpg?fit=1000%2C666","jetpack_sharing_enabled":true,"jetpack_shortlink":"https:\/\/wp.me\/paKIfm-Dgn","_links":{"self":[{"href":"http:\/\/www.tvturk.com\/index.php\/wp-json\/wp\/v2\/posts\/150931","targetHints":{"allow":["GET"]}}],"collection":[{"href":"http:\/\/www.tvturk.com\/index.php\/wp-json\/wp\/v2\/posts"}],"about":[{"href":"http:\/\/www.tvturk.com\/index.php\/wp-json\/wp\/v2\/types\/post"}],"author":[{"embeddable":true,"href":"http:\/\/www.tvturk.com\/index.php\/wp-json\/wp\/v2\/users\/1"}],"replies":[{"embeddable":true,"href":"http:\/\/www.tvturk.com\/index.php\/wp-json\/wp\/v2\/comments?post=150931"}],"version-history":[{"count":0,"href":"http:\/\/www.tvturk.com\/index.php\/wp-json\/wp\/v2\/posts\/150931\/revisions"}],"wp:featuredmedia":[{"embeddable":true,"href":"http:\/\/www.tvturk.com\/index.php\/wp-json\/wp\/v2\/media\/150932"}],"wp:attachment":[{"href":"http:\/\/www.tvturk.com\/index.php\/wp-json\/wp\/v2\/media?parent=150931"}],"wp:term":[{"taxonomy":"category","embeddable":true,"href":"http:\/\/www.tvturk.com\/index.php\/wp-json\/wp\/v2\/categories?post=150931"},{"taxonomy":"post_tag","embeddable":true,"href":"http:\/\/www.tvturk.com\/index.php\/wp-json\/wp\/v2\/tags?post=150931"}],"curies":[{"name":"wp","href":"https:\/\/api.w.org\/{rel}","templated":true}]}}