{"id":150969,"date":"2019-04-30T17:47:17","date_gmt":"2019-04-30T14:47:17","guid":{"rendered":"http:\/\/www.tvturk.com\/index.php\/milli-haberlesme-uydusu-turksat-6a-konferansi-yapildi\/"},"modified":"2019-04-30T17:47:17","modified_gmt":"2019-04-30T14:47:17","slug":"milli-haberlesme-uydusu-turksat-6a-konferansi-yapildi","status":"publish","type":"post","link":"http:\/\/www.tvturk.com\/index.php\/milli-haberlesme-uydusu-turksat-6a-konferansi-yapildi\/","title":{"rendered":"\u201cMilli Haberle\u015fme Uydusu T\u00fcrksat 6A\u201d konferans\u0131 yap\u0131ld\u0131"},"content":{"rendered":"<p>U\u015fak \u00dcniversitesi Tasar\u0131m ve Teknoloji Festivali (TTFEST 2019) kapsam\u0131nda d\u00fczenlenen \u201cMilli Haberle\u015fme Uydusu T\u00fcrksat 6A\u201d konferans\u0131 \u00fcniversite \u00f6\u011frencilerinin yo\u011fun kat\u0131l\u0131m\u0131yla ger\u00e7ekle\u015ftirildi.<\/p>\n<p>Recep Tayyip Erdo\u011fan Kongre ve K\u00fclt\u00fcr Merkezi\u2019nde ger\u00e7ekle\u015fen konferansa Rekt\u00f6r Yard\u0131mc\u0131lar\u0131 Prof. Dr. Metin G\u00fcm\u00fc\u015f, Prof. Dr. Adem Duru, Genel Sekreter Yard\u0131mc\u0131s\u0131 Hamza Y\u0131ld\u0131r\u0131m ile birlikte akademisyenler ve m\u00fchendislik fak\u00fcltesi \u00f6\u011frencileri kat\u0131ld\u0131.<\/p>\n<p>Do\u00e7. Dr. Yaser A\u00e7\u0131kba\u015f moderat\u00f6rl\u00fc\u011f\u00fcnde ger\u00e7ekle\u015fen konferansta T\u00fcrksat Teknik Uzman\u0131 Caner Alt\u0131kula\u00e7o\u011flu, T\u00dcB\u0130TAK Uzay Teknik Lideri \u0130brahim G\u00fcne\u015f, TAI Program Y\u00f6neticisi Deniz Ulu, ASELSAN Proje Y\u00f6neticisi Cem Bilsel ile CTechRf Tasar\u0131m ve Grup Lideri Arif Ekin Uzun, T\u00fcrksat 6A projesinde kurumlar\u0131n\u0131n \u00fcstlendikleri g\u00f6revlerle ile ilgili sunum yapt\u0131lar.<\/p>\n<p>Konu\u015fmac\u0131lar, T\u00fcrksat 6A projesinin milli teknoloji seferberli\u011fi i\u00e7in \u00f6nemine dikkat \u00e7ekerek, uydu ve uzay teknolojileriyle ilgili bundan sonra yap\u0131lacak milli \u00e7al\u0131\u015fmalar\u0131n lokomotifi olaca\u011f\u0131n\u0131 da dile getirdi.<\/p>\n<p>T\u00fcrksat 6A projesinde uydunun Is\u0131l Yap\u0131sal Yeterlilik, Elektriksel ve Elektronik Uydu, M\u00fchendislik ve U\u00e7u\u015f modellerinin yap\u0131ld\u0131\u011f\u0131n\u0131 aktaran uzmanlar, m\u00fchendislik modeli \u00fczerindeki \u00e7al\u0131\u015fmalar\u0131n devam etti\u011fini vurgulad\u0131. Konferansa kat\u0131lan \u00f6\u011frencilerin sorular\u0131n\u0131 cevaplayan uzmanlar, \u00f6\u011frencilerin uydu teknolojilerine g\u00f6sterdikleri ilgiden memnun kald\u0131klar\u0131n\u0131 s\u00f6yledi. Ayr\u0131ca, etkinlik kapsam\u0131nda M\u00fchendislik Fak\u00fcltesi b\u00f6l\u00fcm \u00f6\u011frencilerine y\u00f6nelik T\u00fcrksat stand\u0131nda uydu teknolojileri hakk\u0131nda detayl\u0131 bilgi verildi.<\/p>\n","protected":false},"excerpt":{"rendered":"<p>U\u015eAK \u00dcN\u0130VERS\u0130TES\u0130 TASARIM VE TEKNOLOJ\u0130 FEST\u0130VAL\u0130 (TTFEST 2019) KAPSAMINDA D\u00dcZENLENEN \u201cM\u0130LL\u0130 HABERLE\u015eME UYDUSU T\u00dcRKSAT 6A\u201d KONFERANSI \u00dcN\u0130VERS\u0130TE \u00d6\u011eRENC\u0130LER\u0130N\u0130N KATILIMIYLA GER\u00c7EKLE\u015eT\u0130R\u0130LD\u0130.<\/p>\n","protected":false},"author":1,"featured_media":150970,"comment_status":"closed","ping_status":"open","sticky":false,"template":"","format":"standard","meta":{"jetpack_post_was_ever_published":false,"_jetpack_newsletter_access":"","_jetpack_dont_email_post_to_subs":false,"_jetpack_newsletter_tier_id":0,"_jetpack_memberships_contains_paywalled_content":false,"_jetpack_memberships_contains_paid_content":false,"footnotes":"","jetpack_publicize_message":"","jetpack_publicize_feature_enabled":true,"jetpack_social_post_already_shared":true,"jetpack_social_options":{"image_generator_settings":{"template":"highway","default_image_id":0,"font":"","enabled":false},"version":2}},"categories":[1],"tags":[34134,12498,351,429,27408,34133,117],"class_list":["post-150969","post","type-post","status-publish","format-standard","has-post-thumbnail","hentry","category-genel","tag-6a","tag-haberlesme","tag-konferansi","tag-milli","tag-turksat","tag-uydusu","tag-yapildi"],"jetpack_publicize_connections":[],"jetpack_featured_media_url":"https:\/\/i0.wp.com\/www.tvturk.com\/wp-content\/uploads\/2019\/04\/milli-haberlesme-uydusu-turksat-6a-konferansi-yapildi_b463472.jpg?fit=1000%2C666","jetpack_sharing_enabled":true,"jetpack_shortlink":"https:\/\/wp.me\/paKIfm-DgZ","_links":{"self":[{"href":"http:\/\/www.tvturk.com\/index.php\/wp-json\/wp\/v2\/posts\/150969","targetHints":{"allow":["GET"]}}],"collection":[{"href":"http:\/\/www.tvturk.com\/index.php\/wp-json\/wp\/v2\/posts"}],"about":[{"href":"http:\/\/www.tvturk.com\/index.php\/wp-json\/wp\/v2\/types\/post"}],"author":[{"embeddable":true,"href":"http:\/\/www.tvturk.com\/index.php\/wp-json\/wp\/v2\/users\/1"}],"replies":[{"embeddable":true,"href":"http:\/\/www.tvturk.com\/index.php\/wp-json\/wp\/v2\/comments?post=150969"}],"version-history":[{"count":0,"href":"http:\/\/www.tvturk.com\/index.php\/wp-json\/wp\/v2\/posts\/150969\/revisions"}],"wp:featuredmedia":[{"embeddable":true,"href":"http:\/\/www.tvturk.com\/index.php\/wp-json\/wp\/v2\/media\/150970"}],"wp:attachment":[{"href":"http:\/\/www.tvturk.com\/index.php\/wp-json\/wp\/v2\/media?parent=150969"}],"wp:term":[{"taxonomy":"category","embeddable":true,"href":"http:\/\/www.tvturk.com\/index.php\/wp-json\/wp\/v2\/categories?post=150969"},{"taxonomy":"post_tag","embeddable":true,"href":"http:\/\/www.tvturk.com\/index.php\/wp-json\/wp\/v2\/tags?post=150969"}],"curies":[{"name":"wp","href":"https:\/\/api.w.org\/{rel}","templated":true}]}}