{"id":150995,"date":"2019-04-30T19:01:34","date_gmt":"2019-04-30T16:01:34","guid":{"rendered":"http:\/\/www.tvturk.com\/index.php\/ak-partili-meclis-uyeleri-mhpden-istifa-etti\/"},"modified":"2019-04-30T19:01:34","modified_gmt":"2019-04-30T16:01:34","slug":"ak-partili-meclis-uyeleri-mhpden-istifa-etti","status":"publish","type":"post","link":"http:\/\/www.tvturk.com\/index.php\/ak-partili-meclis-uyeleri-mhpden-istifa-etti\/","title":{"rendered":"AK Partili meclis \u00fcyeleri MHP\u2019den istif\u00e2 etti"},"content":{"rendered":"<p>Cumhur ittifak\u0131 \u00e7er\u00e7evesinde mahall\u00ee se\u00e7imlere Milliyet\u00e7i Hareket Partisi listesinden giren AK Partili meclis \u00fcyeleri, MHP\u2019den istif\u00e2 ederek kendi grubunu kurdu.<\/p>\n<p>Bursa\u2019n\u0131n Yeni\u015fehir il\u00e7esinde 31 Mart se\u00e7imlerinde cumhur ittifak\u0131n\u0131n ortak listesi ile MHP\u2019den meclis \u00fcyesi aday\u0131 olarak se\u00e7imlere giren AK Partili \u00fcyeler, istifa ederek kendi gruplar\u0131n\u0131 kurdu. Yeni\u015fehir AK Parti \u0130l\u00e7e Ba\u015fkan\u0131 Fikret Hatipo\u011flu, \u201cGenel merkezlerimizin ald\u0131\u011f\u0131 ortak karar gere\u011fi b\u00fct\u00fcn T\u00fcrkiye\u2019de oldu\u011fu gibi il\u00e7emizde de cumhur ittifak\u0131 d\u00e2hilinde se\u00e7imlere ortak liste olarak kat\u0131lm\u0131\u015ft\u0131k. Meclis \u00fcyesi se\u00e7ilen arkada\u015flar\u0131m\u0131z MHP meclis \u00fcyeliklerinden istifa ederek kendi grubumuzu kurmu\u015f olduk. \u0130l\u00e7emize yap\u0131lacak hizmetleri daha yakinen takip edebilmek ve i\u015fleri h\u0131zland\u0131rmak i\u00e7in bu karar\u0131 ald\u0131k. Yap\u0131lan cumhur ittifak\u0131nda bir s\u0131k\u0131nt\u0131 yok. Hepimizin ortak paydas\u0131 Yeni\u015fehir\u2019dir\u201d dedi.<\/p>\n","protected":false},"excerpt":{"rendered":"<p>31 MART SE\u00c7\u0130MLER\u0130NDE CUMHUR \u0130TT\u0130FAKININ ORTAK L\u0130STES\u0130 \u0130LE MHP\u2019DEN MECL\u0130S \u00dcYES\u0130 ADAYI OLARAK SE\u00c7\u0130MLERE G\u0130REN AK PART\u0130L\u0130 \u00dcYELER, \u0130ST\u0130FA EDEREK KEND\u0130 GRUPLARINI KURDU<\/p>\n","protected":false},"author":1,"featured_media":150996,"comment_status":"closed","ping_status":"open","sticky":false,"template":"","format":"standard","meta":{"jetpack_post_was_ever_published":false,"_jetpack_newsletter_access":"","_jetpack_dont_email_post_to_subs":false,"_jetpack_newsletter_tier_id":0,"_jetpack_memberships_contains_paywalled_content":false,"_jetpack_memberships_contains_paid_content":false,"footnotes":"","jetpack_publicize_message":"","jetpack_publicize_feature_enabled":true,"jetpack_social_post_already_shared":true,"jetpack_social_options":{"image_generator_settings":{"template":"highway","default_image_id":0,"font":"","enabled":false},"version":2}},"categories":[1],"tags":[207,31,1909,3500,2285,3081],"class_list":["post-150995","post","type-post","status-publish","format-standard","has-post-thumbnail","hentry","category-genel","tag-etti","tag-istifa","tag-meclis","tag-mhpden","tag-partili","tag-uyeleri"],"jetpack_publicize_connections":[],"jetpack_featured_media_url":"https:\/\/i0.wp.com\/www.tvturk.com\/wp-content\/uploads\/2019\/04\/ak-partili-meclis-uyeleri-mhpden-istif-etti_e84de87.jpg?fit=960%2C720","jetpack_sharing_enabled":true,"jetpack_shortlink":"https:\/\/wp.me\/paKIfm-Dhp","_links":{"self":[{"href":"http:\/\/www.tvturk.com\/index.php\/wp-json\/wp\/v2\/posts\/150995","targetHints":{"allow":["GET"]}}],"collection":[{"href":"http:\/\/www.tvturk.com\/index.php\/wp-json\/wp\/v2\/posts"}],"about":[{"href":"http:\/\/www.tvturk.com\/index.php\/wp-json\/wp\/v2\/types\/post"}],"author":[{"embeddable":true,"href":"http:\/\/www.tvturk.com\/index.php\/wp-json\/wp\/v2\/users\/1"}],"replies":[{"embeddable":true,"href":"http:\/\/www.tvturk.com\/index.php\/wp-json\/wp\/v2\/comments?post=150995"}],"version-history":[{"count":0,"href":"http:\/\/www.tvturk.com\/index.php\/wp-json\/wp\/v2\/posts\/150995\/revisions"}],"wp:featuredmedia":[{"embeddable":true,"href":"http:\/\/www.tvturk.com\/index.php\/wp-json\/wp\/v2\/media\/150996"}],"wp:attachment":[{"href":"http:\/\/www.tvturk.com\/index.php\/wp-json\/wp\/v2\/media?parent=150995"}],"wp:term":[{"taxonomy":"category","embeddable":true,"href":"http:\/\/www.tvturk.com\/index.php\/wp-json\/wp\/v2\/categories?post=150995"},{"taxonomy":"post_tag","embeddable":true,"href":"http:\/\/www.tvturk.com\/index.php\/wp-json\/wp\/v2\/tags?post=150995"}],"curies":[{"name":"wp","href":"https:\/\/api.w.org\/{rel}","templated":true}]}}