{"id":151015,"date":"2019-04-30T22:12:08","date_gmt":"2019-04-30T19:12:08","guid":{"rendered":"http:\/\/www.tvturk.com\/index.php\/valbuena-o-maddeden-feragat-etti\/"},"modified":"2019-04-30T22:12:08","modified_gmt":"2019-04-30T19:12:08","slug":"valbuena-o-maddeden-feragat-etti","status":"publish","type":"post","link":"http:\/\/www.tvturk.com\/index.php\/valbuena-o-maddeden-feragat-etti\/","title":{"rendered":"Valbuena o maddeden feragat etti"},"content":{"rendered":"<p>Fenerbah\u00e7e y\u00f6netimi, Trabzonspor ma\u00e7\u0131 \u00f6ncesi Mathieu Valbuena ile bir araya gelerek, sezon sonu masaya oturma karar\u0131 ald\u0131. Toplant\u0131da 34 ya\u015f\u0131ndaki oyuncu, &#8220;25 ma\u00e7 oynarsa s\u00f6zle\u015fmesi otomatik olarak uzar&#8221; maddesinden feragat etti.<\/p>\n<p>Fenerbah\u00e7e\u2019de sezon sonu s\u00f6zle\u015fmesi sona erecek olan Valbuena\u2019n\u0131n tak\u0131mdaki gelece\u011fi merak ediliyordu. S\u00f6zle\u015fmesinde &#8220;25 ma\u00e7 oynarsa otomatik olarak s\u00f6zle\u015fmesi 1 y\u0131l daha uzar&#8221; maddesi bulunan ba\u015far\u0131l\u0131 oyuncunun durumu netlik kazand\u0131. Sar\u0131-lacivertli y\u00f6netim, Trabzonspor ma\u00e7\u0131nda forma giymesi halinde s\u00f6zle\u015fmesi otomatik olarak uzayacak olan Valbuena ile bir araya geldi. Y\u00f6neticilerin gelecek y\u0131l da Valbuena\u2019y\u0131 kadroda d\u00fc\u015f\u00fcnd\u00fcklerini belirtmesinin ard\u0131ndan, Frans\u0131z oyuncunun da s\u00f6zle\u015fmesinde bulunan &#8220;25 ma\u00e7 oynarsa otomatik olarak s\u00f6zle\u015fme 1 y\u0131l daha uzar&#8221; maddesinden vazge\u00e7erek, &#8220;\u00d6nemli olan benim i\u00e7in iyi niyettir. Ben \u00f6n\u00fcm\u00fczdeki 4-5 ma\u00e7ta forma giymek istiyorum. Yeni s\u00f6zle\u015fmeyi de konu\u015fman\u0131n vakti de\u011fil. Sezon sonu masaya otururuz&#8221; dedi\u011fi \u00f6\u011frenildi.<\/p>\n<p>Valbuena\u2019n\u0131n bu hafta Trabzonspor ma\u00e7\u0131nda oynamas\u0131 durumunda s\u00f6zle\u015fmesi otomatik olarak 1 y\u0131l uzayacakt\u0131.<\/p>\n","protected":false},"excerpt":{"rendered":"<p>(AR\u015e\u0130V) FENERBAH\u00c7E Y\u00d6NET\u0130M\u0130, TRABZONSPOR MA\u00c7I \u00d6NCES\u0130 MATH\u0130EU VALBUENA \u0130LE B\u0130R ARAYA GELEREK, SEZON SONU MASAYA OTURMA KARARI ALDI. TOPLANTIDA 34 YA\u015eINDAK\u0130 OYUNCU, &#8220;25 MA\u00c7 OYNARSA S\u00d6ZLE\u015eMES\u0130 OTOMAT\u0130K OLARAK UZAR&#8221; MADDES\u0130NDEN FERAGAT ETT\u0130.<\/p>\n","protected":false},"author":1,"featured_media":151016,"comment_status":"closed","ping_status":"open","sticky":false,"template":"","format":"standard","meta":{"jetpack_post_was_ever_published":false,"_jetpack_newsletter_access":"","_jetpack_dont_email_post_to_subs":false,"_jetpack_newsletter_tier_id":0,"_jetpack_memberships_contains_paywalled_content":false,"_jetpack_memberships_contains_paid_content":false,"footnotes":"","jetpack_publicize_message":"","jetpack_publicize_feature_enabled":true,"jetpack_social_post_already_shared":true,"jetpack_social_options":{"image_generator_settings":{"template":"highway","default_image_id":0,"font":"","enabled":false},"version":2}},"categories":[657],"tags":[207,34148,17530,22899],"class_list":["post-151015","post","type-post","status-publish","format-standard","has-post-thumbnail","hentry","category-spor","tag-etti","tag-feragat","tag-maddeden","tag-valbuena"],"jetpack_publicize_connections":[],"jetpack_featured_media_url":"https:\/\/i0.wp.com\/www.tvturk.com\/wp-content\/uploads\/2019\/04\/valbuena-o-maddeden-feragat-etti_09724f0.jpg?fit=384%2C1000","jetpack_sharing_enabled":true,"jetpack_shortlink":"https:\/\/wp.me\/paKIfm-DhJ","_links":{"self":[{"href":"http:\/\/www.tvturk.com\/index.php\/wp-json\/wp\/v2\/posts\/151015","targetHints":{"allow":["GET"]}}],"collection":[{"href":"http:\/\/www.tvturk.com\/index.php\/wp-json\/wp\/v2\/posts"}],"about":[{"href":"http:\/\/www.tvturk.com\/index.php\/wp-json\/wp\/v2\/types\/post"}],"author":[{"embeddable":true,"href":"http:\/\/www.tvturk.com\/index.php\/wp-json\/wp\/v2\/users\/1"}],"replies":[{"embeddable":true,"href":"http:\/\/www.tvturk.com\/index.php\/wp-json\/wp\/v2\/comments?post=151015"}],"version-history":[{"count":0,"href":"http:\/\/www.tvturk.com\/index.php\/wp-json\/wp\/v2\/posts\/151015\/revisions"}],"wp:featuredmedia":[{"embeddable":true,"href":"http:\/\/www.tvturk.com\/index.php\/wp-json\/wp\/v2\/media\/151016"}],"wp:attachment":[{"href":"http:\/\/www.tvturk.com\/index.php\/wp-json\/wp\/v2\/media?parent=151015"}],"wp:term":[{"taxonomy":"category","embeddable":true,"href":"http:\/\/www.tvturk.com\/index.php\/wp-json\/wp\/v2\/categories?post=151015"},{"taxonomy":"post_tag","embeddable":true,"href":"http:\/\/www.tvturk.com\/index.php\/wp-json\/wp\/v2\/tags?post=151015"}],"curies":[{"name":"wp","href":"https:\/\/api.w.org\/{rel}","templated":true}]}}