{"id":151171,"date":"2019-05-01T12:05:12","date_gmt":"2019-05-01T09:05:12","guid":{"rendered":"http:\/\/www.tvturk.com\/index.php\/firincilar-ramazana-hazirlaniyor\/"},"modified":"2019-05-01T12:05:12","modified_gmt":"2019-05-01T09:05:12","slug":"firincilar-ramazana-hazirlaniyor","status":"publish","type":"post","link":"http:\/\/www.tvturk.com\/index.php\/firincilar-ramazana-hazirlaniyor\/","title":{"rendered":"F\u0131r\u0131nc\u0131lar Ramazan\u2019a haz\u0131rlan\u0131yor"},"content":{"rendered":"<p>Ramazan ay\u0131na say\u0131l\u0131 g\u00fcnler kala f\u0131r\u0131nlarda hummal\u0131 bir \u00e7al\u0131\u015fma ba\u015flad\u0131. Ramazan sofralar\u0131n\u0131n vazge\u00e7ilmezi pideler i\u00e7in f\u0131r\u0131nc\u0131lar fazla mesaiye ba\u015flad\u0131.<\/p>\n<p>Ramazan ay\u0131nda rutin yo\u011funluklar\u0131ndan daha fazla mesai yapan ve iftar sofralar\u0131n\u0131n vazge\u00e7ilmezleri aras\u0131nda yer alan ramazan pidesini t\u00fcketicilerle bulu\u015fturmak i\u00e7in daha fazla \u00e7al\u0131\u015fan f\u0131r\u0131nc\u0131 esnaf\u0131 haz\u0131rl\u0131klar\u0131n\u0131 s\u00fcrd\u00fcr\u00fcyor. Eleman eksikliklerini tamamlayan f\u0131r\u0131nc\u0131 esnaf\u0131 bir yandan da hamur makinelerinin bak\u0131m\u0131n\u0131 yapt\u0131r\u0131yor. Vatanda\u015fa sunacaklar\u0131 pideleri hangi undan yapacaklar\u0131n\u0131, gramaj\u0131n\u0131, tad\u0131n\u0131 \u00f6nceden ayarlayan f\u0131r\u0131nc\u0131 esnaf\u0131 bu kapsamda \u00e7al\u0131\u015fmalar\u0131n\u0131 s\u00fcrd\u00fcr\u00fcyor.<\/p>\n<p>Ramazan\u2019da pidenin \u00f6nemli yer tuttu\u011funu s\u00f6yleyen f\u0131r\u0131nc\u0131 ustas\u0131 H\u00fcseyin Altun, \u201cUn ve susam sto\u011fumuzu yapt\u0131k. Yozgat\u2019ta Ramazan ay\u0131 boyunca hizmet vermeye devam edece\u011fiz. \u00c7iftli yumurtal\u0131 pideyi 3 lira 50 kuru\u015ftan sade pidelerimiz 1 lira 25 kuru\u015ftan sataca\u011f\u0131z. Sahura kadar a\u00e7\u0131\u011f\u0131z, f\u0131r\u0131nc\u0131lar olarak Ramazan\u2019a haz\u0131r\u0131z\u201d dedi.<\/p>\n<p>Yozgat\u2019ta ramazan pidelerinin sofralar\u0131n vazge\u00e7ilmezleri aras\u0131nda oldu\u011funu s\u00f6yleyen Mustafa H\u00f6kelekli vatanda\u015f ise Ramazan\u2019da saatler \u00f6ncesinde pide kuyru\u011funa girerek iftar vaktini beklediklerini dile getirdi.<\/p>\n","protected":false},"excerpt":{"rendered":"<p>FIRINCILAR RAMAZAN\u2019A HAZIRLANIYOR<\/p>\n","protected":false},"author":1,"featured_media":151172,"comment_status":"closed","ping_status":"open","sticky":false,"template":"","format":"standard","meta":{"jetpack_post_was_ever_published":false,"_jetpack_newsletter_access":"","_jetpack_dont_email_post_to_subs":false,"_jetpack_newsletter_tier_id":0,"_jetpack_memberships_contains_paywalled_content":false,"_jetpack_memberships_contains_paid_content":false,"footnotes":"","jetpack_publicize_message":"","jetpack_publicize_feature_enabled":true,"jetpack_social_post_already_shared":true,"jetpack_social_options":{"image_generator_settings":{"template":"highway","default_image_id":0,"font":"","enabled":false},"version":2}},"categories":[1],"tags":[2036,297,33046],"class_list":["post-151171","post","type-post","status-publish","format-standard","has-post-thumbnail","hentry","category-genel","tag-firincilar","tag-hazirlaniyor","tag-ramazana"],"jetpack_publicize_connections":[],"jetpack_featured_media_url":"https:\/\/i0.wp.com\/www.tvturk.com\/wp-content\/uploads\/2019\/05\/firincilar-ramazana-hazirlaniyor_655c3fc.jpg?fit=1000%2C666","jetpack_sharing_enabled":true,"jetpack_shortlink":"https:\/\/wp.me\/paKIfm-Dkf","_links":{"self":[{"href":"http:\/\/www.tvturk.com\/index.php\/wp-json\/wp\/v2\/posts\/151171","targetHints":{"allow":["GET"]}}],"collection":[{"href":"http:\/\/www.tvturk.com\/index.php\/wp-json\/wp\/v2\/posts"}],"about":[{"href":"http:\/\/www.tvturk.com\/index.php\/wp-json\/wp\/v2\/types\/post"}],"author":[{"embeddable":true,"href":"http:\/\/www.tvturk.com\/index.php\/wp-json\/wp\/v2\/users\/1"}],"replies":[{"embeddable":true,"href":"http:\/\/www.tvturk.com\/index.php\/wp-json\/wp\/v2\/comments?post=151171"}],"version-history":[{"count":0,"href":"http:\/\/www.tvturk.com\/index.php\/wp-json\/wp\/v2\/posts\/151171\/revisions"}],"wp:featuredmedia":[{"embeddable":true,"href":"http:\/\/www.tvturk.com\/index.php\/wp-json\/wp\/v2\/media\/151172"}],"wp:attachment":[{"href":"http:\/\/www.tvturk.com\/index.php\/wp-json\/wp\/v2\/media?parent=151171"}],"wp:term":[{"taxonomy":"category","embeddable":true,"href":"http:\/\/www.tvturk.com\/index.php\/wp-json\/wp\/v2\/categories?post=151171"},{"taxonomy":"post_tag","embeddable":true,"href":"http:\/\/www.tvturk.com\/index.php\/wp-json\/wp\/v2\/tags?post=151171"}],"curies":[{"name":"wp","href":"https:\/\/api.w.org\/{rel}","templated":true}]}}