{"id":151261,"date":"2019-05-01T14:33:05","date_gmt":"2019-05-01T11:33:05","guid":{"rendered":"http:\/\/www.tvturk.com\/index.php\/bilincli-tuketici-elif-deniz-tabletle-odullendirildi\/"},"modified":"2019-05-01T14:33:05","modified_gmt":"2019-05-01T11:33:05","slug":"bilincli-tuketici-elif-deniz-tabletle-odullendirildi","status":"publish","type":"post","link":"http:\/\/www.tvturk.com\/index.php\/bilincli-tuketici-elif-deniz-tabletle-odullendirildi\/","title":{"rendered":"Bilin\u00e7li t\u00fcketici Elif Deniz tabletle \u00f6d\u00fcllendirildi"},"content":{"rendered":"<p>Mu\u011fla\u2019n\u0131n Ortaca il\u00e7esinde ya\u015fayan ve bir i\u00e7ecek firmas\u0131na kar\u015f\u0131 ba\u015flatt\u0131\u011f\u0131 hak arama m\u00fccadelesinden hakl\u0131l\u0131\u011f\u0131 ispatlanan 9 ya\u015f\u0131ndaki Elif Deniz Akyol\u2019a t\u00f6renle bilin\u00e7li t\u00fcketici \u00f6d\u00fcl\u00fc verildi. Firmaya ise 9 ya\u015f\u0131ndaki Elif Deniz Akyol\u2019un \u015fikayeti \u00fczerine 241 bin 413 lira para ve reklam durdurma cezas\u0131 verilmi\u015fti.<\/p>\n<p>Ortaca\u2019da ya\u015fayan 9 ya\u015f\u0131ndaki Elif Deniz Akyol, Mu\u011fla Ticaret \u0130l M\u00fcd\u00fcrl\u00fc\u011f\u00fc taraf\u0131ndan tablet bilgisayarla \u00f6d\u00fcllendirildi. Ticaret Bakanl\u0131\u011f\u0131\u2019na yapt\u0131\u011f\u0131 \u015fikayet ile kampanyas\u0131ndan faydalanamad\u0131\u011f\u0131 bir i\u00e7ecek firmas\u0131n\u0131n 241 bin 413 lira para ve reklam durdurma cezas\u0131 almas\u0131n\u0131 sa\u011flayan 9 ya\u015f\u0131ndaki Akyol\u2019a \u00f6d\u00fcl\u00fc Ortaca Kaymakaml\u0131\u011f\u0131\u2019nda d\u00fczenlenen t\u00f6renle verildi. T\u00f6rende, Mu\u011fla Ticaret \u0130l M\u00fcd\u00fcrl\u00fc\u011f\u00fc taraf\u0131ndan bilin\u00e7li t\u00fcketici Elif Deniz Akyol\u2019a tablet bilgisayar hediye edildi.<\/p>\n<p>T\u00f6rene, Ortaca Kaymakam\u0131 Oktay Erdo\u011fan, \u0130l Ticaret M\u00fcd\u00fcr\u00fc Mehmet Demirta\u015f, \u0130l\u00e7e Milli E\u011fitim \u015eube M\u00fcd\u00fcr\u00fc Ersal Ersin Avc\u0131, Elif Deniz\u2019in ailesi S\u00fcha ve Ayten Akyol ile \u00f6\u011fretmenleri kat\u0131ld\u0131. Ortaca Kaymakam\u0131 Oktay Erdo\u011fan, \u00f6d\u00fcl t\u00f6reninde yapt\u0131\u011f\u0131 konu\u015fmada, Elif Deniz Akyol\u2019un bilin\u00e7li davran\u0131\u015f\u0131n\u0131n \u00f6rnek olmas\u0131 gerekti\u011fini s\u00f6yledi. Elif Deniz\u2019in hakk\u0131n\u0131 aramas\u0131n\u0131n gurur verici oldu\u011funu dile getiren Kaymakam Erdo\u011fan; \u201cElif\u2019in bu ba\u015far\u0131s\u0131nda en b\u00fcy\u00fck pay, onu yeti\u015ftiren annesi ve babas\u0131d\u0131r. Onlar\u0131n \u00e7ocuk yeti\u015ftirme y\u00f6ntemleri ailelere \u00f6rnek olmal\u0131. \u00d6\u011fretmelerinin de katk\u0131s\u0131 bu ba\u015far\u0131s\u0131nda b\u00fcy\u00fck. Kendisini tekrar tebrik ediyorum\u201d ifadelerini kulland\u0131.<\/p>\n<p>\u0130l Ticaret M\u00fcd\u00fcr\u00fc Mehmet Demirta\u015f ise Elif Deniz\u2019in k\u00fc\u00e7\u00fck ya\u015fta t\u00fcketici hakk\u0131n\u0131 kullanmas\u0131n\u0131n \u00f6nemine dikkat \u00e7ekerek; \u201cHak aramada sat\u0131n al\u0131nan \u00fcr\u00fcn\u00fcn maddi de\u011ferinin \u00e7ok fazla \u00f6nemi yok. \u00d6nemli olan o hakk\u0131n kullan\u0131lmas\u0131. Bu anlamda Elif, bakan\u0131m\u0131z\u0131n elinden \u00f6d\u00fcl de ald\u0131. Bakan\u0131m\u0131z Elif\u2019le \u00e7ok yak\u0131ndan ilgilendi. Kendisine, ailesine ve \u00f6\u011fretmenlerine tekrar te\u015fekk\u00fcr ediyorum\u201d diye konu\u015ftu.<\/p>\n<p>Baba S\u00fcha Akyol ise k\u0131zlar\u0131n\u0131n sporcu ve ba\u015far\u0131l\u0131 bir \u00f6\u011frenci oldu\u011funu aktararak \u201cElif Deniz istedi\u011fini elde etmek i\u00e7in azimle \u00e7al\u0131\u015f\u0131r. Haks\u0131zl\u0131\u011fa gelemez. Gerek biz gerekse \u00f6\u011fretmenlerimiz t\u00fcketim konusunda y\u00f6nlendiriyoruz. K\u0131z\u0131m\u0131zla gurur duyuyoruz\u201d dedi.<\/p>\n<p>\u00d6d\u00fcle lay\u0131k g\u00f6r\u00fclmekten duydu\u011fu memnuniyeti dile getiren Elif Deniz Akyol da herkesin hakk\u0131n\u0131 aramas\u0131 gerekti\u011fini ifade etti.<\/p>\n<p>Bakan Pekcan\u2019\u0131n elinden \u00f6d\u00fcl alm\u0131\u015ft\u0131<\/p>\n<p>Akyol, Mart ay\u0131nda Ticaret Bakanl\u0131\u011f\u0131 taraf\u0131ndan d\u00fczenlenen 22. Geleneksel T\u00fcketici \u00d6d\u00fclleri\u2019nde, Bakan Ruhsar Pekcan\u2019\u0131n elinden &#8220;Bilin\u00e7li T\u00fcketici&#8221; \u00f6d\u00fcl\u00fcn\u00fc alm\u0131\u015ft\u0131. Bu dalda \u00f6d\u00fcl alan en k\u00fc\u00e7\u00fck t\u00fcketici olan Akyol, kampanya ko\u015fullar\u0131n\u0131 yerine getirmeyen bir i\u00e7ecek firmas\u0131na kar\u015f\u0131 hakk\u0131n\u0131 aram\u0131\u015ft\u0131. Elif Deniz Akyol\u2019un \u015fikayeti \u00fczerine firmaya 241 bin 413 lira para ile reklam durdurma cezas\u0131 verilmi\u015fti.<\/p>\n","protected":false},"excerpt":{"rendered":"<p>B\u0130L\u0130N\u00c7L\u0130 T\u00dcKET\u0130C\u0130 EL\u0130F DEN\u0130Z TABLETLE \u00d6D\u00dcLLEND\u0130R\u0130LD\u0130.<\/p>\n","protected":false},"author":1,"featured_media":151262,"comment_status":"closed","ping_status":"open","sticky":false,"template":"","format":"standard","meta":{"jetpack_post_was_ever_published":false,"_jetpack_newsletter_access":"","_jetpack_dont_email_post_to_subs":false,"_jetpack_newsletter_tier_id":0,"_jetpack_memberships_contains_paywalled_content":false,"_jetpack_memberships_contains_paid_content":false,"footnotes":"","jetpack_publicize_message":"","jetpack_publicize_feature_enabled":true,"jetpack_social_post_already_shared":true,"jetpack_social_options":{"image_generator_settings":{"template":"highway","default_image_id":0,"font":"","enabled":false},"version":2}},"categories":[1],"tags":[13489,1471,21493,3223,34245,270],"class_list":["post-151261","post","type-post","status-publish","format-standard","has-post-thumbnail","hentry","category-genel","tag-bilincli","tag-deniz","tag-elif","tag-odullendirildi","tag-tabletle","tag-tuketici"],"jetpack_publicize_connections":[],"jetpack_featured_media_url":"https:\/\/i0.wp.com\/www.tvturk.com\/wp-content\/uploads\/2019\/05\/bilincli-tuketici-elif-deniz-tabletle-odullendirildi_72be282.jpg?fit=1000%2C666","jetpack_sharing_enabled":true,"jetpack_shortlink":"https:\/\/wp.me\/paKIfm-DlH","_links":{"self":[{"href":"http:\/\/www.tvturk.com\/index.php\/wp-json\/wp\/v2\/posts\/151261","targetHints":{"allow":["GET"]}}],"collection":[{"href":"http:\/\/www.tvturk.com\/index.php\/wp-json\/wp\/v2\/posts"}],"about":[{"href":"http:\/\/www.tvturk.com\/index.php\/wp-json\/wp\/v2\/types\/post"}],"author":[{"embeddable":true,"href":"http:\/\/www.tvturk.com\/index.php\/wp-json\/wp\/v2\/users\/1"}],"replies":[{"embeddable":true,"href":"http:\/\/www.tvturk.com\/index.php\/wp-json\/wp\/v2\/comments?post=151261"}],"version-history":[{"count":0,"href":"http:\/\/www.tvturk.com\/index.php\/wp-json\/wp\/v2\/posts\/151261\/revisions"}],"wp:featuredmedia":[{"embeddable":true,"href":"http:\/\/www.tvturk.com\/index.php\/wp-json\/wp\/v2\/media\/151262"}],"wp:attachment":[{"href":"http:\/\/www.tvturk.com\/index.php\/wp-json\/wp\/v2\/media?parent=151261"}],"wp:term":[{"taxonomy":"category","embeddable":true,"href":"http:\/\/www.tvturk.com\/index.php\/wp-json\/wp\/v2\/categories?post=151261"},{"taxonomy":"post_tag","embeddable":true,"href":"http:\/\/www.tvturk.com\/index.php\/wp-json\/wp\/v2\/tags?post=151261"}],"curies":[{"name":"wp","href":"https:\/\/api.w.org\/{rel}","templated":true}]}}