{"id":151271,"date":"2019-05-01T14:45:13","date_gmt":"2019-05-01T11:45:13","guid":{"rendered":"http:\/\/www.tvturk.com\/index.php\/diyanet-isleri-baskani-erbas-giresunda-acilisa-katildi\/"},"modified":"2019-05-01T14:45:13","modified_gmt":"2019-05-01T11:45:13","slug":"diyanet-isleri-baskani-erbas-giresunda-acilisa-katildi","status":"publish","type":"post","link":"http:\/\/www.tvturk.com\/index.php\/diyanet-isleri-baskani-erbas-giresunda-acilisa-katildi\/","title":{"rendered":"Diyanet \u0130\u015fleri Ba\u015fkan\u0131 Erba\u015f, Giresun\u2019da a\u00e7\u0131l\u0131\u015fa kat\u0131ld\u0131"},"content":{"rendered":"<p>Diyanet \u0130\u015fler Ba\u015fkan\u0131 Prof. Dr. Ali Erba\u015f, Giresun\u2019un Bulancak il\u00e7esinde m\u00fcft\u00fcl\u00fck hizmet binas\u0131 a\u00e7\u0131l\u0131\u015f\u0131na kat\u0131ld\u0131.<\/p>\n<p>36. \u0130l M\u00fcft\u00fcleri \u0130sti\u015fare Toplant\u0131s\u0131 i\u00e7in Ordu\u2019da bulunan Diyanet \u0130\u015fleri Ba\u015fkan\u0131 Erba\u015f, Bulancak il\u00e7esinde yap\u0131m\u0131 tamamlanan Bulancak \u0130l\u00e7e M\u00fcft\u00fcl\u00fc\u011f\u00fc Binas\u0131\u2019n\u0131n a\u00e7\u0131l\u0131\u015f\u0131n\u0131 ger\u00e7ekle\u015ftirdi. A\u00e7\u0131l\u0131\u015fa Erba\u015f\u2019\u0131n yan\u0131 s\u0131ra Giresun Valisi Harun Sar\u0131fak\u0131o\u011fullar\u0131 Milletvekilleri Sabri \u00d6zt\u00fcrk, Kadir Ayd\u0131n, \u0130l M\u00fcft\u00fcs\u00fc Muhittin Oral ve vatanda\u015flar kat\u0131ld\u0131. T\u00f6rende konu\u015fan Diyanet \u0130\u015fleri Ba\u015fkan\u0131 Erba\u015f, \u201cPeygamber Efendimiz diyanet i\u015flerini Mescid-i Nebeviden y\u00f6netti, biz bug\u00fcn m\u00fcft\u00fcl\u00fcklerden y\u00f6netiyoruz\u201d diyerek m\u00fcft\u00fcl\u00fcklerin \u00f6nemine dikkat \u00e7ekti.<\/p>\n<p>Yeni binada nice hay\u0131rl\u0131 hizmetler yap\u0131laca\u011f\u0131n\u0131 belirten Erba\u015f, \u201cBiz ilim adamlar\u0131 olarak, hocalar olarak peygamber efendimizin nas\u0131l ki varisiyiz, m\u00fcft\u00fcl\u00fcklerimiz de Mescid-i Nebevi\u2019nin varisi onun i\u00e7in burada nice hay\u0131rl\u0131 hizmetler yap\u0131lacak. Dini m\u00fcbini \u0130slam\u2019\u0131n hem hizmeti, hem e\u011fitimi noktas\u0131nda hademe-i hayrat dedi\u011fimiz karde\u015flerimizin daha nitelikli \u00e7al\u0131\u015fmas\u0131, daha g\u00fczel i\u015fler yapmas\u0131 i\u00e7in \u00e7ok \u00f6nemli bir binad\u0131r m\u00fcft\u00fcl\u00fck hizmet binas\u0131\u201d dedi.<\/p>\n<p>\u201cDe\u011ferli karde\u015flerim insan, mekan, imkan diye s\u0131rlanan \u00fc\u00e7 kavram vard\u0131r\u201d diyen Erba\u015f, \u015f\u00f6yle devam etti:<\/p>\n<p>\u201c\u0130nsan \u00f6nce geliyor onun i\u00e7in mekan ve imkan gerekiyor i\u015fte mekan, i\u015fte imkan hepsi insan i\u00e7in, hepsi \u00e7ocuklar\u0131m\u0131z i\u00e7in, hepsi gen\u00e7lerimiz i\u00e7in. Camilerimize daha iyi daha nitelikli hizmetler g\u00f6t\u00fcrebilmek i\u00e7in m\u00fcft\u00fcl\u00fcklerimizin bu a\u00e7\u0131dan \u00e7ok b\u00fcy\u00fck \u00f6nemi var.\u201d<\/p>\n<p>\u201cBin iki m\u00fcft\u00fcl\u00fc\u011f\u00fcm\u00fcz var\u201d<\/p>\n<p>Yurt d\u0131\u015f\u0131ndan ziyaret i\u00e7in gelen heyetlere Diyanet \u0130\u015fleri Ba\u015fkanl\u0131\u011f\u0131n\u0131 tan\u0131tt\u0131klar\u0131n\u0131n aktaran Erba\u015f, \u201cAnlatt\u0131\u011f\u0131mda hayranl\u0131kla dinliyorlar. Diyorum ki, \u2018Bizim \u00fclkemizde \u00f6nceden bin m\u00fcft\u00fcl\u00fc\u011f\u00fcm\u00fcz vard\u0131 \u015fimdi iki il\u00e7emiz daha kuruldu bin iki m\u00fcft\u00fcl\u00fc\u011f\u00fcm\u00fcz var\u2019 diyorum \u015fa\u015f\u0131r\u0131yorlar ve bu kadar m\u00fcft\u00fcn\u00fcn oldu\u011fu bir \u00fclke ilelebet payidar olur in\u015fallah diye dua ediyorlar. \u00dclkemizin, vatan\u0131m\u0131z\u0131n tarih boyunca hem medeniyetimizin geli\u015fmesinde ilim, irfan, bilgi ve hikmet \u00fcretiminde m\u00fcft\u00fclerimizin b\u00fcy\u00fck katk\u0131lar\u0131 olmu\u015f. Sadece bu konuda de\u011fil, \u2018Sar\u0131kl\u0131 m\u00fccahitler\u2019 diye bir kitap var tavsiye ederim okuyunuz. Sar\u0131kl\u0131 m\u00fccahitler her zaman en zor zamanlar\u0131m\u0131zda, kurtulu\u015f sava\u015f\u0131nda, \u00c7anakkale\u2019, Malazgirt\u2019te, Sar\u0131kam\u0131\u015f\u2019ta her yerde vatan\u0131n kurtulu\u015funda da milletimizin hep \u00f6n\u00fcnde olmu\u015flard\u0131r. Her ilimizin, her beldemizin m\u00fcft\u00fcs\u00fc milletimizin \u00f6n\u00fcnde olmu\u015f ve kurtulu\u015fumuz i\u00e7in gayret etmi\u015flerdir\u201d ifadelerini kulland\u0131.<\/p>\n<p>Hay\u0131r, yapma konusuna da dikkat \u00e7eken Prof. Dr. Ali Erba\u015f, s\u00f6zlerini \u015f\u00f6yle s\u00fcrd\u00fcrd\u00fc:<\/p>\n<p>\u201cDe\u011ferli karde\u015flerim sizlere bir hadisi \u015ferifi payla\u015farak s\u00f6zlerimi sonland\u0131rmak istiyorum. Bu hadisi \u015ferifi iyi anlarsak sizlerde hay\u0131rl\u0131 hizmetler yapma konusunda alaca\u011f\u0131m\u0131z yeterince mesaj oldu\u011funu d\u00fc\u015f\u00fcn\u00fcyorum. Efendimiz aleyhissalat\u00fc vesselam buyuruyor ki, \u2019\u0130nsanlar \u00f6ld\u00fc\u011f\u00fc zaman amel defteri kapan\u0131r ama \u00fc\u00e7 ki\u015finin amel defteri kapanmaz. Bunlardan birisi hay\u0131rl\u0131 evlat yeti\u015ftiren anne babalar. \u0130kincisi ilminden istifade edilen alimler. \u00dc\u00e7\u00fcnc\u00fcs\u00fc sadaka-i cariye sahibi M\u00fcsl\u00fcmanlar.\u2019 i\u015fte burada bir sadaka-i cariye y\u00fckselmi\u015f durumda. Allah hepsinden raz\u0131 olsun.\u201d<\/p>\n<p>Konu\u015fman\u0131n ard\u0131ndan protokol \u00fcyeleri ile a\u00e7\u0131l\u0131\u015f\u0131 yapan Erba\u015f, ard\u0131ndan bir ba\u015fka program i\u00e7in Ordu\u2019ya hareket etti.<\/p>\n","protected":false},"excerpt":{"rendered":"<p>D\u0130YANET \u0130\u015eLER BA\u015eKANI PROF. DR. AL\u0130 ERBA\u015e, G\u0130RESUN\u2019UN BULANCAK \u0130L\u00c7ES\u0130NDE M\u00dcFT\u00dcL\u00dcK H\u0130ZMET B\u0130NASI A\u00c7ILI\u015eINA KATILDI.<\/p>\n","protected":false},"author":1,"featured_media":151272,"comment_status":"closed","ping_status":"open","sticky":false,"template":"","format":"standard","meta":{"jetpack_post_was_ever_published":false,"_jetpack_newsletter_access":"","_jetpack_dont_email_post_to_subs":false,"_jetpack_newsletter_tier_id":0,"_jetpack_memberships_contains_paywalled_content":false,"_jetpack_memberships_contains_paid_content":false,"footnotes":"","jetpack_publicize_message":"","jetpack_publicize_feature_enabled":true,"jetpack_social_post_already_shared":true,"jetpack_social_options":{"image_generator_settings":{"template":"highway","default_image_id":0,"font":"","enabled":false},"version":2}},"categories":[1],"tags":[296,216,3150,10687,850,3151,1757],"class_list":["post-151271","post","type-post","status-publish","format-standard","has-post-thumbnail","hentry","category-genel","tag-acilisa","tag-baskani","tag-diyanet","tag-erbas","tag-giresunda","tag-isleri","tag-katildi"],"jetpack_publicize_connections":[],"jetpack_featured_media_url":"https:\/\/i0.wp.com\/www.tvturk.com\/wp-content\/uploads\/2019\/05\/diyanet-isleri-baskani-erbas-giresunda-acilisa-katildi_bf06a88.jpg?fit=1000%2C666","jetpack_sharing_enabled":true,"jetpack_shortlink":"https:\/\/wp.me\/paKIfm-DlR","_links":{"self":[{"href":"http:\/\/www.tvturk.com\/index.php\/wp-json\/wp\/v2\/posts\/151271","targetHints":{"allow":["GET"]}}],"collection":[{"href":"http:\/\/www.tvturk.com\/index.php\/wp-json\/wp\/v2\/posts"}],"about":[{"href":"http:\/\/www.tvturk.com\/index.php\/wp-json\/wp\/v2\/types\/post"}],"author":[{"embeddable":true,"href":"http:\/\/www.tvturk.com\/index.php\/wp-json\/wp\/v2\/users\/1"}],"replies":[{"embeddable":true,"href":"http:\/\/www.tvturk.com\/index.php\/wp-json\/wp\/v2\/comments?post=151271"}],"version-history":[{"count":0,"href":"http:\/\/www.tvturk.com\/index.php\/wp-json\/wp\/v2\/posts\/151271\/revisions"}],"wp:featuredmedia":[{"embeddable":true,"href":"http:\/\/www.tvturk.com\/index.php\/wp-json\/wp\/v2\/media\/151272"}],"wp:attachment":[{"href":"http:\/\/www.tvturk.com\/index.php\/wp-json\/wp\/v2\/media?parent=151271"}],"wp:term":[{"taxonomy":"category","embeddable":true,"href":"http:\/\/www.tvturk.com\/index.php\/wp-json\/wp\/v2\/categories?post=151271"},{"taxonomy":"post_tag","embeddable":true,"href":"http:\/\/www.tvturk.com\/index.php\/wp-json\/wp\/v2\/tags?post=151271"}],"curies":[{"name":"wp","href":"https:\/\/api.w.org\/{rel}","templated":true}]}}