{"id":151279,"date":"2019-05-01T14:58:11","date_gmt":"2019-05-01T11:58:11","guid":{"rendered":"http:\/\/www.tvturk.com\/index.php\/gaziantepte-1-mayis-halaylarla-kutlandi\/"},"modified":"2019-05-01T14:58:11","modified_gmt":"2019-05-01T11:58:11","slug":"gaziantepte-1-mayis-halaylarla-kutlandi","status":"publish","type":"post","link":"http:\/\/www.tvturk.com\/index.php\/gaziantepte-1-mayis-halaylarla-kutlandi\/","title":{"rendered":"Gaziantep\u2019te 1 May\u0131s halaylarla kutland\u0131"},"content":{"rendered":"<p>1 May\u0131s Emek ve Dayan\u0131\u015fma G\u00fcn\u00fc Gaziantep\u2019te halaylar kutlad\u0131.<\/p>\n<p>Gaziantep\u2019te K\u0131rkayak Park\u0131nda ger\u00e7ekle\u015ftirilen 1 May\u0131s kutlamalar\u0131 polisin yo\u011fun g\u00fcvenlik \u00f6nlemleri aras\u0131nda ger\u00e7ekle\u015ftirildi. Etkinli\u011fe sendika temsilci ve \u00fcyelerinin yan\u0131 s\u0131ra \u00e7ok say\u0131da i\u015f\u00e7i vatanda\u015flar kat\u0131ld\u0131. Kutlamalarda konu\u015fan D\u0130SK Gaziantep \u015eube Ba\u015fkan\u0131 Ali G\u00fcd\u00fcc\u00fc, krizin faturas\u0131n\u0131n i\u015f\u00e7ilere kesilmemesini isteyerek, &#8220;Biz ekonomik krizin faturas\u0131n\u0131 \u00f6demeyi reddeden milyonlar\u0131z. S\u0131rt\u0131m\u0131zdan elde ettikleri nimetleri kimseyle payla\u015fmayanlar k\u00fclfeti bize y\u0131kmak istiyor. Kriz bahanesiyle i\u015fimize, a\u015f\u0131m\u0131za, haklar\u0131m\u0131za el uzat\u0131l\u0131yor&#8221; dedi.<\/p>\n<p>KESK Gaziantep \u015eube Ba\u015fkan\u0131 Ali Ers\u00f6nmez ise i\u015f g\u00fcvenli\u011fine dikkat \u00e7ekerek, &#8220;Toplu i\u015ften \u00e7\u0131karmalara kar\u015f\u0131 g\u00fcvenceli i\u015f, sendikala\u015fma \u00f6n\u00fcne engellerin kald\u0131r\u0131lmas\u0131, a\u00e7l\u0131k s\u0131n\u0131r\u0131 alt\u0131nda \u00e7al\u0131\u015fmak istemeyip insanca ya\u015fanacak \u00fccret talep eden i\u015f\u00e7iler 1 May\u0131s alanlar\u0131nda hayk\u0131r\u0131yor. \u00c7al\u0131\u015f\u0131rken \u00f6lmek istemiyoruz\u201d diye konu\u015ftu.<\/p>\n<p>Zaman zaman sloganlar at\u0131ld\u0131\u011f\u0131 kutlamalara kat\u0131lanlar halaylar \u00e7ekti.<\/p>\n","protected":false},"excerpt":{"rendered":"<p>GAZ\u0130ANTEP&#8217;TE KIRKAYAK PARKINDA GER\u00c7EKLE\u015eT\u0130R\u0130LEN 1 MAYIS KUTLAMALARI POL\u0130S\u0130N YO\u011eUN G\u00dcVENL\u0130K \u00d6NLEMLER\u0130 ARASINDA GER\u00c7EKLE\u015eT\u0130R\u0130LD\u0130.<\/p>\n","protected":false},"author":1,"featured_media":151280,"comment_status":"closed","ping_status":"open","sticky":false,"template":"","format":"standard","meta":{"jetpack_post_was_ever_published":false,"_jetpack_newsletter_access":"","_jetpack_dont_email_post_to_subs":false,"_jetpack_newsletter_tier_id":0,"_jetpack_memberships_contains_paywalled_content":false,"_jetpack_memberships_contains_paid_content":false,"footnotes":"","jetpack_publicize_message":"","jetpack_publicize_feature_enabled":true,"jetpack_social_post_already_shared":true,"jetpack_social_options":{"image_generator_settings":{"template":"highway","default_image_id":0,"font":"","enabled":false},"version":2}},"categories":[1],"tags":[2341,34247,2822,2125],"class_list":["post-151279","post","type-post","status-publish","format-standard","has-post-thumbnail","hentry","category-genel","tag-gaziantepte","tag-halaylarla","tag-kutlandi","tag-mayis"],"jetpack_publicize_connections":[],"jetpack_featured_media_url":"https:\/\/i0.wp.com\/www.tvturk.com\/wp-content\/uploads\/2019\/05\/gaziantepte-1-mayis-halaylarla-kutlandi_6702c95.jpg?fit=1000%2C666","jetpack_sharing_enabled":true,"jetpack_shortlink":"https:\/\/wp.me\/paKIfm-DlZ","_links":{"self":[{"href":"http:\/\/www.tvturk.com\/index.php\/wp-json\/wp\/v2\/posts\/151279","targetHints":{"allow":["GET"]}}],"collection":[{"href":"http:\/\/www.tvturk.com\/index.php\/wp-json\/wp\/v2\/posts"}],"about":[{"href":"http:\/\/www.tvturk.com\/index.php\/wp-json\/wp\/v2\/types\/post"}],"author":[{"embeddable":true,"href":"http:\/\/www.tvturk.com\/index.php\/wp-json\/wp\/v2\/users\/1"}],"replies":[{"embeddable":true,"href":"http:\/\/www.tvturk.com\/index.php\/wp-json\/wp\/v2\/comments?post=151279"}],"version-history":[{"count":0,"href":"http:\/\/www.tvturk.com\/index.php\/wp-json\/wp\/v2\/posts\/151279\/revisions"}],"wp:featuredmedia":[{"embeddable":true,"href":"http:\/\/www.tvturk.com\/index.php\/wp-json\/wp\/v2\/media\/151280"}],"wp:attachment":[{"href":"http:\/\/www.tvturk.com\/index.php\/wp-json\/wp\/v2\/media?parent=151279"}],"wp:term":[{"taxonomy":"category","embeddable":true,"href":"http:\/\/www.tvturk.com\/index.php\/wp-json\/wp\/v2\/categories?post=151279"},{"taxonomy":"post_tag","embeddable":true,"href":"http:\/\/www.tvturk.com\/index.php\/wp-json\/wp\/v2\/tags?post=151279"}],"curies":[{"name":"wp","href":"https:\/\/api.w.org\/{rel}","templated":true}]}}