{"id":151309,"date":"2019-05-01T15:34:11","date_gmt":"2019-05-01T12:34:11","guid":{"rendered":"http:\/\/www.tvturk.com\/index.php\/1-mayis-emek-ve-dayanisma-gunu-artvinde-renkli-kutlandi\/"},"modified":"2019-05-01T15:34:11","modified_gmt":"2019-05-01T12:34:11","slug":"1-mayis-emek-ve-dayanisma-gunu-artvinde-renkli-kutlandi","status":"publish","type":"post","link":"http:\/\/www.tvturk.com\/index.php\/1-mayis-emek-ve-dayanisma-gunu-artvinde-renkli-kutlandi\/","title":{"rendered":"1 May\u0131s Emek ve Dayan\u0131\u015fma G\u00fcn\u00fc, Artvin\u2019de renkli kutland\u0131"},"content":{"rendered":"<p>1 May\u0131s Emek ve Dayan\u0131\u015fma G\u00fcn\u00fc, t\u00fcm yurtta oldu\u011fu gibi Artvin\u2019de de co\u015fkuyla kutland\u0131. Atapark \u00f6n\u00fcnde toplanan gruplar, Cumhuriyet Caddesi\u2019nden flama ve haz\u0131rlad\u0131klar\u0131 d\u00f6vizlerle Halitpa\u015fa Meydan\u0131\u2019na y\u00fcr\u00fcd\u00fc.<\/p>\n<p>Halitpa\u015fa Meydan\u0131\u2019nda ger\u00e7ekle\u015fen etkinli\u011fe D\u0130SK, KESK, CHP, \u00d6DP, Birle\u015fik Haziran Hareketi, Halk Evleri ve 78\u2019liler Derne\u011fi, TMMOB, HAYD\u0130KO, T\u00fcrk Tabipler Birli\u011fi destek verdi. Miting alan\u0131nda konu\u015fan Artvin Belediye Ba\u015fkan\u0131 Demirhan El\u00e7in, &#8220;Bug\u00fcn bizim \u015f\u00f6lenimizdir. Belediye se\u00e7imlerden sonra bahara ula\u015fmam\u0131zd\u0131r, i\u015f\u00e7i bayram\u0131m\u0131zd\u0131r. Sermayeye kapitalizme ba\u015f kald\u0131r\u0131\u015f\u0131m\u0131zd\u0131r\u201d dedi.<\/p>\n<p>Konu\u015fman\u0131n ard\u0131ndan program yerel sanat\u00e7\u0131lar\u0131n sahne ald\u0131\u011f\u0131 konserlerle sona erdi.<\/p>\n","protected":false},"excerpt":{"rendered":"<p>1 MAYIS EMEK VE DAYANI\u015eMA G\u00dcN\u00dc, ARTV\u0130N\u2019DE KUTLANDI<\/p>\n","protected":false},"author":1,"featured_media":151310,"comment_status":"closed","ping_status":"open","sticky":false,"template":"","format":"standard","meta":{"jetpack_post_was_ever_published":false,"_jetpack_newsletter_access":"","_jetpack_dont_email_post_to_subs":false,"_jetpack_newsletter_tier_id":0,"_jetpack_memberships_contains_paywalled_content":false,"_jetpack_memberships_contains_paid_content":false,"footnotes":"","jetpack_publicize_message":"","jetpack_publicize_feature_enabled":true,"jetpack_social_post_already_shared":true,"jetpack_social_options":{"image_generator_settings":{"template":"highway","default_image_id":0,"font":"","enabled":false},"version":2}},"categories":[1],"tags":[20020,2762,19058,85,2822,2125,4128],"class_list":["post-151309","post","type-post","status-publish","format-standard","has-post-thumbnail","hentry","category-genel","tag-artvinde","tag-dayanisma","tag-emek","tag-gunu","tag-kutlandi","tag-mayis","tag-renkli"],"jetpack_publicize_connections":[],"jetpack_featured_media_url":"https:\/\/i0.wp.com\/www.tvturk.com\/wp-content\/uploads\/2019\/05\/1-mayis-emek-ve-dayanisma-gunu-artvinde-renkli-kutlandi_e040464.jpg?fit=1000%2C666","jetpack_sharing_enabled":true,"jetpack_shortlink":"https:\/\/wp.me\/paKIfm-Dmt","_links":{"self":[{"href":"http:\/\/www.tvturk.com\/index.php\/wp-json\/wp\/v2\/posts\/151309","targetHints":{"allow":["GET"]}}],"collection":[{"href":"http:\/\/www.tvturk.com\/index.php\/wp-json\/wp\/v2\/posts"}],"about":[{"href":"http:\/\/www.tvturk.com\/index.php\/wp-json\/wp\/v2\/types\/post"}],"author":[{"embeddable":true,"href":"http:\/\/www.tvturk.com\/index.php\/wp-json\/wp\/v2\/users\/1"}],"replies":[{"embeddable":true,"href":"http:\/\/www.tvturk.com\/index.php\/wp-json\/wp\/v2\/comments?post=151309"}],"version-history":[{"count":0,"href":"http:\/\/www.tvturk.com\/index.php\/wp-json\/wp\/v2\/posts\/151309\/revisions"}],"wp:featuredmedia":[{"embeddable":true,"href":"http:\/\/www.tvturk.com\/index.php\/wp-json\/wp\/v2\/media\/151310"}],"wp:attachment":[{"href":"http:\/\/www.tvturk.com\/index.php\/wp-json\/wp\/v2\/media?parent=151309"}],"wp:term":[{"taxonomy":"category","embeddable":true,"href":"http:\/\/www.tvturk.com\/index.php\/wp-json\/wp\/v2\/categories?post=151309"},{"taxonomy":"post_tag","embeddable":true,"href":"http:\/\/www.tvturk.com\/index.php\/wp-json\/wp\/v2\/tags?post=151309"}],"curies":[{"name":"wp","href":"https:\/\/api.w.org\/{rel}","templated":true}]}}