{"id":151342,"date":"2019-05-01T16:25:05","date_gmt":"2019-05-01T13:25:05","guid":{"rendered":"http:\/\/www.tvturk.com\/index.php\/denizlide-ramazan-pidesi-2-tlden-satilacak\/"},"modified":"2019-05-01T16:25:05","modified_gmt":"2019-05-01T13:25:05","slug":"denizlide-ramazan-pidesi-2-tlden-satilacak","status":"publish","type":"post","link":"http:\/\/www.tvturk.com\/index.php\/denizlide-ramazan-pidesi-2-tlden-satilacak\/","title":{"rendered":"Denizli\u2019de Ramazan pidesi 2 TL\u2019den sat\u0131lacak"},"content":{"rendered":"<p>Denizli\u2019de yakla\u015fan Ramazan ay\u0131nda iftar sofralar\u0131n\u0131n vazge\u00e7ilmezi olan pide bu y\u0131l 2 TL\u2019den sat\u0131lacak.<\/p>\n<p>Denizli F\u0131r\u0131nc\u0131lar Odas\u0131 Ba\u015fkan\u0131 Bekir Karadaban, d\u00fczenledi\u011fi bas\u0131n toplant\u0131s\u0131 ile bu seneki Ramazan pidesi fiyatlar\u0131n\u0131 a\u00e7\u0131klad\u0131. Ge\u00e7ti\u011fimiz y\u0131l 300 graml\u0131k Ramazan pidesinin 1 lira 75 kuru\u015ftan sat\u0131ld\u0131\u011f\u0131n\u0131 hat\u0131rlatan Ba\u015fkan Karadaban, bu sene al\u0131nan 2 TL\u2019lik zam karar\u0131n\u0131n ani al\u0131nan bir karar olmad\u0131\u011f\u0131n\u0131 ve ilgili komisyonlarla g\u00f6r\u00fc\u015f\u00fcld\u00fckten sonra zamm\u0131n yap\u0131ld\u0131\u011f\u0131n\u0131 kaydetti. Un fiyatlar\u0131 ile birlikte hammadde fiyatlar\u0131n\u0131n artt\u0131\u011f\u0131n\u0131 kaydeden Ba\u015fkan Karadaban a\u00e7\u0131klamas\u0131n\u0131 \u015f\u00f6yle s\u00fcrd\u00fcrd\u00fc:<\/p>\n<p>&#8220;Federasyonun ge\u00e7en sene 7 lira 30 kuru\u015f olarak a\u00e7\u0131klad\u0131\u011f\u0131 Ramazan pidesi kilogram fiyat\u0131n\u0131 bu sene 8 lira 50 kuru\u015f olarak a\u00e7\u0131klad\u0131. Aradaki y\u00fczde 16\u2019l\u0131k bir zam g\u00f6r\u00fcn\u00fcyor. Ramazan geldi\u011fi i\u00e7in fiyat y\u00fckseldi, zam yap\u0131ld\u0131 gibi bir alg\u0131 olu\u015fmas\u0131n. 1 y\u0131ll\u0131k s\u00fcre\u00e7te \u00e7ok badirelerden ge\u00e7tik, un ve hammadde fiyatlar\u0131 inan\u0131lmaz y\u00fckseldi. Bu anlamda ilgili bakanl\u0131klar\u0131n devreye girmesi ile un fiyatlar\u0131n\u0131n spek\u00fclatif anlamda y\u00fckseli\u015fleri engellendi. Esnaf\u0131m\u0131z biraz rahat etse de, esnaf ald\u0131\u011f\u0131 unu ekmek \u00fcretiminde tekrar yerine koyam\u0131yordu. Denizli\u2019de bu sene 250 graml\u0131k Ramazan pidesi fiyat\u0131 2 TL. \u00c7evre illere g\u00f6re bir\u00e7ok fiyatlar\u0131 en iyi \u015fekilde de\u011ferlendiriyoruz. Bu zam karar\u0131 anl\u0131k al\u0131nan bir karar de\u011fil. \u00c7evre illere g\u00f6re gramaj olarak da en uygun \u015fekilde fiyat\u0131 ayarlad\u0131k. Ge\u00e7en sene ise 300 graml\u0131k Ramazan pidesi 1 lira 75 kuru\u015ftu. Bu sene 2 TL, bu fiyat\u0131n \u00fczerinde satanlara cezai i\u015flem yapabiliriz ama bunun alt\u0131nda sat\u0131labilir.&#8221;<\/p>\n","protected":false},"excerpt":{"rendered":"<p>DEN\u0130ZL\u0130\u2019DE YAKLA\u015eAN RAMAZAN AYINDA \u0130FTAR SOFRALARININ VAZGE\u00c7\u0130LMEZ\u0130 OLAN P\u0130DE BU YIL 2 TL\u2019DEN SATILACAK.<\/p>\n","protected":false},"author":1,"featured_media":151343,"comment_status":"closed","ping_status":"open","sticky":false,"template":"","format":"standard","meta":{"jetpack_post_was_ever_published":false,"_jetpack_newsletter_access":"","_jetpack_dont_email_post_to_subs":false,"_jetpack_newsletter_tier_id":0,"_jetpack_memberships_contains_paywalled_content":false,"_jetpack_memberships_contains_paid_content":false,"footnotes":"","jetpack_publicize_message":"","jetpack_publicize_feature_enabled":true,"jetpack_social_post_already_shared":true,"jetpack_social_options":{"image_generator_settings":{"template":"highway","default_image_id":0,"font":"","enabled":false},"version":2}},"categories":[19],"tags":[188,33034,28330,1644,1579],"class_list":["post-151342","post","type-post","status-publish","format-standard","has-post-thumbnail","hentry","category-ekonomi","tag-denizlide","tag-pidesi","tag-ramazan","tag-satilacak","tag-tlden"],"jetpack_publicize_connections":[],"jetpack_featured_media_url":"https:\/\/i0.wp.com\/www.tvturk.com\/wp-content\/uploads\/2019\/05\/denizlide-ramazan-pidesi-2-tlden-satilacak_7b63637.jpg?fit=1000%2C666","jetpack_sharing_enabled":true,"jetpack_shortlink":"https:\/\/wp.me\/paKIfm-Dn0","_links":{"self":[{"href":"http:\/\/www.tvturk.com\/index.php\/wp-json\/wp\/v2\/posts\/151342","targetHints":{"allow":["GET"]}}],"collection":[{"href":"http:\/\/www.tvturk.com\/index.php\/wp-json\/wp\/v2\/posts"}],"about":[{"href":"http:\/\/www.tvturk.com\/index.php\/wp-json\/wp\/v2\/types\/post"}],"author":[{"embeddable":true,"href":"http:\/\/www.tvturk.com\/index.php\/wp-json\/wp\/v2\/users\/1"}],"replies":[{"embeddable":true,"href":"http:\/\/www.tvturk.com\/index.php\/wp-json\/wp\/v2\/comments?post=151342"}],"version-history":[{"count":0,"href":"http:\/\/www.tvturk.com\/index.php\/wp-json\/wp\/v2\/posts\/151342\/revisions"}],"wp:featuredmedia":[{"embeddable":true,"href":"http:\/\/www.tvturk.com\/index.php\/wp-json\/wp\/v2\/media\/151343"}],"wp:attachment":[{"href":"http:\/\/www.tvturk.com\/index.php\/wp-json\/wp\/v2\/media?parent=151342"}],"wp:term":[{"taxonomy":"category","embeddable":true,"href":"http:\/\/www.tvturk.com\/index.php\/wp-json\/wp\/v2\/categories?post=151342"},{"taxonomy":"post_tag","embeddable":true,"href":"http:\/\/www.tvturk.com\/index.php\/wp-json\/wp\/v2\/tags?post=151342"}],"curies":[{"name":"wp","href":"https:\/\/api.w.org\/{rel}","templated":true}]}}