{"id":15135,"date":"2019-02-09T12:50:51","date_gmt":"2019-02-09T09:50:51","guid":{"rendered":"http:\/\/www.tvturk.com\/index.php\/camiden-donen-yasli-adam-kamyonetin-carpmasi-sonucu-oldu\/"},"modified":"2019-02-09T12:50:53","modified_gmt":"2019-02-09T09:50:53","slug":"camiden-donen-yasli-adam-kamyonetin-carpmasi-sonucu-oldu","status":"publish","type":"post","link":"http:\/\/www.tvturk.com\/index.php\/camiden-donen-yasli-adam-kamyonetin-carpmasi-sonucu-oldu\/","title":{"rendered":"Camiden d\u00f6nen ya\u015fl\u0131 adam, kamyonetin \u00e7arpmas\u0131 sonucu \u00f6ld\u00fc"},"content":{"rendered":"<p>Karaman\u2019da camiden d\u00f6nen ya\u015fl\u0131 adam kamyonetin \u00e7arpmas\u0131 sonucu ya\u015fam\u0131n\u0131 yitirdi.<\/p>\n<p>Olay, saat 07.30 s\u0131ralar\u0131nda Kiri\u015f\u00e7i Mahallesi Mut Caddesi S\u00f6nmez Kav\u015fa\u011f\u0131\u2019nda meydana geldi. Al\u0131nan bilgiye g\u00f6re, H.T. y\u00f6netimindeki 70 FZ 527 plakal\u0131 kamyonet, yolun kar\u015f\u0131s\u0131na ge\u00e7meye \u00e7al\u0131\u015fan Halil \u0130brahim Badem\u2019e (69) \u00e7arpt\u0131. A\u011f\u0131r yaralanan ya\u015fl\u0131 adam \u00e7evredeki vatanda\u015flar\u0131n \u00e7a\u011f\u0131rd\u0131\u011f\u0131 ambulansla Karaman Devlet Hastanesine kald\u0131r\u0131ld\u0131. Badem, hastanede yap\u0131lan t\u00fcm m\u00fcdahalelere ra\u011fmen kurtar\u0131lamad\u0131.<\/p>\n<p>Halil \u0130brahim Badem\u2019in sabah namaz\u0131 i\u00e7in gitti\u011fi camiden evine d\u00f6nd\u00fc\u011f\u00fc \u00f6\u011frenildi. Kamyonet s\u00fcr\u00fcc\u00fcs\u00fc polis taraf\u0131ndan g\u00f6zalt\u0131na al\u0131n\u0131rken, kazayla ilgili soru\u015fturma ba\u015flat\u0131ld\u0131.<div class=\"tiled-gallery type-rectangular tiled-gallery-unresized\" data-original-width=\"500\" data-carousel-extra='null' itemscope itemtype=\"http:\/\/schema.org\/ImageGallery\" > <div class=\"gallery-row\" style=\"width: 500px; height: 162px;\" data-original-width=\"500\" data-original-height=\"162\" > <div class=\"gallery-group images-1\" style=\"width: 285px; height: 162px;\" data-original-width=\"285\" data-original-height=\"162\" > <div class=\"tiled-gallery-item tiled-gallery-item-large\" itemprop=\"associatedMedia\" itemscope itemtype=\"http:\/\/schema.org\/ImageObject\"> <a href=\"http:\/\/www.tvturk.com\/index.php\/camiden-donen-yasli-adam-kamyonetin-carpmasi-sonucu-oldu\/camiden-donen-yasli-adam-kamyonetin-carpmasi-sonucu-oldu-3\/\" border=\"0\" itemprop=\"url\"> <meta itemprop=\"width\" content=\"281\"> <meta itemprop=\"height\" content=\"158\"> <img decoding=\"async\" class=\"\" data-attachment-id=\"15137\" data-orig-file=\"http:\/\/www.tvturk.com\/wp-content\/uploads\/2019\/02\/camiden-donen-yasli-adam-kamyonetin-carpmasi-sonucu-oldu_3e1d6a7.jpg\" data-orig-size=\"1000,562\" data-comments-opened=\"\" data-image-meta=\"{&quot;aperture&quot;:&quot;0&quot;,&quot;credit&quot;:&quot;IHA&quot;,&quot;camera&quot;:&quot;&quot;,&quot;caption&quot;:&quot;KARAMAN\\u2019DA KAMYONET\\u0130N \\u00c7ARPTI\\u011eI YA\\u015eLI ADAM KALDIRILDI\\u011eI HASTANEDE KURTARILAMAYARAK HAYATINI KAYBETT\\u0130. (MEHMET DA\\u011eLI\\\/KARAMAN-\\u0130HA)&quot;,&quot;created_timestamp&quot;:&quot;0&quot;,&quot;copyright&quot;:&quot;\\u0130HLAS HABER AJANSI, www.iha.com.tr&quot;,&quot;focal_length&quot;:&quot;0&quot;,&quot;iso&quot;:&quot;0&quot;,&quot;shutter_speed&quot;:&quot;0&quot;,&quot;title&quot;:&quot;CAM\\u0130DEN D\\u00d6NEN YA\\u015eLI ADAM, KAMYONET\\u0130N \\u00c7ARPMASI SONUCU \\u00d6LD\\u00dc&quot;,&quot;orientation&quot;:&quot;0&quot;}\" data-image-title=\"Camiden d\u00f6nen ya\u015fl\u0131 adam, kamyonetin \u00e7arpmas\u0131 sonucu \u00f6ld\u00fc\" data-image-description=\"&lt;p&gt;Camiden d\u00f6nen ya\u015fl\u0131 adam, kamyonetin \u00e7arpmas\u0131 sonucu \u00f6ld\u00fc&lt;\/p&gt; \" data-medium-file=\"https:\/\/i0.wp.com\/www.tvturk.com\/wp-content\/uploads\/2019\/02\/camiden-donen-yasli-adam-kamyonetin-carpmasi-sonucu-oldu_3e1d6a7.jpg?fit=300%2C169\" data-large-file=\"https:\/\/i0.wp.com\/www.tvturk.com\/wp-content\/uploads\/2019\/02\/camiden-donen-yasli-adam-kamyonetin-carpmasi-sonucu-oldu_3e1d6a7.jpg?fit=1000%2C562\" src=\"https:\/\/i0.wp.com\/www.tvturk.com\/wp-content\/uploads\/2019\/02\/camiden-donen-yasli-adam-kamyonetin-carpmasi-sonucu-oldu_3e1d6a7.jpg?w=281&#038;h=158\" srcset=\"https:\/\/i0.wp.com\/www.tvturk.com\/wp-content\/uploads\/2019\/02\/camiden-donen-yasli-adam-kamyonetin-carpmasi-sonucu-oldu_3e1d6a7.jpg?w=1000 1000w, https:\/\/i0.wp.com\/www.tvturk.com\/wp-content\/uploads\/2019\/02\/camiden-donen-yasli-adam-kamyonetin-carpmasi-sonucu-oldu_3e1d6a7.jpg?resize=150%2C84 150w, https:\/\/i0.wp.com\/www.tvturk.com\/wp-content\/uploads\/2019\/02\/camiden-donen-yasli-adam-kamyonetin-carpmasi-sonucu-oldu_3e1d6a7.jpg?resize=300%2C169 300w, https:\/\/i0.wp.com\/www.tvturk.com\/wp-content\/uploads\/2019\/02\/camiden-donen-yasli-adam-kamyonetin-carpmasi-sonucu-oldu_3e1d6a7.jpg?resize=768%2C432 768w, https:\/\/i0.wp.com\/www.tvturk.com\/wp-content\/uploads\/2019\/02\/camiden-donen-yasli-adam-kamyonetin-carpmasi-sonucu-oldu_3e1d6a7.jpg?resize=200%2C113 200w\" width=\"281\" height=\"158\" loading=\"lazy\" data-original-width=\"281\" data-original-height=\"158\" itemprop=\"http:\/\/schema.org\/image\" title=\"Camiden d\u00f6nen ya\u015fl\u0131 adam, kamyonetin \u00e7arpmas\u0131 sonucu \u00f6ld\u00fc\" alt=\"Camiden d\u00f6nen ya\u015fl\u0131 adam, kamyonetin \u00e7arpmas\u0131 sonucu \u00f6ld\u00fc\" style=\"width: 281px; height: 158px;\" \/> <\/a> <\/div> <\/div> <!-- close group --> <div class=\"gallery-group images-1\" style=\"width: 215px; height: 162px;\" data-original-width=\"215\" data-original-height=\"162\" > <div class=\"tiled-gallery-item tiled-gallery-item-small\" itemprop=\"associatedMedia\" itemscope itemtype=\"http:\/\/schema.org\/ImageObject\"> <a href=\"http:\/\/www.tvturk.com\/index.php\/camiden-donen-yasli-adam-kamyonetin-carpmasi-sonucu-oldu\/camiden-donen-yasli-adam-kamyonetin-carpmasi-sonucu-oldu-4\/\" border=\"0\" itemprop=\"url\"> <meta itemprop=\"width\" content=\"211\"> <meta itemprop=\"height\" content=\"158\"> <img decoding=\"async\" class=\"\" data-attachment-id=\"15138\" data-orig-file=\"http:\/\/www.tvturk.com\/wp-content\/uploads\/2019\/02\/camiden-donen-yasli-adam-kamyonetin-carpmasi-sonucu-oldu_2a98918.jpg\" data-orig-size=\"1000,750\" data-comments-opened=\"\" data-image-meta=\"{&quot;aperture&quot;:&quot;0&quot;,&quot;credit&quot;:&quot;IHA&quot;,&quot;camera&quot;:&quot;&quot;,&quot;caption&quot;:&quot;KARAMAN\\u2019DA KAMYONET\\u0130N \\u00c7ARPTI\\u011eI YA\\u015eLI ADAM KALDIRILDI\\u011eI HASTANEDE KURTARILAMAYARAK HAYATINI KAYBETT\\u0130. (MEHMET DA\\u011eLI\\\/KARAMAN-\\u0130HA)&quot;,&quot;created_timestamp&quot;:&quot;0&quot;,&quot;copyright&quot;:&quot;\\u0130HLAS HABER AJANSI, www.iha.com.tr&quot;,&quot;focal_length&quot;:&quot;0&quot;,&quot;iso&quot;:&quot;0&quot;,&quot;shutter_speed&quot;:&quot;0&quot;,&quot;title&quot;:&quot;CAM\\u0130DEN D\\u00d6NEN YA\\u015eLI ADAM, KAMYONET\\u0130N \\u00c7ARPMASI SONUCU \\u00d6LD\\u00dc&quot;,&quot;orientation&quot;:&quot;0&quot;}\" data-image-title=\"Camiden d\u00f6nen ya\u015fl\u0131 adam, kamyonetin \u00e7arpmas\u0131 sonucu \u00f6ld\u00fc\" data-image-description=\"&lt;p&gt;Camiden d\u00f6nen ya\u015fl\u0131 adam, kamyonetin \u00e7arpmas\u0131 sonucu \u00f6ld\u00fc&lt;\/p&gt; \" data-medium-file=\"https:\/\/i0.wp.com\/www.tvturk.com\/wp-content\/uploads\/2019\/02\/camiden-donen-yasli-adam-kamyonetin-carpmasi-sonucu-oldu_2a98918.jpg?fit=300%2C225\" data-large-file=\"https:\/\/i0.wp.com\/www.tvturk.com\/wp-content\/uploads\/2019\/02\/camiden-donen-yasli-adam-kamyonetin-carpmasi-sonucu-oldu_2a98918.jpg?fit=1000%2C750\" src=\"https:\/\/i0.wp.com\/www.tvturk.com\/wp-content\/uploads\/2019\/02\/camiden-donen-yasli-adam-kamyonetin-carpmasi-sonucu-oldu_2a98918.jpg?w=211&#038;h=158\" srcset=\"https:\/\/i0.wp.com\/www.tvturk.com\/wp-content\/uploads\/2019\/02\/camiden-donen-yasli-adam-kamyonetin-carpmasi-sonucu-oldu_2a98918.jpg?w=1000 1000w, https:\/\/i0.wp.com\/www.tvturk.com\/wp-content\/uploads\/2019\/02\/camiden-donen-yasli-adam-kamyonetin-carpmasi-sonucu-oldu_2a98918.jpg?resize=150%2C113 150w, https:\/\/i0.wp.com\/www.tvturk.com\/wp-content\/uploads\/2019\/02\/camiden-donen-yasli-adam-kamyonetin-carpmasi-sonucu-oldu_2a98918.jpg?resize=300%2C225 300w, https:\/\/i0.wp.com\/www.tvturk.com\/wp-content\/uploads\/2019\/02\/camiden-donen-yasli-adam-kamyonetin-carpmasi-sonucu-oldu_2a98918.jpg?resize=768%2C576 768w\" width=\"211\" height=\"158\" loading=\"lazy\" data-original-width=\"211\" data-original-height=\"158\" itemprop=\"http:\/\/schema.org\/image\" title=\"Camiden d\u00f6nen ya\u015fl\u0131 adam, kamyonetin \u00e7arpmas\u0131 sonucu \u00f6ld\u00fc\" alt=\"Camiden d\u00f6nen ya\u015fl\u0131 adam, kamyonetin \u00e7arpmas\u0131 sonucu \u00f6ld\u00fc\" style=\"width: 211px; height: 158px;\" \/> <\/a> <\/div> <\/div> <!-- close group --> <\/div> <!-- close row --> <\/div><\/p>\n","protected":false},"excerpt":{"rendered":"<p>KARAMAN\u2019DA KAMYONET\u0130N \u00c7ARPTI\u011eI YA\u015eLI ADAM KALDIRILDI\u011eI HASTANEDE KURTARILAMAYARAK HAYATINI KAYBETT\u0130.<\/p>\n","protected":false},"author":1,"featured_media":15136,"comment_status":"closed","ping_status":"open","sticky":false,"template":"","format":"standard","meta":{"jetpack_post_was_ever_published":false,"_jetpack_newsletter_access":"","_jetpack_dont_email_post_to_subs":false,"_jetpack_newsletter_tier_id":0,"_jetpack_memberships_contains_paywalled_content":false,"_jetpack_memberships_contains_paid_content":false,"footnotes":"","jetpack_publicize_message":"","jetpack_publicize_feature_enabled":true,"jetpack_social_post_already_shared":false,"jetpack_social_options":{"image_generator_settings":{"template":"highway","default_image_id":0,"font":"","enabled":false},"version":2}},"categories":[655],"tags":[5386,5526,7383,6581,7382,77,945,1051],"class_list":["post-15135","post","type-post","status-publish","format-standard","has-post-thumbnail","hentry","category-son-dakika","tag-adam","tag-camiden","tag-carpmasi","tag-donen","tag-kamyonetin","tag-oldu","tag-sonucu","tag-yasli"],"jetpack_publicize_connections":[],"jetpack_featured_media_url":"https:\/\/i0.wp.com\/www.tvturk.com\/wp-content\/uploads\/2019\/02\/camiden-donen-yasli-adam-kamyonetin-carpmasi-sonucu-oldu_227532d.jpg?fit=1000%2C750","jetpack_sharing_enabled":true,"jetpack_shortlink":"https:\/\/wp.me\/paKIfm-3W7","_links":{"self":[{"href":"http:\/\/www.tvturk.com\/index.php\/wp-json\/wp\/v2\/posts\/15135","targetHints":{"allow":["GET"]}}],"collection":[{"href":"http:\/\/www.tvturk.com\/index.php\/wp-json\/wp\/v2\/posts"}],"about":[{"href":"http:\/\/www.tvturk.com\/index.php\/wp-json\/wp\/v2\/types\/post"}],"author":[{"embeddable":true,"href":"http:\/\/www.tvturk.com\/index.php\/wp-json\/wp\/v2\/users\/1"}],"replies":[{"embeddable":true,"href":"http:\/\/www.tvturk.com\/index.php\/wp-json\/wp\/v2\/comments?post=15135"}],"version-history":[{"count":1,"href":"http:\/\/www.tvturk.com\/index.php\/wp-json\/wp\/v2\/posts\/15135\/revisions"}],"predecessor-version":[{"id":15139,"href":"http:\/\/www.tvturk.com\/index.php\/wp-json\/wp\/v2\/posts\/15135\/revisions\/15139"}],"wp:featuredmedia":[{"embeddable":true,"href":"http:\/\/www.tvturk.com\/index.php\/wp-json\/wp\/v2\/media\/15136"}],"wp:attachment":[{"href":"http:\/\/www.tvturk.com\/index.php\/wp-json\/wp\/v2\/media?parent=15135"}],"wp:term":[{"taxonomy":"category","embeddable":true,"href":"http:\/\/www.tvturk.com\/index.php\/wp-json\/wp\/v2\/categories?post=15135"},{"taxonomy":"post_tag","embeddable":true,"href":"http:\/\/www.tvturk.com\/index.php\/wp-json\/wp\/v2\/tags?post=15135"}],"curies":[{"name":"wp","href":"https:\/\/api.w.org\/{rel}","templated":true}]}}