{"id":151472,"date":"2019-05-02T09:37:02","date_gmt":"2019-05-02T06:37:02","guid":{"rendered":"http:\/\/www.tvturk.com\/index.php\/ankara-temali-urun-tasarim-yarismasi-sonuclandi\/"},"modified":"2019-05-02T09:37:02","modified_gmt":"2019-05-02T06:37:02","slug":"ankara-temali-urun-tasarim-yarismasi-sonuclandi","status":"publish","type":"post","link":"http:\/\/www.tvturk.com\/index.php\/ankara-temali-urun-tasarim-yarismasi-sonuclandi\/","title":{"rendered":"Ankara Temal\u0131 \u00dcr\u00fcn Tasar\u0131m Yar\u0131\u015fmas\u0131 sonu\u00e7land\u0131"},"content":{"rendered":"<p>Ankara Kalk\u0131nma Ajans\u0131n\u0131n Ankara\u2019n\u0131n geleneksel el sanatlar\u0131, somut olmayan k\u00fclt\u00fcrel miras\u0131 ve \u015fehir kimli\u011fini yans\u0131tan \u00fcr\u00fcnlerin tasar\u0131m ve \u00fcretimi amac\u0131yla d\u00fczenledi\u011fi \u201c2. Ankara Temal\u0131 \u00dcr\u00fcn Tasar\u0131m Yar\u0131\u015fmas\u0131\u201d sonu\u00e7land\u0131.<\/p>\n<p>Ankara Kalk\u0131nma Ajans\u0131 taraf\u0131ndan K\u00fclt\u00fcr ve Turizm Bakanl\u0131\u011f\u0131 D\u00f6ner Sermaye \u0130\u015fletmesi Merkez M\u00fcd\u00fcrl\u00fc\u011f\u00fc i\u015f birli\u011fiyle d\u00fczenlenen yar\u0131\u015fmada, Ankara\u2019da geleneksel olarak icra edilen el sanatlar\u0131ndan ve b\u00f6lgeye ait malzemelerden faydalanarak modern t\u00fcketicinin ihtiya\u00e7lar\u0131na uygun \u00fcr\u00fcnlerin tasarlanmas\u0131 hedeflendi. Se\u00e7ici kurulunda Ankara Vali Yard\u0131mc\u0131s\u0131 Elif Nur Bozkurt Tando\u011fan, Ankara Kalk\u0131nma Ajans\u0131 Genel Sekreteri Arif \u015eay\u0131k, Ankara Kalk\u0131nma Ajans\u0131 Kurumsal \u0130leti\u015fim Birim Ba\u015fkan Vekili Suat Aybars Erdemli, K\u00fclt\u00fcr ve Turizm Bakanl\u0131\u011f\u0131 D\u00d6S\u0130MM Geleneksel El Sanatlar\u0131 ve Ma\u011fazalar \u0130\u015fletme M\u00fcd\u00fcr\u00fc G\u00fclnur \u0130z Y\u0131lmaz, Ankara \u00dcniversitesi Beypazar\u0131 Meslek Y\u00fcksek Okulu Kuyumculuk ve Tak\u0131 Tasar\u0131m\u0131 Program\u0131 \u00d6\u011fretim \u00dcyesi G\u00fclhan G\u00fcld\u00fcr\u2019\u00fcn yer ald\u0131\u011f\u0131 yar\u0131\u015fmada eserler, tasar\u0131m, \u00fcr\u00fcnlerin tema, kullan\u0131lacak malzeme ya da geleneksel y\u00f6ntem gibi Ankara de\u011ferlerinden en az birine temas etmesi, \u00fcr\u00fcn\u00fcn \u00fcretilebilirli\u011fi, kullan\u0131lan malzemenin uygunlu\u011fu, \u00fcr\u00fcne ili\u015fkin bilgilendirme, \u00fcr\u00fcn\u00fcn yenilik\u00e7ili\u011fi, \u00fcr\u00fcn\u00fcn hikayesi ve kullan\u0131m senaryosu kriterlerine g\u00f6re de\u011ferlendirildi. 22 Mart tarihine kadar ba\u015fvurular\u0131 devam eden yar\u0131\u015fmada toplam 200 ba\u015fvuru al\u0131nd\u0131. Se\u00e7ici kurulun de\u011ferlendirmesi sonucunda Nuray Arl\u0131 birincilik, Metin Onur \u00d6zt\u00fcrk ikincilik, Bet\u00fcl Bilge \u00fc\u00e7\u00fcnc\u00fcl\u00fck \u00f6d\u00fcl\u00fcne lay\u0131k g\u00f6r\u00fcld\u00fc.<\/p>\n","protected":false},"excerpt":{"rendered":"<p>ANKARA KALKINMA AJANSI\u2019NIN, ANKARA\u2019NIN GELENEKSEL EL SANATLARI, SOMUT OLMAYAN K\u00dcLT\u00dcREL M\u0130RASI VE \u015eEH\u0130R K\u0130ML\u0130\u011e\u0130N\u0130 YANSITAN \u00dcR\u00dcNLER\u0130N TASARIM VE \u00dcRET\u0130M\u0130N\u0130 AMA\u00c7LAYAN \u201c2. ANKARA TEMALI \u00dcR\u00dcN TASARIM YARI\u015eMASI\u201d SONU\u00c7LANDI.<\/p>\n","protected":false},"author":1,"featured_media":151473,"comment_status":"closed","ping_status":"open","sticky":false,"template":"","format":"standard","meta":{"jetpack_post_was_ever_published":false,"_jetpack_newsletter_access":"","_jetpack_dont_email_post_to_subs":false,"_jetpack_newsletter_tier_id":0,"_jetpack_memberships_contains_paywalled_content":false,"_jetpack_memberships_contains_paid_content":false,"footnotes":"","jetpack_publicize_message":"","jetpack_publicize_feature_enabled":true,"jetpack_social_post_already_shared":true,"jetpack_social_options":{"image_generator_settings":{"template":"highway","default_image_id":0,"font":"","enabled":false},"version":2}},"categories":[1],"tags":[1475,9127,2455,12735,4337,1650],"class_list":["post-151472","post","type-post","status-publish","format-standard","has-post-thumbnail","hentry","category-genel","tag-ankara","tag-sonuclandi","tag-tasarim","tag-temali","tag-urun","tag-yarismasi"],"jetpack_publicize_connections":[],"jetpack_featured_media_url":"https:\/\/i0.wp.com\/www.tvturk.com\/wp-content\/uploads\/2019\/05\/ankara-temali-urun-tasarim-yarismasi-sonuclandi_6fdf764.jpg?fit=1000%2C998","jetpack_sharing_enabled":true,"jetpack_shortlink":"https:\/\/wp.me\/paKIfm-Dp6","_links":{"self":[{"href":"http:\/\/www.tvturk.com\/index.php\/wp-json\/wp\/v2\/posts\/151472","targetHints":{"allow":["GET"]}}],"collection":[{"href":"http:\/\/www.tvturk.com\/index.php\/wp-json\/wp\/v2\/posts"}],"about":[{"href":"http:\/\/www.tvturk.com\/index.php\/wp-json\/wp\/v2\/types\/post"}],"author":[{"embeddable":true,"href":"http:\/\/www.tvturk.com\/index.php\/wp-json\/wp\/v2\/users\/1"}],"replies":[{"embeddable":true,"href":"http:\/\/www.tvturk.com\/index.php\/wp-json\/wp\/v2\/comments?post=151472"}],"version-history":[{"count":0,"href":"http:\/\/www.tvturk.com\/index.php\/wp-json\/wp\/v2\/posts\/151472\/revisions"}],"wp:featuredmedia":[{"embeddable":true,"href":"http:\/\/www.tvturk.com\/index.php\/wp-json\/wp\/v2\/media\/151473"}],"wp:attachment":[{"href":"http:\/\/www.tvturk.com\/index.php\/wp-json\/wp\/v2\/media?parent=151472"}],"wp:term":[{"taxonomy":"category","embeddable":true,"href":"http:\/\/www.tvturk.com\/index.php\/wp-json\/wp\/v2\/categories?post=151472"},{"taxonomy":"post_tag","embeddable":true,"href":"http:\/\/www.tvturk.com\/index.php\/wp-json\/wp\/v2\/tags?post=151472"}],"curies":[{"name":"wp","href":"https:\/\/api.w.org\/{rel}","templated":true}]}}