{"id":151486,"date":"2019-05-02T09:57:05","date_gmt":"2019-05-02T06:57:05","guid":{"rendered":"http:\/\/www.tvturk.com\/index.php\/ayakli-orkestra-sukru-agziyla-hem-caliyor-hem-soyluyor\/"},"modified":"2019-05-02T09:57:05","modified_gmt":"2019-05-02T06:57:05","slug":"ayakli-orkestra-sukru-agziyla-hem-caliyor-hem-soyluyor","status":"publish","type":"post","link":"http:\/\/www.tvturk.com\/index.php\/ayakli-orkestra-sukru-agziyla-hem-caliyor-hem-soyluyor\/","title":{"rendered":"&#8220;Ayakl\u0131 orkestra \u015e\u00fckr\u00fc&#8221; a\u011fz\u0131yla hem \u00e7al\u0131yor hem s\u00f6yl\u00fcyor"},"content":{"rendered":"<p>Osmaniye\u2019nin Kadirli il\u00e7esinde ya\u015fayan \u015e\u00fckr\u00fc Soysal, her t\u00fcrl\u00fc m\u00fczik aletinin \u00e7\u0131kard\u0131\u011f\u0131 sesi taklit ederek a\u011fz\u0131yla hem \u00e7al\u0131yor hem de \u015fark\u0131 s\u00f6yl\u00fcyor.<\/p>\n<p>40 y\u0131la yak\u0131n bir s\u00fcredir d\u00fc\u011f\u00fcnlerde orkestrac\u0131l\u0131k yapan \u201cAyakl\u0131 orkestra\u201d lakapl\u0131 \u015e\u00fckr\u00fc Soysal, meslek i\u00e7erisinde kazand\u0131\u011f\u0131 bir yetenekle ad\u0131ndan s\u00f6z ettiriyor. T\u00fcm m\u00fczik aletlerinin \u00e7\u0131kard\u0131\u011f\u0131 sesi a\u011fz\u0131yla taklit ederek \u00e7alan \u015e\u00fckr\u00fc Soysal, ayn\u0131 zamanda taklit yaparak \u00e7ald\u0131\u011f\u0131 \u015fark\u0131lar\u0131 s\u00f6yl\u00fcyor. Orkestras\u0131yla gitti\u011fi d\u00fc\u011f\u00fcnler d\u0131\u015f\u0131nda bo\u015f zamanlar\u0131nda kahvehanede oturan Soysal bu yetene\u011fini arkada\u015flar\u0131na sergiliyor hem de onlar\u0131 e\u011flendiriyor.<\/p>\n<p>Askerde komutan\u0131n\u0131n kendisine \u201cAyakl\u0131 orkestra\u201d lakab\u0131n\u0131 takt\u0131\u011f\u0131n\u0131 belirten 50 ya\u015f\u0131ndaki \u015e\u00fckr\u00fc Soysal, \u201c\u00c7evremde de beni bu isimli bilirler. Bana Allah vergisi bir yetenek. A\u011fz\u0131mla t\u00fcm m\u00fczik aletlerini taklit edebilirim. 40 y\u0131ld\u0131r Kadirli\u2019de m\u00fczi\u011fin i\u00e7indeyim. M\u00fczikle ilgili hi\u00e7bir e\u011fitim almad\u0131m. K\u00fc\u00e7\u00fckken evdeki masay\u0131 davul yap\u0131p, mutfak e\u015fyalar\u0131ndan da m\u00fczik aletleri yapar \u00e7alard\u0131m. Bu \u015fekilde kendimi geli\u015ftirdim ve orkestrac\u0131 oldum. \u015eimdi org \u00e7al\u0131yorum\u201d dedi.<\/p>\n<p>Bir g\u00fcn d\u00fc\u011f\u00fcnde elektriklerin kesildi\u011fini ve a\u011fz\u0131yla orkestra \u00e7almaya devam etti\u011fini anlatan \u015e\u00fckr\u00fc Soysal, \u201cHerkes pistte oynarken bir anda elektrikler kesildi. Program\u0131 yar\u0131da kesmemek i\u00e7in oyun havas\u0131 \u015fark\u0131lar\u0131 a\u011fz\u0131mla \u00e7alarak misafirleri oynatt\u0131m\u201d \u015feklinde konu\u015ftu.<\/p>\n<p>\u00c7o\u011fu zaman kahvehanede bu yetene\u011fini arkada\u015flar\u0131na sergileyen \u015e\u00fckr\u00fc Soysal\u2019\u0131n arkada\u015flar\u0131 ise bu durumdan olduk\u00e7a memnun. Kahvehanede \u015e\u00fckr\u00fc Soysal\u2019\u0131n a\u011fz\u0131yla \u00e7al\u0131p s\u00f6yledi\u011fi \u015fark\u0131larla oynay\u0131p stres at\u0131yorlar, ayn\u0131 zamanda \u015fark\u0131lara e\u015flik ediyorlar.<\/p>\n","protected":false},"excerpt":{"rendered":"<p>T\u00dcM M\u00dcZ\u0130K ALETLER\u0130N\u0130N SES\u0130N\u0130 TAKL\u0130T EDEN ADAM A\u011eZIYLA \u015eARKILARI \u00c7ALIYOR AYNI ZAMANDA S\u00d6YL\u00dcYOR.<\/p>\n","protected":false},"author":1,"featured_media":151487,"comment_status":"closed","ping_status":"open","sticky":false,"template":"","format":"standard","meta":{"jetpack_post_was_ever_published":false,"_jetpack_newsletter_access":"","_jetpack_dont_email_post_to_subs":false,"_jetpack_newsletter_tier_id":0,"_jetpack_memberships_contains_paywalled_content":false,"_jetpack_memberships_contains_paid_content":false,"footnotes":"","jetpack_publicize_message":"","jetpack_publicize_feature_enabled":true,"jetpack_social_post_already_shared":true,"jetpack_social_options":{"image_generator_settings":{"template":"highway","default_image_id":0,"font":"","enabled":false},"version":2}},"categories":[1],"tags":[25138,33447,8133,5149,34315,18127,3334],"class_list":["post-151486","post","type-post","status-publish","format-standard","has-post-thumbnail","hentry","category-genel","tag-agziyla","tag-ayakli","tag-caliyor","tag-hem","tag-orkestra","tag-soyluyor","tag-sukru"],"jetpack_publicize_connections":[],"jetpack_featured_media_url":"https:\/\/i0.wp.com\/www.tvturk.com\/wp-content\/uploads\/2019\/05\/ayakli-orkestra-sukru-agziyla-hem-caliyor-hem-soyluyor_f1b1f65.jpg?fit=1000%2C562","jetpack_sharing_enabled":true,"jetpack_shortlink":"https:\/\/wp.me\/paKIfm-Dpk","_links":{"self":[{"href":"http:\/\/www.tvturk.com\/index.php\/wp-json\/wp\/v2\/posts\/151486","targetHints":{"allow":["GET"]}}],"collection":[{"href":"http:\/\/www.tvturk.com\/index.php\/wp-json\/wp\/v2\/posts"}],"about":[{"href":"http:\/\/www.tvturk.com\/index.php\/wp-json\/wp\/v2\/types\/post"}],"author":[{"embeddable":true,"href":"http:\/\/www.tvturk.com\/index.php\/wp-json\/wp\/v2\/users\/1"}],"replies":[{"embeddable":true,"href":"http:\/\/www.tvturk.com\/index.php\/wp-json\/wp\/v2\/comments?post=151486"}],"version-history":[{"count":0,"href":"http:\/\/www.tvturk.com\/index.php\/wp-json\/wp\/v2\/posts\/151486\/revisions"}],"wp:featuredmedia":[{"embeddable":true,"href":"http:\/\/www.tvturk.com\/index.php\/wp-json\/wp\/v2\/media\/151487"}],"wp:attachment":[{"href":"http:\/\/www.tvturk.com\/index.php\/wp-json\/wp\/v2\/media?parent=151486"}],"wp:term":[{"taxonomy":"category","embeddable":true,"href":"http:\/\/www.tvturk.com\/index.php\/wp-json\/wp\/v2\/categories?post=151486"},{"taxonomy":"post_tag","embeddable":true,"href":"http:\/\/www.tvturk.com\/index.php\/wp-json\/wp\/v2\/tags?post=151486"}],"curies":[{"name":"wp","href":"https:\/\/api.w.org\/{rel}","templated":true}]}}