{"id":151549,"date":"2019-05-02T11:03:05","date_gmt":"2019-05-02T08:03:05","guid":{"rendered":"http:\/\/www.tvturk.com\/index.php\/ozel-iki-gunluk-elektrik-kesintisinin-sorumlulugunu-kimse-ustlenmedi\/"},"modified":"2019-05-02T11:03:05","modified_gmt":"2019-05-02T08:03:05","slug":"ozel-iki-gunluk-elektrik-kesintisinin-sorumlulugunu-kimse-ustlenmedi","status":"publish","type":"post","link":"http:\/\/www.tvturk.com\/index.php\/ozel-iki-gunluk-elektrik-kesintisinin-sorumlulugunu-kimse-ustlenmedi\/","title":{"rendered":"(\u00f6zel) \u0130ki g\u00fcnl\u00fck elektrik kesintisinin sorumlulu\u011funu kimse \u00fcstlenmedi"},"content":{"rendered":"<p>Eski\u015fehir\u2019in Odunpazar\u0131 il\u00e7esinde bulunun bir sitede; iddialara g\u00f6re nedeni bilinmeyen bir sebeple ya\u015fanan iki g\u00fcnl\u00fck elektrik kesintisi, vatanda\u015flar\u0131n 10 saatlik kendi \u00e7abas\u0131 ve 2 bin liral\u0131k harcamas\u0131 ile halledildi. \u0130lk olarak vatanda\u015flara \u2019Konu bizi ilgilendirmiyor\u2019 a\u00e7\u0131klamas\u0131 yapan elektrik da\u011f\u0131t\u0131m \u015firketi, daha sonra &#8220;Site sakinlerinin t\u00fcm haklar\u0131 kendilerine iade edilecektir&#8221; a\u00e7\u0131klamas\u0131nda bulundu.<\/p>\n<p>Eski\u015fehir\u2019de Odunpazar\u0131 il\u00e7esine ba\u011fl\u0131 Sarar caddesinde bulunan Ayd\u0131nlar sitesinde ge\u00e7en hafta sonu yakla\u015f\u0131k 48 saatlik bir elektrik kesintisi ya\u015fand\u0131. Be\u015f katl\u0131 3 binan\u0131n bulundu\u011fu sitenin elektrik kesintisiyle ilgili da\u011f\u0131t\u0131m \u015firketine \u015fik\u00e2yette bulunan site sakinleri, \u015firketten sorunlar\u0131n\u0131 \u00e7\u00f6zmeye y\u00f6nelik bir cevap alamad\u0131. Bunun devam\u0131nda sorunun \u015firketi ilgilendirmedi\u011fi ve kendi \u00e7\u00f6z\u00fcmlerini bulmalar\u0131 y\u00f6n\u00fcnde d\u00f6n\u00fc\u015f ald\u0131klar\u0131n\u0131 \u00f6ne s\u00fcren sakinler, \u00e7\u00f6z\u00fcm\u00fc kendi imk\u00e2nlar\u0131yla aramaya koyuldu. Sitenin kar\u015f\u0131s\u0131nda bulunan belediyeye park\u0131n\u0131n i\u00e7erisinden ge\u00e7en elektrik tesisat\u0131 \u00fczerinde \u00e7al\u0131\u015fma ba\u015flatan vatanda\u015flar, sorunu tespit edemedi. Yakla\u015f\u0131k 10 saatlik u\u011fra\u015f sonras\u0131 3 metreye yak\u0131n bir \u00e7ukur kazan vatanda\u015flar, park\u0131n i\u00e7erisinde kendi ba\u015flar\u0131n\u0131n \u00e7aresine bakarken ceplerinden de 2 bin liraya yak\u0131n para harcad\u0131.<\/p>\n<p>\u201cBurada mahsur kald\u0131m\u201d<\/p>\n<p>Buzdolab\u0131ndaki t\u00fcm yiyeceklerin bozuldu\u011funu ve asans\u00f6r \u00e7al\u0131\u015fmad\u0131\u011f\u0131 i\u00e7in apartmanda mahsur kald\u0131klar\u0131n\u0131 aktaran Kadriye Beis, \u201cD\u00fcnden beri elektri\u011fimiz yok, dolaplar\u0131m\u0131z bozuldu. Bir de ya\u015fl\u0131y\u0131z. Evin i\u00e7inde kalk\u0131p gece kalkt\u0131\u011f\u0131m\u0131z zaman korkuyoruz hakikaten d\u00fc\u015fece\u011fim diye. Asans\u00f6r olmay\u0131nca merdivenden de tabi a\u015fa\u011f\u0131 inemiyorum. Burada mahsur kald\u0131m gibi bir \u015fey. Misafirimiz vard\u0131; sabahleyin gittiler, a\u015fa\u011f\u0131 inemedim ben onu yolcu etmek i\u00e7in. Kendileri a\u015fa\u011f\u0131 indiler; araba geldi, gittiler inip \u00e7\u0131kamad\u0131\u011f\u0131m i\u00e7in. Zarar ziyan\u0131 ne yapaca\u011f\u0131z biz? Dolaplar hep bozuldu. Eridi her \u015fey. Bunu nereden aray\u0131p sormam\u0131z laz\u0131m bilemiyoruz biz\u201d \u015feklinde konu\u015ftu.<\/p>\n<p>\u201cBerbat durumda kald\u0131k\u201d<\/p>\n<p>\u0130lerlemi\u015f ya\u015f\u0131na ra\u011fmen 95 ya\u015f\u0131ndaki annesine bakmakta g\u00fc\u00e7l\u00fck \u00e7ekti\u011fini ifade eden Saadet Atl\u0131, ihtiya\u00e7lar\u0131n\u0131 kar\u015f\u0131layamad\u0131klar\u0131n\u0131n alt\u0131n\u0131 \u00e7izdi. Sorunun yetkili insanlar taraf\u0131ndan \u00e7\u00f6z\u00fclmesi gerekti\u011fini belirten Atl\u0131, \u201cNe oldu\u011funu neye u\u011frad\u0131\u011f\u0131m\u0131z\u0131 anlayamad\u0131k. \u00c7ok fena, her taraf berbat durumda kald\u0131k. Lambalar yanm\u0131yor. 95 ya\u015f\u0131nda annem zor y\u00fcr\u00fcyor, y\u00fcr\u00fcyemiyor aralarda. Elektrik olmadan ne yapaca\u011f\u0131z? Ger\u00e7ekten bana da zor oldu. Ben bastonla zor y\u00fcr\u00fcyorum. \u00c7al\u0131\u015fm\u0131yor asans\u00f6rler, bug\u00fcn a\u015fa\u011f\u0131ya inecek, \u00e7\u0131kacak oldum \u00e7\u0131kamad\u0131m. Merdivenlerden inece\u011fim diyor kocam ya\u015fl\u0131 adam, bir \u015feyler gerekti gidecek, gidemiyor. Merdivenden inemiyor e\u015fim, aya\u011f\u0131m kayarsa d\u00fc\u015fersem diye. Buzdolab\u0131 \u00e7al\u0131\u015fm\u0131yor \u00e7ok zor durumday\u0131z. Hala bitmek bilmedi bu. Hadi bir gece yatt\u0131k, tekrar m\u0131 b\u00f6yle yataca\u011f\u0131z. Ger\u00e7ekten \u00e7ok zor oldu. Kendimiz nas\u0131l \u00e7\u00f6zece\u011fiz biz bunu. \u00c7\u00f6zmek i\u00e7in u\u011fra\u015f\u0131yorlar. Kazm\u0131\u015flar, 2 metre kazd\u0131k diyorlar hala biz buna ula\u015famad\u0131k diyorlar. Bunu bilen ki\u015fi, kendileri gelip \u00e7\u00f6zmeleri laz\u0131m bence. Bilmiyorum ki ne olacak bu durum. Bug\u00fcn gece nas\u0131l yataca\u011f\u0131z onu d\u00fc\u015f\u00fcn\u00fcyorum ben. Sorunumuz var, \u00e7\u00f6zen insan yok. Nas\u0131l olacak bu bilmiyorum. Ne olur, l\u00fctfen buna bir \u00e7\u00f6z\u00fcm bulsunlar. Bu olmuyor b\u00f6yle. Bug\u00fcn\u00fcn yar\u0131n\u0131 da var. Ne bileyim bug\u00fcn ak\u015fam\u0131 nas\u0131l ge\u00e7irece\u011fiz? \u00c7ok zor durumday\u0131z ger\u00e7ekten, samimi s\u00f6yl\u00fcyorum\u201d dedi.<\/p>\n<p>&#8220;Site sakinlerinin talebi do\u011frultusunda t\u00fcm haklar\u0131 kendilerine iade edilecektir&#8221;<\/p>\n<p>Elektrik da\u011f\u0131t\u0131m \u015firketinden yap\u0131lan yaz\u0131l\u0131 a\u00e7\u0131klamada ise, &#8220;Site sakinlerinin kesintiye dair ihbar\u0131n\u0131n ard\u0131ndan ekiplerimiz b\u00f6lgeye intikal etmi\u015f olup, ar\u0131zan\u0131n nedeni ara\u015ft\u0131r\u0131lm\u0131\u015ft\u0131r. Gerekli tadilat i\u015fleminin ger\u00e7ekle\u015ftirilebilmesi i\u00e7in 3 metrelik kaz\u0131 yap\u0131lmas\u0131 gerekmi\u015f, bu i\u015flem i\u00e7in de ilgili belediyeden izin al\u0131nmas\u0131 yasal zorunluluk olarak kar\u015f\u0131m\u0131za \u00e7\u0131km\u0131\u015ft\u0131r. Fakat hem t\u00fcketicilerin hem de \u015firketlerin haklar\u0131n\u0131 g\u00fcvence alt\u0131na alan yasal s\u00fcre\u00e7ler devam ederken Ayd\u0131nlar Sitesi sakinleri temin ettikleri elektrik\u00e7i ile s\u00f6z konusu tadilat\u0131 ger\u00e7ekle\u015ftirmi\u015ftir. Prosed\u00fcrler esnas\u0131nda olu\u015fan zaman kayb\u0131n\u0131 daha fazla ya\u015famak istemeyen site sakinlerinin talebi do\u011frultusunda t\u00fcm haklar\u0131 kendilerine iade edilecektir&#8221; ifadelerine yer verildi.<\/p>\n","protected":false},"excerpt":{"rendered":"<p>DA\u011eITIM \u015e\u0130RKET\u0130 VATANDA\u015eI MA\u011eDUR ETT\u0130<\/p>\n","protected":false},"author":1,"featured_media":151550,"comment_status":"closed","ping_status":"open","sticky":false,"template":"","format":"standard","meta":{"jetpack_post_was_ever_published":false,"_jetpack_newsletter_access":"","_jetpack_dont_email_post_to_subs":false,"_jetpack_newsletter_tier_id":0,"_jetpack_memberships_contains_paywalled_content":false,"_jetpack_memberships_contains_paid_content":false,"footnotes":"","jetpack_publicize_message":"","jetpack_publicize_feature_enabled":true,"jetpack_social_post_already_shared":true,"jetpack_social_options":{"image_generator_settings":{"template":"highway","default_image_id":0,"font":"","enabled":false},"version":2}},"categories":[1],"tags":[4581,1073,2689,891,1220,34343,5369,34344],"class_list":["post-151549","post","type-post","status-publish","format-standard","has-post-thumbnail","hentry","category-genel","tag-kimse","tag-ozel","tag-elektrik","tag-gunluk","tag-iki","tag-kesintisinin","tag-sorumlulugunu","tag-ustlenmedi"],"jetpack_publicize_connections":[],"jetpack_featured_media_url":"https:\/\/i0.wp.com\/www.tvturk.com\/wp-content\/uploads\/2019\/05\/ozel-iki-gunluk-elektrik-kesintisinin-sorumlulugunu-kimse-ustlenmedi_7fa078c.jpg?fit=1000%2C666","jetpack_sharing_enabled":true,"jetpack_shortlink":"https:\/\/wp.me\/paKIfm-Dql","_links":{"self":[{"href":"http:\/\/www.tvturk.com\/index.php\/wp-json\/wp\/v2\/posts\/151549","targetHints":{"allow":["GET"]}}],"collection":[{"href":"http:\/\/www.tvturk.com\/index.php\/wp-json\/wp\/v2\/posts"}],"about":[{"href":"http:\/\/www.tvturk.com\/index.php\/wp-json\/wp\/v2\/types\/post"}],"author":[{"embeddable":true,"href":"http:\/\/www.tvturk.com\/index.php\/wp-json\/wp\/v2\/users\/1"}],"replies":[{"embeddable":true,"href":"http:\/\/www.tvturk.com\/index.php\/wp-json\/wp\/v2\/comments?post=151549"}],"version-history":[{"count":0,"href":"http:\/\/www.tvturk.com\/index.php\/wp-json\/wp\/v2\/posts\/151549\/revisions"}],"wp:featuredmedia":[{"embeddable":true,"href":"http:\/\/www.tvturk.com\/index.php\/wp-json\/wp\/v2\/media\/151550"}],"wp:attachment":[{"href":"http:\/\/www.tvturk.com\/index.php\/wp-json\/wp\/v2\/media?parent=151549"}],"wp:term":[{"taxonomy":"category","embeddable":true,"href":"http:\/\/www.tvturk.com\/index.php\/wp-json\/wp\/v2\/categories?post=151549"},{"taxonomy":"post_tag","embeddable":true,"href":"http:\/\/www.tvturk.com\/index.php\/wp-json\/wp\/v2\/tags?post=151549"}],"curies":[{"name":"wp","href":"https:\/\/api.w.org\/{rel}","templated":true}]}}