{"id":151769,"date":"2019-05-02T14:52:13","date_gmt":"2019-05-02T11:52:13","guid":{"rendered":"http:\/\/www.tvturk.com\/index.php\/taksim-aniden-bastiran-saganak-yagisa-teslim-oldu\/"},"modified":"2019-05-02T14:52:13","modified_gmt":"2019-05-02T11:52:13","slug":"taksim-aniden-bastiran-saganak-yagisa-teslim-oldu","status":"publish","type":"post","link":"http:\/\/www.tvturk.com\/index.php\/taksim-aniden-bastiran-saganak-yagisa-teslim-oldu\/","title":{"rendered":"Taksim, aniden bast\u0131ran sa\u011fanak ya\u011f\u0131\u015fa teslim oldu"},"content":{"rendered":"<p>Meteorolojiden yap\u0131lan uyar\u0131lar\u0131n ard\u0131ndan Taksim\u2019de ya\u011f\u0131\u015f ba\u015flad\u0131. Ya\u011fmura haz\u0131rl\u0131ks\u0131z yakalanan vatanda\u015flar, sa\u00e7ak altlar\u0131na s\u0131\u011f\u0131nd\u0131.<\/p>\n<p>Meteoroloji Genel M\u00fcd\u00fcrl\u00fc\u011f\u00fcnden yap\u0131lan uyar\u0131lar\u0131n ard\u0131ndan beklenen ya\u011f\u0131\u015f Taksim\u2019de etkisini sa\u011fanak \u015feklinde g\u00f6sterdi. Aniden ba\u015flayan ya\u011fmura haz\u0131rl\u0131ks\u0131z yakalanan turistler ve vatanda\u015flar sa\u00e7aklar\u0131n alt\u0131na, restoran ve kafelere s\u0131\u011f\u0131nd\u0131. Baz\u0131 vatanda\u015flar ise ya\u011fmurun keyfini \u00e7\u0131kard\u0131.<\/p>\n<p>Meteoroloji Genel M\u00fcd\u00fcrl\u00fc\u011f\u00fc, g\u00fcn i\u00e7erisinde ya\u011f\u0131\u015flar\u0131n devam edece\u011fini duyurdu.<\/p>\n","protected":false},"excerpt":{"rendered":"<p>METEOROLOJ\u0130DEN YAPILAN UYARILARIN ARDINDAN TAKS\u0130M\u2019DE YA\u011eI\u015e BA\u015eLADI. YA\u011eMURA HAZIRLIKSIZ YAKALANAN VATANDA\u015eLAR, SA\u00c7AK ALTLARINA SI\u011eINDI.<\/p>\n","protected":false},"author":1,"featured_media":151770,"comment_status":"closed","ping_status":"open","sticky":false,"template":"","format":"standard","meta":{"jetpack_post_was_ever_published":false,"_jetpack_newsletter_access":"","_jetpack_dont_email_post_to_subs":false,"_jetpack_newsletter_tier_id":0,"_jetpack_memberships_contains_paywalled_content":false,"_jetpack_memberships_contains_paid_content":false,"footnotes":"","jetpack_publicize_message":"","jetpack_publicize_feature_enabled":true,"jetpack_social_post_already_shared":true,"jetpack_social_options":{"image_generator_settings":{"template":"highway","default_image_id":0,"font":"","enabled":false},"version":2}},"categories":[1],"tags":[19506,19507,77,4463,8464,169,34431],"class_list":["post-151769","post","type-post","status-publish","format-standard","has-post-thumbnail","hentry","category-genel","tag-aniden","tag-bastiran","tag-oldu","tag-saganak","tag-taksim","tag-teslim","tag-yagisa"],"jetpack_publicize_connections":[],"jetpack_featured_media_url":"https:\/\/i0.wp.com\/www.tvturk.com\/wp-content\/uploads\/2019\/05\/taksim-aniden-bastiran-saganak-yagisa-teslim-oldu_3069a43.jpg?fit=1000%2C763","jetpack_sharing_enabled":true,"jetpack_shortlink":"https:\/\/wp.me\/paKIfm-DtT","_links":{"self":[{"href":"http:\/\/www.tvturk.com\/index.php\/wp-json\/wp\/v2\/posts\/151769","targetHints":{"allow":["GET"]}}],"collection":[{"href":"http:\/\/www.tvturk.com\/index.php\/wp-json\/wp\/v2\/posts"}],"about":[{"href":"http:\/\/www.tvturk.com\/index.php\/wp-json\/wp\/v2\/types\/post"}],"author":[{"embeddable":true,"href":"http:\/\/www.tvturk.com\/index.php\/wp-json\/wp\/v2\/users\/1"}],"replies":[{"embeddable":true,"href":"http:\/\/www.tvturk.com\/index.php\/wp-json\/wp\/v2\/comments?post=151769"}],"version-history":[{"count":0,"href":"http:\/\/www.tvturk.com\/index.php\/wp-json\/wp\/v2\/posts\/151769\/revisions"}],"wp:featuredmedia":[{"embeddable":true,"href":"http:\/\/www.tvturk.com\/index.php\/wp-json\/wp\/v2\/media\/151770"}],"wp:attachment":[{"href":"http:\/\/www.tvturk.com\/index.php\/wp-json\/wp\/v2\/media?parent=151769"}],"wp:term":[{"taxonomy":"category","embeddable":true,"href":"http:\/\/www.tvturk.com\/index.php\/wp-json\/wp\/v2\/categories?post=151769"},{"taxonomy":"post_tag","embeddable":true,"href":"http:\/\/www.tvturk.com\/index.php\/wp-json\/wp\/v2\/tags?post=151769"}],"curies":[{"name":"wp","href":"https:\/\/api.w.org\/{rel}","templated":true}]}}