{"id":15185,"date":"2019-02-09T12:56:53","date_gmt":"2019-02-09T09:56:53","guid":{"rendered":"http:\/\/www.tvturk.com\/index.php\/ozel-haber-kucuk-kizin-yurumek-icin-ettigi-dua-yurekleri-dagladi\/"},"modified":"2019-02-09T12:56:54","modified_gmt":"2019-02-09T09:56:54","slug":"ozel-haber-kucuk-kizin-yurumek-icin-ettigi-dua-yurekleri-dagladi","status":"publish","type":"post","link":"http:\/\/www.tvturk.com\/index.php\/ozel-haber-kucuk-kizin-yurumek-icin-ettigi-dua-yurekleri-dagladi\/","title":{"rendered":"(\u00d6zel Haber) K\u00fc\u00e7\u00fck k\u0131z\u0131n y\u00fcr\u00fcmek i\u00e7in etti\u011fi dua y\u00fcrekleri da\u011flad\u0131"},"content":{"rendered":"<p>Denizli\u2019de kas, iskelet sistemindeki hastal\u0131ktan dolay\u0131 y\u00fcr\u00fcyemeyen 3 ya\u015f\u0131ndaki Raziye Nur Y\u0131ld\u0131z isimli minik \u00e7ocu\u011fun ad\u0131m atmas\u0131 masraflar\u0131 5 bin TL tutan bir ameliyata ba\u011fl\u0131. Sosyal g\u00fcvencesi olmayan aile \u00e7ocuklar\u0131n\u0131n y\u00fcr\u00fcmesi i\u00e7in kendilerine uzanacak bir yard\u0131m elini bekliyor. Minik k\u0131z y\u00fcr\u00fcmek i\u00e7in ise minicik ellerini semaya a\u00e7arak Allah\u2019a dua ediyor.<\/p>\n<p>Denizli\u2019nin \u00c7ivril il\u00e7esinde ya\u015fayan ve Spina Bifida (do\u011fumdan \u00f6nce omurilikte geli\u015fen bozukluk) hastas\u0131 3 ya\u015f\u0131ndaki Raziye Nur Y\u0131ld\u0131z tedavi olmak i\u00e7in yard\u0131m bekliyor. 3 ya\u015f\u0131nda olmas\u0131na ra\u011fmen do\u011fumundan sonra 8 ameliyat ge\u00e7iren Raziye Nur Y\u0131ld\u0131z\u2019\u0131n annesi Sevim Y\u0131ld\u0131z, k\u0131z\u0131n\u0131n y\u00fcr\u00fcyebilmesi ve sa\u011fl\u0131kl\u0131 bir hayat s\u00fcrmesini istiyor. Y\u0131ld\u0131z ailesinin be\u015finci \u00e7ocu\u011fu olarak d\u00fcnyaya gelen Razi Nur, anne karn\u0131ndayken yakaland\u0131\u011f\u0131 Spina Bifida hastal\u0131\u011f\u0131 nedeniyle ya\u015fad\u0131\u011f\u0131 y\u00fcr\u00fcme zorlu\u011fu, idrar tutamama ve bacaklarda kas zay\u0131fl\u0131\u011f\u0131ndan kurtulmak i\u00e7in hay\u0131rseverlerden yard\u0131m bekliyor. K\u0131z\u0131n\u0131n yeterli tedavi ile y\u00fcr\u00fcyebilece\u011fine ve hayat\u0131n\u0131 devam ettirebilece\u011fine inand\u0131\u011f\u0131n\u0131 belirten anne Sevim Y\u0131ld\u0131z, bunun ekonomik durumlar\u0131na ba\u011fl\u0131 oldu\u011funu aktard\u0131.<\/p>\n<p>Baba 6 ayd\u0131r i\u015fsiz<\/p>\n<p>E\u015finin 6 ayd\u0131r i\u015fsiz oldu\u011funu belirten Sevim Y\u0131ld\u0131z, ekonomik zorluklar\u0131n k\u0131z\u0131n\u0131n hastal\u0131\u011f\u0131n\u0131n tedavisini olumsuz etkiledi\u011fini ifade etti. Y\u0131ld\u0131z, &#8220;Haftada iki kere k\u0131z\u0131m\u0131n e\u011fitimi i\u00e7in Denizli\u2019ye gitmek zorunday\u0131z. Ben \u00e7al\u0131\u015fam\u0131yorum. \u0130la\u00e7 ve tedavi masraflar\u0131n\u0131 kar\u015f\u0131lamak i\u00e7in sosyal g\u00fcvencemiz yok. K\u0131z\u0131m\u0131n raporunun s\u00fcresi doldu\u011fu i\u00e7in engelli maa\u015f\u0131 alam\u0131yoruz. Rapor \u00e7\u0131karmaya ve kontrole gitmek i\u00e7in \u0130zmir\u2019e gitmemiz gerekiyor onun i\u00e7in de en bin lira laz\u0131m. E\u015fim g\u00fcndelik i\u015flerde \u00e7al\u0131\u015f\u0131yor ama o da ancak ev ve Denizli\u2019ye gitme masraflar\u0131na yetiyor. K\u0131z\u0131m\u0131n tedavisi i\u00e7in yard\u0131ma ihtiyac\u0131m\u0131z var&#8221; diye konu\u015ftu.<\/p>\n<p>3 ya\u015f\u0131nda 8 ameliyat oldu<\/p>\n<p>3 ya\u015f\u0131nda olmas\u0131na ra\u011fmen k\u0131z\u0131n\u0131n belinden 2 ve kafas\u0131ndan 6 ameliyat ge\u00e7irdi\u011fini ifade eden Y\u0131ld\u0131z \u015funlar\u0131 s\u00f6yledi:<\/p>\n<p>&#8220;K\u0131z\u0131m omurilik ve kafas\u0131ndan ameliyatlar ge\u00e7irdi. Belindeki sinirler zarar g\u00f6rd\u00fc\u011f\u00fc i\u00e7in tuvaletini yapma gerekti\u011fini hissetmiyor. 4 saatte bir ben sonda ile al\u0131yorum. Do\u011fdu\u011fundan bug\u00fcne kadar 8 ameliyat ge\u00e7irdi. Tuvaletini yapabilmesi i\u00e7in ba\u015f\u0131nda \u015fant var. 6 defa onunla ilgili ameliyat oldu 2 kere de belinden. K\u0131z\u0131m\u0131n y\u00fcr\u00fcme ihtimali var. Yap\u0131lacak kas uzatma ameliyat\u0131 ile k\u0131z\u0131m y\u00fcr\u00fcyebilir onda azim var&#8221; dedi.<\/p>\n<p>\u00d6te yandan, sosyal g\u00fcvencesi olmayan ailenin en k\u00fc\u00e7\u00fck \u00e7ocuklar\u0131 olan minik Raziye\u2019nin y\u00fcr\u00fcyebilmesinin yakla\u015f\u0131k 5 bin TL tutan ameliyat masraflar\u0131na ba\u011fl\u0131 oldu\u011fu \u00f6\u011frenildi.<\/p>\n<p>K\u00fc\u00e7\u00fck k\u0131z y\u00fcr\u00fcmek i\u00e7in Allah\u2019a dua ediyor<\/p>\n<p>Y\u00fczde 76\u2019l\u0131k engelli raporu da bulunan Raziye\u2019nin engelli maa\u015f\u0131n\u0131n ise rapor s\u00fcresi doldu\u011fu i\u00e7in kesildi\u011fi belirtildi. 11 \u015eubat Pazartesi g\u00fcn\u00fc rapor \u00e7\u0131karmak i\u00e7in \u0130zmir\u2019e gidecek aile, yol ve konaklama i\u00e7in ilk etapta bin TL\u2019ye ihtiya\u00e7lar\u0131 oldu\u011funu s\u00f6yledi.<\/p>\n<p>Di\u011fer yandan, 3 ya\u015f\u0131nda olmas\u0131na ra\u011fmen hastal\u0131\u011f\u0131n\u0131n fark\u0131nda olan minik k\u0131z\u0131n rahats\u0131zl\u0131\u011f\u0131ndan kurtulmak i\u00e7in ellerini semaya a\u00e7\u0131p Allah\u2019a dua etmesi ise g\u00f6renleri duyguland\u0131rd\u0131.<div class=\"tiled-gallery type-rectangular tiled-gallery-unresized\" data-original-width=\"500\" data-carousel-extra='null' itemscope itemtype=\"http:\/\/schema.org\/ImageGallery\" > <div class=\"gallery-row\" style=\"width: 500px; height: 283px;\" data-original-width=\"500\" data-original-height=\"283\" > <div class=\"gallery-group images-1\" style=\"width: 500px; height: 283px;\" data-original-width=\"500\" data-original-height=\"283\" > <div class=\"tiled-gallery-item tiled-gallery-item-large\" itemprop=\"associatedMedia\" itemscope itemtype=\"http:\/\/schema.org\/ImageObject\"> <a href=\"http:\/\/www.tvturk.com\/index.php\/ozel-haber-kucuk-kizin-yurumek-icin-ettigi-dua-yurekleri-dagladi\/ozel-haber-kucuk-kizin-yurumek-icin-ettigi-dua-yurekleri-dagladi-3\/\" border=\"0\" itemprop=\"url\"> <meta itemprop=\"width\" content=\"496\"> <meta itemprop=\"height\" content=\"279\"> <img decoding=\"async\" class=\"\" data-attachment-id=\"15187\" data-orig-file=\"http:\/\/www.tvturk.com\/wp-content\/uploads\/2019\/02\/ozel-haber-kucuk-kizin-yurumek-icin-ettigi-dua-yurekleri-dagladi_a7b5dc7.jpg\" data-orig-size=\"1000,562\" data-comments-opened=\"\" data-image-meta=\"{&quot;aperture&quot;:&quot;0&quot;,&quot;credit&quot;:&quot;IHA&quot;,&quot;camera&quot;:&quot;&quot;,&quot;caption&quot;:&quot;DEN\\u0130ZL\\u0130\\u2019DE KAS, \\u0130SKELET S\\u0130STEM\\u0130NDE K\\u0130 HASTALIKTAN DOLAYI Y\\u00dcR\\u00dcYEMEYEN 3 YA\\u015eINDAK\\u0130 RAZ\\u0130YE NUR YILDIZ \\u0130S\\u0130ML\\u0130 M\\u0130N\\u0130K \\u00c7OCU\\u011eUN ADIM ATMASI MASRAFLARI 5 B\\u0130N TL TUTAN B\\u0130R AMEL\\u0130YATA BA\\u011eLI. SOSYAL G\\u00dcVENCES\\u0130 OLMAYAN A\\u0130LE \\u00c7OCUKLARININ Y\\u00dcR\\u00dcMES\\u0130 \\u0130\\u00c7\\u0130N KEND\\u0130LER\\u0130NE UZANACAK B\\u0130R YARDIM EL\\u0130N\\u0130 BEKL\\u0130YOR. M\\u0130N\\u0130K KIZ Y\\u00dcR\\u00dcMEK \\u0130\\u00c7\\u0130N \\u0130SE M\\u0130N\\u0130C\\u0130K ELLER\\u0130N\\u0130 SEMAYA A\\u00c7ARAK ALLAH\\u0027A DUA ED\\u0130YOR. (B\\u00dcLENT \\u00c7AKIR\\\/DEN\\u0130ZL\\u0130-\\u0130HA)&quot;,&quot;created_timestamp&quot;:&quot;0&quot;,&quot;copyright&quot;:&quot;\\u0130HLAS HABER AJANSI, www.iha.com.tr&quot;,&quot;focal_length&quot;:&quot;0&quot;,&quot;iso&quot;:&quot;0&quot;,&quot;shutter_speed&quot;:&quot;0&quot;,&quot;title&quot;:&quot;(\\u00d6ZEL HABER) K\\u00dc\\u00c7\\u00dcK KIZIN Y\\u00dcR\\u00dcMEK \\u0130\\u00c7\\u0130N ETT\\u0130\\u011e\\u0130 DUA Y\\u00dcREKLER\\u0130 DA\\u011eLADI 3 YA\\u015eINDAK\\u0130 \\u00c7OCU\\u011eUN ADIM ATMASI 5 B\\u0130N TL\\u2019YE BA\\u011eLI K\\u00dc\\u00c7\\u00dcK KIZ HASTALI\\u011eINDAN KURTULMAK \\u0130\\u00c7\\u0130N M\\u0130N\\u0130C\\u0130K ELLER\\u0130N\\u0130 SEMAYA A\\u00c7IP ALLAH\\u2019A DUA ED\\u0130YOR DO\\u011eU\\u015eTAN Y\\u00dcR\\u00dcYEMEYEN 3 YA\\u015eINDAK\\u0130 \\u00c7OCUK 8 AMEL\\u0130YAT OLDU \\u015e\\u0130MD\\u0130 Y\\u00dcR\\u00dcMES\\u0130 SON AMEL\\u0130YATA BA\\u011eLI BABASI \\u0130\\u015eS\\u0130Z OLAN K\\u00dc\\u00c7\\u00dcK KIZ MADD\\u0130 \\u0130MKANSIZLIKLARDAN DOLAYI SA\\u011eLIK KONTROL\\u00dc \\u0130\\u00c7\\u0130N \\u015eEH\\u0130R DI\\u015eINA B\\u0130LE G\\u0130DEM\\u0130YOR&quot;,&quot;orientation&quot;:&quot;0&quot;}\" data-image-title=\"(\u00d6zel Haber) K\u00fc\u00e7\u00fck k\u0131z\u0131n y\u00fcr\u00fcmek i\u00e7in etti\u011fi dua y\u00fcrekleri da\u011flad\u0131\" data-image-description=\"&lt;p&gt;(\u00d6zel Haber) K\u00fc\u00e7\u00fck k\u0131z\u0131n y\u00fcr\u00fcmek i\u00e7in etti\u011fi dua y\u00fcrekleri da\u011flad\u0131&lt;\/p&gt; \" data-medium-file=\"https:\/\/i0.wp.com\/www.tvturk.com\/wp-content\/uploads\/2019\/02\/ozel-haber-kucuk-kizin-yurumek-icin-ettigi-dua-yurekleri-dagladi_a7b5dc7.jpg?fit=300%2C169\" data-large-file=\"https:\/\/i0.wp.com\/www.tvturk.com\/wp-content\/uploads\/2019\/02\/ozel-haber-kucuk-kizin-yurumek-icin-ettigi-dua-yurekleri-dagladi_a7b5dc7.jpg?fit=1000%2C562\" src=\"https:\/\/i0.wp.com\/www.tvturk.com\/wp-content\/uploads\/2019\/02\/ozel-haber-kucuk-kizin-yurumek-icin-ettigi-dua-yurekleri-dagladi_a7b5dc7.jpg?w=496&#038;h=279\" srcset=\"https:\/\/i0.wp.com\/www.tvturk.com\/wp-content\/uploads\/2019\/02\/ozel-haber-kucuk-kizin-yurumek-icin-ettigi-dua-yurekleri-dagladi_a7b5dc7.jpg?w=1000 1000w, https:\/\/i0.wp.com\/www.tvturk.com\/wp-content\/uploads\/2019\/02\/ozel-haber-kucuk-kizin-yurumek-icin-ettigi-dua-yurekleri-dagladi_a7b5dc7.jpg?resize=150%2C84 150w, https:\/\/i0.wp.com\/www.tvturk.com\/wp-content\/uploads\/2019\/02\/ozel-haber-kucuk-kizin-yurumek-icin-ettigi-dua-yurekleri-dagladi_a7b5dc7.jpg?resize=300%2C169 300w, https:\/\/i0.wp.com\/www.tvturk.com\/wp-content\/uploads\/2019\/02\/ozel-haber-kucuk-kizin-yurumek-icin-ettigi-dua-yurekleri-dagladi_a7b5dc7.jpg?resize=768%2C432 768w, https:\/\/i0.wp.com\/www.tvturk.com\/wp-content\/uploads\/2019\/02\/ozel-haber-kucuk-kizin-yurumek-icin-ettigi-dua-yurekleri-dagladi_a7b5dc7.jpg?resize=200%2C113 200w\" width=\"496\" height=\"279\" loading=\"lazy\" data-original-width=\"496\" data-original-height=\"279\" itemprop=\"http:\/\/schema.org\/image\" title=\"(\u00d6zel Haber) K\u00fc\u00e7\u00fck k\u0131z\u0131n y\u00fcr\u00fcmek i\u00e7in etti\u011fi dua y\u00fcrekleri da\u011flad\u0131\" alt=\"(\u00d6zel Haber) K\u00fc\u00e7\u00fck k\u0131z\u0131n y\u00fcr\u00fcmek i\u00e7in etti\u011fi dua y\u00fcrekleri da\u011flad\u0131\" style=\"width: 496px; height: 279px;\" \/> <\/a> <\/div> <\/div> <!-- close group --> <\/div> <!-- close row --> <\/div><\/p>\n","protected":false},"excerpt":{"rendered":"<p>DEN\u0130ZL\u0130\u2019DE KAS, \u0130SKELET S\u0130STEM\u0130NDE K\u0130 HASTALIKTAN DOLAYI Y\u00dcR\u00dcYEMEYEN 3 YA\u015eINDAK\u0130 RAZ\u0130YE NUR YILDIZ \u0130S\u0130ML\u0130 M\u0130N\u0130K \u00c7OCU\u011eUN ADIM ATMASI MASRAFLARI 5 B\u0130N TL TUTAN B\u0130R AMEL\u0130YATA BA\u011eLI. SOSYAL G\u00dcVENCES\u0130 OLMAYAN A\u0130LE \u00c7OCUKLARININ Y\u00dcR\u00dcMES\u0130 \u0130\u00c7\u0130N KEND\u0130LER\u0130NE UZANACAK B\u0130R YARDIM EL\u0130N\u0130 BEKL\u0130YOR. M\u0130N\u0130K KIZ Y\u00dcR\u00dcMEK \u0130\u00c7\u0130N \u0130SE M\u0130N\u0130C\u0130K ELLER\u0130N\u0130 SEMAYA A\u00c7ARAK ALLAH&#8217;A DUA ED\u0130YOR.<\/p>\n","protected":false},"author":1,"featured_media":15186,"comment_status":"closed","ping_status":"open","sticky":false,"template":"","format":"standard","meta":{"jetpack_post_was_ever_published":false,"_jetpack_newsletter_access":"","_jetpack_dont_email_post_to_subs":false,"_jetpack_newsletter_tier_id":0,"_jetpack_memberships_contains_paywalled_content":false,"_jetpack_memberships_contains_paid_content":false,"footnotes":"","jetpack_publicize_message":"","jetpack_publicize_feature_enabled":true,"jetpack_social_post_already_shared":false,"jetpack_social_options":{"image_generator_settings":{"template":"highway","default_image_id":0,"font":"","enabled":false},"version":2}},"categories":[655],"tags":[1073,7404,7402,965,1545,44,5906,1166,7403,7401],"class_list":["post-15185","post","type-post","status-publish","format-standard","has-post-thumbnail","hentry","category-son-dakika","tag-ozel","tag-dagladi","tag-dua","tag-ettigi","tag-haber","tag-icin","tag-kizin","tag-kucuk","tag-yurekleri","tag-yurumek"],"jetpack_publicize_connections":[],"jetpack_featured_media_url":"https:\/\/i0.wp.com\/www.tvturk.com\/wp-content\/uploads\/2019\/02\/ozel-haber-kucuk-kizin-yurumek-icin-ettigi-dua-yurekleri-dagladi_074f5b3.jpg?fit=1000%2C562","jetpack_sharing_enabled":true,"jetpack_shortlink":"https:\/\/wp.me\/paKIfm-3WV","_links":{"self":[{"href":"http:\/\/www.tvturk.com\/index.php\/wp-json\/wp\/v2\/posts\/15185","targetHints":{"allow":["GET"]}}],"collection":[{"href":"http:\/\/www.tvturk.com\/index.php\/wp-json\/wp\/v2\/posts"}],"about":[{"href":"http:\/\/www.tvturk.com\/index.php\/wp-json\/wp\/v2\/types\/post"}],"author":[{"embeddable":true,"href":"http:\/\/www.tvturk.com\/index.php\/wp-json\/wp\/v2\/users\/1"}],"replies":[{"embeddable":true,"href":"http:\/\/www.tvturk.com\/index.php\/wp-json\/wp\/v2\/comments?post=15185"}],"version-history":[{"count":1,"href":"http:\/\/www.tvturk.com\/index.php\/wp-json\/wp\/v2\/posts\/15185\/revisions"}],"predecessor-version":[{"id":15188,"href":"http:\/\/www.tvturk.com\/index.php\/wp-json\/wp\/v2\/posts\/15185\/revisions\/15188"}],"wp:featuredmedia":[{"embeddable":true,"href":"http:\/\/www.tvturk.com\/index.php\/wp-json\/wp\/v2\/media\/15186"}],"wp:attachment":[{"href":"http:\/\/www.tvturk.com\/index.php\/wp-json\/wp\/v2\/media?parent=15185"}],"wp:term":[{"taxonomy":"category","embeddable":true,"href":"http:\/\/www.tvturk.com\/index.php\/wp-json\/wp\/v2\/categories?post=15185"},{"taxonomy":"post_tag","embeddable":true,"href":"http:\/\/www.tvturk.com\/index.php\/wp-json\/wp\/v2\/tags?post=15185"}],"curies":[{"name":"wp","href":"https:\/\/api.w.org\/{rel}","templated":true}]}}