{"id":151854,"date":"2019-05-02T16:26:54","date_gmt":"2019-05-02T13:26:54","guid":{"rendered":"http:\/\/www.tvturk.com\/index.php\/konyaspor-macindaki-gelirler-suralin-ailesine\/"},"modified":"2019-05-02T16:26:54","modified_gmt":"2019-05-02T13:26:54","slug":"konyaspor-macindaki-gelirler-suralin-ailesine","status":"publish","type":"post","link":"http:\/\/www.tvturk.com\/index.php\/konyaspor-macindaki-gelirler-suralin-ailesine\/","title":{"rendered":"Konyaspor ma\u00e7\u0131ndaki gelirler Sural\u2019\u0131n ailesine"},"content":{"rendered":"<p>Aytemiz Alanyaspor Kul\u00fcb\u00fc, pazartesi g\u00fcn\u00fc oynanacak Atiker Konyaspor ma\u00e7\u0131ndan elde edilecek t\u00fcm gelirin \u00fcz\u00fcc\u00fc kazada hayat\u0131n\u0131 kaybeden futbolcu Josef Sural\u2019\u0131n ailesine g\u00f6nderilece\u011fini a\u00e7\u0131klad\u0131.<\/p>\n<p>Aytemiz Alanyaspor Kul\u00fcb\u00fc Ba\u015fkan\u0131 Hasan \u00c7avu\u015fo\u011flu, Alanyaspor Cengiz Aydo\u011fan Tesisleri\u2019nde bas\u0131n toplant\u0131s\u0131 d\u00fczenledi. \u00c7avu\u015fo\u011flu, &#8220;Josef Sural karde\u015fimiz ailemizin her zaman bir par\u00e7as\u0131, ailesi ailemiz olmaya devam edecektir. Pazar g\u00fcn\u00fc 13.30\u2019da defin karar\u0131n\u0131 ald\u0131klar\u0131n\u0131 tebli\u011f ettiler. Biz de in\u015fallah cumartesi g\u00fcn\u00fc gidece\u011fiz. Son g\u00f6revimizi yapaca\u011f\u0131z. Ger\u00e7ekten konu\u015fmak i\u00e7in zorland\u0131\u011f\u0131m\u0131z bir haftaya girdik&#8221; diye konu\u015ftu.<\/p>\n<p>\u201cT\u00fcrk ve d\u00fcnya futbolunda b\u00fcy\u00fck \u00fcz\u00fcnt\u00fcye sebep oldu&#8221;<\/p>\n<p>\u00c7avu\u015fo\u011flu, Sural\u2019\u0131n vefat\u0131ndan dolay\u0131 \u00fcz\u00fcnt\u00fc i\u00e7inde olduklar\u0131n\u0131 belirterek, &#8220;Kayseri deplasman\u0131ndan d\u00f6nerken 7 futbolcumuzun ya\u015fam\u0131\u015f oldu\u011fu trafik kazas\u0131nda ailemizin bir ferdini, Josef Sural\u2019i kaybettik. Onun derin \u00fcz\u00fcnt\u00fcs\u00fc i\u00e7erisindeyiz. Tak\u0131m, y\u00f6netim ve Alanya olarak T\u00fcrk ve d\u00fcnya futbolunda b\u00fcy\u00fck \u00fcz\u00fcnt\u00fcye sebep oldu. Bu anlamda T\u00fcrkiye ve d\u00fcnyan\u0131n her yerinde arayan, ba\u015fsa\u011fl\u0131\u011f\u0131 dileyen, mesaj atanlara te\u015fekk\u00fcr ediyoruz&#8221; \u015feklinde konu\u015ftu.<\/p>\n<p>\u201cFutbolcular Konyaspor ma\u00e7\u0131n\u0131 Sural i\u00e7in oynamak istedi\u201d<\/p>\n<p>Zor bir s\u00fcre\u00e7ten ge\u00e7tiklerini dile getiren \u00c7avu\u015fo\u011flu, &#8220;Kolay atlat\u0131labilecek bir s\u00fcre\u00e7 de\u011fil. Biz futbolcular\u0131m\u0131z\u0131n, kazay\u0131 ya\u015fayan futbolcular\u0131m\u0131z\u0131n hem psikolojik olarak hem de \u00e7e\u015fitli yaralar\u0131n\u0131n olmas\u0131 nedeniyle teknik direkt\u00f6r ve tak\u0131m kaptan\u0131m\u0131zla g\u00f6r\u00fc\u015ft\u00fc\u011f\u00fcm\u00fczde bu hafta futbol oynayacak durumda olmad\u0131klar\u0131n\u0131 ve ma\u00e7\u0131n ertelenmesiyle ilgili bir karar alm\u0131\u015ft\u0131k. D\u00fcn futbolcular\u0131m\u0131z\u0131n ve teknik heyetimizin ba\u015fkanl\u0131\u011f\u0131nda yapm\u0131\u015f oldu\u011fumuz toplant\u0131da futbolcular\u0131m\u0131zla konu\u015ftuk. Toplant\u0131 bitiminden sonra futbolcular\u0131m\u0131z\u0131n kendi aralar\u0131nda bu hafta ertelemek istedi\u011fimiz Konyaspor ma\u00e7\u0131n\u0131 oynamak istediklerini beyan etmeleri \u00fczerine, biz de TFF\u2019ye yapt\u0131\u011f\u0131m\u0131z ba\u015fvuruyu geri \u00e7ekerek m\u00fcsabakan\u0131n oynanmas\u0131 y\u00f6n\u00fcnde karar ald\u0131\u011f\u0131n\u0131 bildirdik. Bununla alakal\u0131 zor da olsa idmana \u00e7\u0131kt\u0131lar. \u0130dman bug\u00fcn de devam edecektir\u201d a\u00e7\u0131klamas\u0131n\u0131 yapt\u0131.<\/p>\n<p>\u201cSural\u2019\u0131n formas\u0131n\u0131 emekliye ay\u0131rd\u0131k\u201d<\/p>\n<p>Futbolcular\u0131n zor da olsa idmana \u00e7\u0131kt\u0131klar\u0131n\u0131 aktaran \u00c7avu\u015fo\u011flu, &#8220;Bundan sonra yap\u0131labilecek bir \u015fey Josef Sural karde\u015fimizi ebediyete u\u011furlamak, formas\u0131n\u0131 da emekliye ay\u0131rd\u0131k. Ailemizin her zaman bir par\u00e7as\u0131, ailesi ailemiz olmaya devam edecektir. Pazar g\u00fcn\u00fc 13.30\u2019da defin karar\u0131n\u0131 ald\u0131klar\u0131n\u0131 tebli\u011f ettiler. Biz de in\u015fallah cumartesi g\u00fcn\u00fc gidece\u011fiz. Son g\u00f6revimizi yapaca\u011f\u0131z. Ger\u00e7ekten konu\u015fmak i\u00e7in zorland\u0131\u011f\u0131m\u0131z bir haftaya girdik. \u00c7ok konu\u015fulacak bir \u015fey de yok. Ama bir \u015feye vurgu yapmak isterim. Pazartesi oynayaca\u011f\u0131m\u0131z, Konyaspor ma\u00e7\u0131yla ilgili Konyaspor y\u00f6netimi, alaca\u011f\u0131m\u0131z kararlar\u0131n her zaman yan\u0131nda olacaklar\u0131n\u0131 defalarca bildirdiler. Kendilerine ve Konyaspor taraftarlar\u0131na ayr\u0131ca te\u015fekk\u00fcr ediyorum. Konya taraftar\u0131m\u0131z\u0131 bekleriz. Burada taraftarlar\u0131ma ve Alanyal\u0131lara seslenmek istiyorum. Konyaspor \u015fehir tak\u0131m\u0131z en yak\u0131n kom\u015fumuz, Antalyaspor ile ama bundan sonra Konyaspor, bizim karde\u015f tak\u0131m\u0131m\u0131zd\u0131r. Bunun da b\u00f6yle bilinmesini isterim. Bug\u00fcne kadar taraftarlar\u0131m\u0131z her zaman yan\u0131m\u0131zda olmu\u015ftur yine de yan\u0131m\u0131zda olacakt\u0131r. Bu hafta oynanacak Konyaspor ma\u00e7\u0131na herkesi bekliyoruz. Burada Sural\u2019in yan\u0131nda olmalar\u0131n\u0131 istiyoruz. Biz ma\u00e7\u0131n neticesinin pe\u015finde de\u011filiz. Bu ma\u00e7lar devam edecektir. Umar\u0131n dost\u00e7a bir ma\u00e7 olacakt\u0131r. Sahadaki netice ne olursa olsun vurgulamak istedi\u011fimiz Antalyaspor ile oldu\u011fu gibi Konyaspor karde\u015f tak\u0131m\u0131m\u0131zd\u0131r. Bunun b\u00f6yle bilinmesini istiyorum. Taraftar\u0131m\u0131z da Alanya da her zaman yan\u0131m\u0131zdad\u0131r. Yapt\u0131\u011f\u0131m\u0131z ve yapaca\u011f\u0131m\u0131z a\u00e7\u0131klamalar\u0131n da yan\u0131nda olacaklard\u0131r\u201d ifadelerini kulland\u0131.<\/p>\n<p>\u201cNe gerekiyorsa elimizden geleni yapaca\u011f\u0131z\u201d<\/p>\n<p>Bir gazetecinin \u2019Sural\u2019\u0131n bonservisinin tamam\u0131 ailesine verilecek mi\u2019 sorusuna da yan\u0131t veren \u00c7avu\u015fo\u011flu, &#8220;\u015eimdi kul\u00fcb\u00fcm\u00fcz ve \u015fahs\u0131m ad\u0131na bir maddi a\u00e7\u0131klama yapmad\u0131k. \u00c7\u00fcnk\u00fc onun ne yeri ne zaman\u0131d\u0131r. Ama biz Alanyaspor olarak her detay\u0131, inceli\u011fini d\u00fc\u015f\u00fcn\u00fcyoruz. Biz de ne gerekiyorsa elimizden geleni yapaca\u011f\u0131z&#8221; dedi.<\/p>\n<p>Alanya M\u00fcft\u00fcl\u00fc\u011f\u00fc\u2019ne \u00c7avu\u015fo\u011flu\u2019ndan tepki<\/p>\n<p>Josef Sural\u2019\u0131n trafik kazas\u0131nda ya\u015fam\u0131n\u0131 yitirdi\u011fi g\u00fcn Alanya M\u00fcft\u00fcl\u00fc\u011f\u00fc\u2019nden M\u00fcsl\u00fcman olmayanlara rahmet okunmayaca\u011f\u0131 y\u00f6n\u00fcndeki tepkilere neden olan payla\u015f\u0131m\u0131n\u0131 da de\u011ferlendiren \u00c7avu\u015fo\u011flu, &#8220;Camia olarak k\u0131zg\u0131n oldu\u011fumuzu, zaten t\u00fcm T\u00fcrkiye de tepkisini g\u00f6sterdi. Bence m\u00fcft\u00fcn\u00fcn b\u00f6yle bir zamanda bu a\u00e7\u0131klamay\u0131 yapmas\u0131n\u0131 do\u011fru bulmuyorum. Tepkimiz koyduk zaten\u201d \u015feklinde konu\u015ftu.<\/p>\n<p>Konya ma\u00e7\u0131ndaki gelirler Sural\u2019\u0131n ailesine<\/p>\n<p>\u00d6te yandan Aytemiz Alanyaspor y\u00f6netimi, pazartesi g\u00fcn\u00fc oynanacak Atiker Konyaspor ma\u00e7\u0131nda elde edilecek t\u00fcm has\u0131lat\u0131 Josef Sural\u2019\u0131n ailesine g\u00f6nderece\u011fini a\u00e7\u0131klad\u0131.<\/p>\n<p>Kul\u00fcpten yap\u0131lan a\u00e7\u0131klamada, &#8220;Y\u00f6netim Kurulumuz, pazartesi g\u00fcn\u00fc oynanacak Atiker Konyaspor ma\u00e7\u0131nda elde edilecek t\u00fcm has\u0131lat\u0131 Josef Sural\u2019\u0131n ailesine g\u00f6nderecek. Ayr\u0131ca teknik heyetimiz ve futbolcular\u0131m\u0131z, \u0130stikbal Mobilya Kayserispor ma\u00e7\u0131n\u0131n beraberlik primi olan 400 bin TL\u2019nin tamam\u0131n\u0131n da Sural\u2019\u0131n ailesine verilmesini kararla\u015ft\u0131rd\u0131. Y\u00f6netim kurulumuz, Sural i\u00e7in sat\u0131\u015fa \u00e7\u0131kar\u0131lacak ti\u015f\u00f6rtlerden elde edilecek geliri de futbolcumuzun ailesine g\u00f6nderecek\u201d denildi.<\/p>\n","protected":false},"excerpt":{"rendered":"<p>AYTEM\u0130Z ALANYASPOR\u2019UN G\u00dcNDEM\u0130N\u0130 DE\u011eERLEND\u0130REN KUL\u00dcP BA\u015eKANI HASAN \u00c7AVU\u015eO\u011eLU,\u201d BUNDAN SONRA YAPILAB\u0130LECEK B\u0130R \u015eEY JOSEF SURAL KARDE\u015e\u0130M\u0130Z\u0130 EBED\u0130YETE, FORMASINI DA EMEKL\u0130YE AYIRDIK.  A\u0130LEM\u0130Z\u0130N HER ZAMAN B\u0130R PAR\u00c7ASI, A\u0130LES\u0130 A\u0130LEM\u0130Z OLMAYA DEVAM EDECEKT\u0130R. BEN DE PAZAR G\u00dcN\u00dc 13.30&#8217;DA DEF\u0130N KARARINI ALDIKLARINI TEBL\u0130\u011e ETT\u0130LER. B\u0130Z DE \u0130N\u015eALLAH CUMARTES\u0130 G\u00dcN\u00dc G\u0130DECE\u011e\u0130Z. SON G\u00d6REV\u0130M\u0130Z\u0130 YAPACA\u011eIZ.  GER\u00c7EKTEN KONU\u015eMAK \u0130\u00c7\u0130N ZORLANDI\u011eIMIZ B\u0130R HAFTAYA G\u0130RD\u0130K\u201d DED\u0130.<\/p>\n","protected":false},"author":1,"featured_media":151855,"comment_status":"closed","ping_status":"open","sticky":false,"template":"","format":"standard","meta":{"jetpack_post_was_ever_published":false,"_jetpack_newsletter_access":"","_jetpack_dont_email_post_to_subs":false,"_jetpack_newsletter_tier_id":0,"_jetpack_memberships_contains_paywalled_content":false,"_jetpack_memberships_contains_paid_content":false,"footnotes":"","jetpack_publicize_message":"","jetpack_publicize_feature_enabled":true,"jetpack_social_post_already_shared":true,"jetpack_social_options":{"image_generator_settings":{"template":"highway","default_image_id":0,"font":"","enabled":false},"version":2}},"categories":[657],"tags":[1213,34447,3505,33638,33746],"class_list":["post-151854","post","type-post","status-publish","format-standard","has-post-thumbnail","hentry","category-spor","tag-ailesine","tag-gelirler","tag-konyaspor","tag-macindaki","tag-suralin"],"jetpack_publicize_connections":[],"jetpack_featured_media_url":"https:\/\/i0.wp.com\/www.tvturk.com\/wp-content\/uploads\/2019\/05\/konyaspor-macindaki-gelirler-suralin-ailesine_29eae7a.jpg?fit=1000%2C666","jetpack_sharing_enabled":true,"jetpack_shortlink":"https:\/\/wp.me\/paKIfm-Dvg","_links":{"self":[{"href":"http:\/\/www.tvturk.com\/index.php\/wp-json\/wp\/v2\/posts\/151854","targetHints":{"allow":["GET"]}}],"collection":[{"href":"http:\/\/www.tvturk.com\/index.php\/wp-json\/wp\/v2\/posts"}],"about":[{"href":"http:\/\/www.tvturk.com\/index.php\/wp-json\/wp\/v2\/types\/post"}],"author":[{"embeddable":true,"href":"http:\/\/www.tvturk.com\/index.php\/wp-json\/wp\/v2\/users\/1"}],"replies":[{"embeddable":true,"href":"http:\/\/www.tvturk.com\/index.php\/wp-json\/wp\/v2\/comments?post=151854"}],"version-history":[{"count":0,"href":"http:\/\/www.tvturk.com\/index.php\/wp-json\/wp\/v2\/posts\/151854\/revisions"}],"wp:featuredmedia":[{"embeddable":true,"href":"http:\/\/www.tvturk.com\/index.php\/wp-json\/wp\/v2\/media\/151855"}],"wp:attachment":[{"href":"http:\/\/www.tvturk.com\/index.php\/wp-json\/wp\/v2\/media?parent=151854"}],"wp:term":[{"taxonomy":"category","embeddable":true,"href":"http:\/\/www.tvturk.com\/index.php\/wp-json\/wp\/v2\/categories?post=151854"},{"taxonomy":"post_tag","embeddable":true,"href":"http:\/\/www.tvturk.com\/index.php\/wp-json\/wp\/v2\/tags?post=151854"}],"curies":[{"name":"wp","href":"https:\/\/api.w.org\/{rel}","templated":true}]}}